{"id":566834,"date":"2025-11-29T14:42:15","date_gmt":"2025-11-29T14:42:15","guid":{"rendered":"https:\/\/www.europesays.com\/fr\/566834\/"},"modified":"2025-11-29T14:42:15","modified_gmt":"2025-11-29T14:42:15","slug":"saint-martin-dheres-a-mon-cine-un-festival-pour-les-tout-petits-du-3-au-7-decembre","status":"publish","type":"post","link":"https:\/\/www.europesays.com\/fr\/566834\/","title":{"rendered":"Saint-Martin-d\u2019H\u00e8res. \u00c0 Mon Cin\u00e9, un festival pour les tout-petits du 3 au 7\u00a0d\u00e9cembre"},"content":{"rendered":"<p class=\"insetTitle\">Le programme<\/p>\n<p>\u25b6 \u2002 Ernest et C\u00e9lestine , \u00e0 partir de 5 ans, le <strong>mercredi 3\u00a0d\u00e9cembre<\/strong> \u00e0 14\u00a0h\u00a030 et le s <strong>amedi 7\u00a0d\u00e9cembre<\/strong> \u00e0 15 heures (dur\u00e9e\u00a0: 1\u00a0h\u00a016). Projections suivies d\u2019un go\u00fbter.<\/p>\n<p>\u25b6 \u2002 La princesse et le rossignol , \u00e0 partir de 4 ans le <strong>mercredi 3\u00a0d\u00e9cembre<\/strong> \u00e0 16\u00a0h\u00a015 (dur\u00e9e\u00a0: 45 minutes).<\/p>\n<p>\u25b6 \u2002 Premi\u00e8res neiges , \u00e0 partir de 3 ans, le <strong>vendredi 6\u00a0d\u00e9cembre<\/strong> \u00e0 11 heures et le <strong>mardi 23\u00a0d\u00e9cembre<\/strong> \u00e0 16\u00a0h\u00a030 (dur\u00e9e\u00a0: 37 minutes).<\/p>\n<p>\u25b6 \u2002 L\u2019ourse et l\u2019oiseau en avant-premi\u00e8re, \u00e0 partir de 4 ans, le <strong>samedi 6\u00a0d\u00e9cembre<\/strong> \u00e0 15\u00a0h\u00a030 (dur\u00e9e\u00a0: 41 minutes).<\/p>\n<p>\u25b6 \u2002 La grande r\u00eavasion en avant-premi\u00e8re, \u00e0 partir de 3 ans, le <strong>dimanche 7\u00a0d\u00e9cembre<\/strong> \u00e0 11 heures pour un \u201ccin\u00e9 p\u2019tit-d\u00e9j\u201d (dur\u00e9e\u00a0: 45 minutes).<\/p>\n<p>\u25b6 \u2002 La petite fanfare de No\u00ebl , \u00e0 partir de 3 ans, le <strong>mardi 23\u00a0d\u00e9cembre<\/strong> \u00e0 10\u00a0h\u00a030 pour un \u201ccin\u00e9 p\u2019tit-d\u00e9j\u201d (dur\u00e9e\u00a0: 41 minutes).<\/p>\n<p>\u25b6 \u2002 Zootopie 2 , \u00e0 partir de 6 ans, le <strong>mardi 23\u00a0d\u00e9cembre<\/strong> \u00e0 14\u00a0h\u00a015 (dur\u00e9e\u00a0: 1\u00a0h\u00a048).<\/p>\n","protected":false},"excerpt":{"rendered":"Le programme \u25b6 \u2002 Ernest et C\u00e9lestine , \u00e0 partir de 5 ans, le mercredi 3\u00a0d\u00e9cembre \u00e0 14\u00a0h\u00a030&hellip;\n","protected":false},"author":2,"featured_media":566835,"comment_status":"","ping_status":"","sticky":false,"template":"","format":"standard","meta":{"footnotes":""},"categories":[9566],"tags":[1111,11,2430,650,1687,112,1777,674,1011,27,2731,12,25,9448,11264],"class_list":{"0":"post-566834","1":"post","2":"type-post","3":"status-publish","4":"format-standard","5":"has-post-thumbnail","7":"category-grenoble","8":"tag-actu","9":"tag-actualites","10":"tag-auvergne-rhone-alpes","11":"tag-cinema","12":"tag-culture-loisirs","13":"tag-edition-grenoble-agglomeration","14":"tag-eu","15":"tag-europe","16":"tag-fr","17":"tag-france","18":"tag-grenoble","19":"tag-news","20":"tag-republique-francaise","21":"tag-saint-martin-dheres","22":"tag-saint-martin-dheres-bassin"},"share_on_mastodon":{"url":"https:\/\/pubeurope.com\/@fr\/115633516970662057","error":""},"_links":{"self":[{"href":"https:\/\/www.europesays.com\/fr\/wp-json\/wp\/v2\/posts\/566834","targetHints":{"allow":["GET"]}}],"collection":[{"href":"https:\/\/www.europesays.com\/fr\/wp-json\/wp\/v2\/posts"}],"about":[{"href":"https:\/\/www.europesays.com\/fr\/wp-json\/wp\/v2\/types\/post"}],"author":[{"embeddable":true,"href":"https:\/\/www.europesays.com\/fr\/wp-json\/wp\/v2\/users\/2"}],"replies":[{"embeddable":true,"href":"https:\/\/www.europesays.com\/fr\/wp-json\/wp\/v2\/comments?post=566834"}],"version-history":[{"count":0,"href":"https:\/\/www.europesays.com\/fr\/wp-json\/wp\/v2\/posts\/566834\/revisions"}],"wp:featuredmedia":[{"embeddable":true,"href":"https:\/\/www.europesays.com\/fr\/wp-json\/wp\/v2\/media\/566835"}],"wp:attachment":[{"href":"https:\/\/www.europesays.com\/fr\/wp-json\/wp\/v2\/media?parent=566834"}],"wp:term":[{"taxonomy":"category","embeddable":true,"href":"https:\/\/www.europesays.com\/fr\/wp-json\/wp\/v2\/categories?post=566834"},{"taxonomy":"post_tag","embeddable":true,"href":"https:\/\/www.europesays.com\/fr\/wp-json\/wp\/v2\/tags?post=566834"}],"curies":[{"name":"wp","href":"https:\/\/api.w.org\/{rel}","templated":true}]}}