{"id":566836,"date":"2025-11-29T14:43:14","date_gmt":"2025-11-29T14:43:14","guid":{"rendered":"https:\/\/www.europesays.com\/fr\/566836\/"},"modified":"2025-11-29T14:43:14","modified_gmt":"2025-11-29T14:43:14","slug":"le-gf38-elimine-annecy-et-file-en-32e-de-finale-de-la-coupe-de-france","status":"publish","type":"post","link":"https:\/\/www.europesays.com\/fr\/566836\/","title":{"rendered":"Le GF38 \u00e9limine Annecy et file en 32e de finale de la Coupe de France"},"content":{"rendered":"<p itemprop=\"description\"><strong>Men\u00e9 tr\u00e8s t\u00f4t, mais rapidement avantag\u00e9 par une sup\u00e9riorit\u00e9 num\u00e9rique, Grenoble a remport\u00e9 le derby des Alpes (1-2), et poursuit son parcours en Coupe de France.<\/strong><\/p>\n<p>Le GF38 a parfaitement lanc\u00e9 son week-end en d\u00e9crochant sa qualification \u00e0 Annecy vendredi soir. Surpris par un penalty conc\u00e9d\u00e9 d\u00e8s les premi\u00e8res minutes de jeu, les Is\u00e9rois ont ensuite profit\u00e9 de l\u2019expulsion pr\u00e9coce d\u2019un d\u00e9fenseur ann\u00e9cien pour installer leur jeu.<\/p>\n<p>Avec un joueur de plus pendant l\u2019essentiel du match, Grenoble a peu \u00e0 peu \u00e9touff\u00e9 son adversaire. Apr\u00e8s la pause, la pression is\u00e9roise est r\u00e9compens\u00e9e. Lele Diba remet les deux \u00e9quipes \u00e0 \u00e9galit\u00e9 avec une t\u00eate pr\u00e9cise \u00e0 la conclusion d\u2019un corner, avant que Yadaly Diaby ne donne l\u2019avantage d\u00e9finitif aux visiteurs \u00e0 l\u2019approche de la fin du match, sur une reprise vol\u00e9e conclue avec le plat du pied.<\/p>\n<p>Cette victoire permet au GF38 de se hisser en 32e de finale, avant l\u2019arriv\u00e9e des clubs de Ligue 1 dans la comp\u00e9tition. Le tirage au sort aura lieu lundi 1er d\u00e9cembre dans la soir\u00e9e.<\/p>\n<p>Apr\u00e8s cette qualification, Grenoble doit encha\u00eener et retrouve le championnat vendredi prochain \u00e0 20h pour la r\u00e9ception de Nancy, avant-dernier de Ligue 2.<\/p>\n<blockquote class=\"twitter-tweet\"><p>&#13;<\/p>\n<p dir=\"ltr\" lang=\"fr\">\u23f1 90\u2019 | FCA 1\ufe0f\u20e3-2\ufe0f\u20e3 GF38<\/p>\n<p>VICTOIRREEE !! \ud83d\udd25<\/p>\n<p>Solide d\u00e9fensivement, nos grenoblois arm\u00e9s de Samba et Yadaly ont su changer le cours du match. <\/p>\n<p>Bravo les gars \ud83d\udcaa\ud83d\udc99<a href=\"https:\/\/twitter.com\/hashtag\/FCAGF38?src=hash&amp;ref_src=twsrc%5Etfw\" target=\"_blank\" rel=\"noopener\">#FCAGF38<\/a> <a href=\"https:\/\/t.co\/7roFfqjGdk\">pic.twitter.com\/7roFfqjGdk<\/a><\/p>\n<p>&#13;<br \/>\n\u2014 Grenoble Foot 38 (@GF38_Officiel) <a href=\"https:\/\/twitter.com\/GF38_Officiel\/status\/1994512562747248830?ref_src=twsrc%5Etfw\" target=\"_blank\" rel=\"noopener\">November 28, 2025<\/a><\/p><\/blockquote>\n<p>\t\t  <script async src=\"https:\/\/platform.twitter.com\/widgets.js\" charset=\"utf-8\"><\/script><\/p>\n","protected":false},"excerpt":{"rendered":"Men\u00e9 tr\u00e8s t\u00f4t, mais rapidement avantag\u00e9 par une sup\u00e9riorit\u00e9 num\u00e9rique, Grenoble a remport\u00e9 le derby des Alpes (1-2),&hellip;\n","protected":false},"author":2,"featured_media":566837,"comment_status":"","ping_status":"","sticky":false,"template":"","format":"standard","meta":{"footnotes":""},"categories":[9566],"tags":[1111,11,2813,2430,1109,251,1112,2811,1777,674,118,1011,27,21780,2731,14004,1922,1110,1114,108,12,316,25,2812,517,800],"class_list":{"0":"post-566836","1":"post","2":"type-post","3":"status-publish","4":"format-standard","5":"has-post-thumbnail","7":"category-grenoble","8":"tag-actu","9":"tag-actualites","10":"tag-article","11":"tag-auvergne-rhone-alpes","12":"tag-breves","13":"tag-culture","14":"tag-depeches","15":"tag-economique","16":"tag-eu","17":"tag-europe","18":"tag-faits-divers","19":"tag-fr","20":"tag-france","21":"tag-gf38","22":"tag-grenoble","23":"tag-grenoblemag","24":"tag-info","25":"tag-informations","26":"tag-infos","27":"tag-isere","28":"tag-news","29":"tag-politique","30":"tag-republique-francaise","31":"tag-sociale","32":"tag-sport","33":"tag-transports"},"share_on_mastodon":{"url":"https:\/\/pubeurope.com\/@fr\/115633521618132461","error":""},"_links":{"self":[{"href":"https:\/\/www.europesays.com\/fr\/wp-json\/wp\/v2\/posts\/566836","targetHints":{"allow":["GET"]}}],"collection":[{"href":"https:\/\/www.europesays.com\/fr\/wp-json\/wp\/v2\/posts"}],"about":[{"href":"https:\/\/www.europesays.com\/fr\/wp-json\/wp\/v2\/types\/post"}],"author":[{"embeddable":true,"href":"https:\/\/www.europesays.com\/fr\/wp-json\/wp\/v2\/users\/2"}],"replies":[{"embeddable":true,"href":"https:\/\/www.europesays.com\/fr\/wp-json\/wp\/v2\/comments?post=566836"}],"version-history":[{"count":0,"href":"https:\/\/www.europesays.com\/fr\/wp-json\/wp\/v2\/posts\/566836\/revisions"}],"wp:featuredmedia":[{"embeddable":true,"href":"https:\/\/www.europesays.com\/fr\/wp-json\/wp\/v2\/media\/566837"}],"wp:attachment":[{"href":"https:\/\/www.europesays.com\/fr\/wp-json\/wp\/v2\/media?parent=566836"}],"wp:term":[{"taxonomy":"category","embeddable":true,"href":"https:\/\/www.europesays.com\/fr\/wp-json\/wp\/v2\/categories?post=566836"},{"taxonomy":"post_tag","embeddable":true,"href":"https:\/\/www.europesays.com\/fr\/wp-json\/wp\/v2\/tags?post=566836"}],"curies":[{"name":"wp","href":"https:\/\/api.w.org\/{rel}","templated":true}]}}