{"id":566838,"date":"2025-11-29T14:44:27","date_gmt":"2025-11-29T14:44:27","guid":{"rendered":"https:\/\/www.europesays.com\/fr\/566838\/"},"modified":"2025-11-29T14:44:27","modified_gmt":"2025-11-29T14:44:27","slug":"altergenda-de-decembre-2025-alter1fo","status":"publish","type":"post","link":"https:\/\/www.europesays.com\/fr\/566838\/","title":{"rendered":"Altergenda de d\u00e9cembre 2025 \u2013 Alter1fo"},"content":{"rendered":"<p style=\"text-align: justify;\"><strong>Trans Musicales, Bars en Trans, Off, Off du Off, march\u00e9s de No\u00ebl\u2026 Comme chaque ann\u00e9e, le mois de d\u00e9cembre rennais est un v\u00e9ritable feu d\u2019artifice de propositions musicales et autres. \u00c0 vos agendas, il y a largement de quoi y soigner votre blues de fin d\u2019ann\u00e9e.<\/strong><\/p>\n<p style=\"text-align: center;\"><img fetchpriority=\"high\" decoding=\"async\" class=\"aligncenter size-large wp-image-149820\" src=\"https:\/\/www.europesays.com\/fr\/wp-content\/uploads\/2025\/11\/collage-agenda-Dec-25-500x500.jpg\" alt=\"\" width=\"500\" height=\"500\"  \/><\/p>\n<p>Jusqu\u2019au 4 janvier<\/p>\n<p><img loading=\"lazy\" decoding=\"async\" class=\"size-medium wp-image-149373 alignnone\" src=\"https:\/\/www.europesays.com\/fr\/wp-content\/uploads\/2025\/11\/Capture-decran-2025-10-31-114424-212x300.jpg\"   alt=\"\" width=\"212\" height=\"300\"\/><\/p>\n<ul>\n<li>Deuxi\u00e8me \u00e9dition des rencontres internationales de la photographie <strong>Glaz<br \/><\/strong><a href=\"https:\/\/glaz-festival.com\/\" target=\"_blank\" rel=\"noopener\">Plus d\u2019<strong>1fos<\/strong><\/a><\/li>\n<\/ul>\n<p>Lundi 1er d\u00e9cembre<\/p>\n<p><img loading=\"lazy\" decoding=\"async\" class=\"size-medium wp-image-149766 alignnone\" src=\"https:\/\/www.europesays.com\/fr\/wp-content\/uploads\/2025\/11\/4356_1764004520-500x232.jpg\" alt=\"\" width=\"500\" height=\"232\"  \/><\/p>\n<ul>\n<li>Cin\u00e9-Rencontre : <strong>Grease<\/strong> de <strong>Randal Kleiser\u00a0<\/strong>@ Cin\u00e9ma <strong>Arvor<\/strong><br \/><a href=\"https:\/\/www.cinema-arvor.fr\/evenement\/2193801-cine-rencontre-grease-de-randal-kleiser\" target=\"_blank\" rel=\"noopener\">Plus d\u2019<strong>1fos<\/strong><\/a><\/li>\n<\/ul>\n<p>Mardi 2 d\u00e9cembre<\/p>\n<p><img loading=\"lazy\" decoding=\"async\" class=\"size-medium wp-image-149765 alignnone\" src=\"https:\/\/www.europesays.com\/fr\/wp-content\/uploads\/2025\/11\/4356_1763574624-500x232.jpg\" alt=\"\" width=\"500\" height=\"232\"  \/><\/p>\n<ul>\n<li>Rembobinez ! <strong>Mektoub My Love : Canto Uno<\/strong> d\u2019<strong>Abdellatif Kechiche<\/strong>\u00a0@ Cin\u00e9ma <strong>Arvor<\/strong><br \/><a href=\"https:\/\/www.cinema-arvor.fr\/evenement\/2193781-rembobinez-mektoub-my-love-canto-uno-d-abdellatif-kechiche\" target=\"_blank\" rel=\"noopener\">Plus d\u2019<strong>1fos<\/strong><\/a><\/li>\n<\/ul>\n<p>Du 3 au 7 d\u00e9cembre<\/p>\n<p><img loading=\"lazy\" decoding=\"async\" class=\"alignnone wp-image-149773 size-large\" src=\"https:\/\/www.europesays.com\/fr\/wp-content\/uploads\/2025\/11\/Capture-decran-2025-11-25-221509-353x500.jpg\" alt=\"\" width=\"353\" height=\"500\"  \/><\/p>\n<p><img loading=\"lazy\" decoding=\"async\" class=\"size-medium wp-image-149818 alignnone\" src=\"https:\/\/www.europesays.com\/fr\/wp-content\/uploads\/2025\/11\/585069238_10235270467934744_7740668788864033850_n-500x262.jpg\" alt=\"\" width=\"500\" height=\"262\"  \/><\/p>\n<p>Du 4 au 6 d\u00e9cembre<\/p>\n<p><img loading=\"lazy\" decoding=\"async\" class=\"size-medium wp-image-149772 alignnone\" src=\"https:\/\/www.europesays.com\/fr\/wp-content\/uploads\/2025\/11\/Capture-decran-2025-11-25-221305-500x281.jpg\" alt=\"\" width=\"500\" height=\"281\"  \/><\/p>\n<p>Jeudi 4 d\u00e9cembre<\/p>\n<p><img loading=\"lazy\" decoding=\"async\" class=\"size-medium wp-image-149784 alignnone\" src=\"https:\/\/www.europesays.com\/fr\/wp-content\/uploads\/2025\/11\/579421112_1388867709915229_5485516976677665968_n-500x262.jpg\" alt=\"\" width=\"500\" height=\"262\"  \/><\/p>\n<ul>\n<li><strong>Les jeudis de l\u2019angoisse<\/strong> : <strong>L\u2019\u00e9chelle de Jacob<\/strong> d\u2019<strong>Adrian Lyne<\/strong> @ Cin\u00e9ma<strong> Arvor<\/strong><br \/><a href=\"https:\/\/www.facebook.com\/events\/1352223963207640\/\" target=\"_blank\" rel=\"noopener\">Plus d\u2019<strong>1fos<\/strong><\/a><\/li>\n<\/ul>\n<p>Vendredi 5 d\u00e9cembre<\/p>\n<p><img loading=\"lazy\" decoding=\"async\" class=\"size-medium wp-image-149770 alignnone\" src=\"https:\/\/www.europesays.com\/fr\/wp-content\/uploads\/2025\/11\/4356_1764083684-500x232.jpg\" alt=\"\" width=\"500\" height=\"232\"  \/><\/p>\n<ul>\n<li>Cin\u00e9 rencontres : <strong>Utopie Z\u00e9ro Chomeur<\/strong> de <strong>Claude Baqu\u00e9<\/strong> @ Cin\u00e9ma <strong>Arvor<\/strong><br \/><a href=\"https:\/\/www.cinema-arvor.fr\/evenement\/2194065-utopie-zero-chomeur-de-claude-baque\" target=\"_blank\" rel=\"noopener\">Plus d\u2019<strong>1fos<\/strong><\/a><\/li>\n<li><strong>13th Hole<\/strong> (post-punk de grand classe) @<strong> Bistro de la Cit\u00e9\u00a0<\/strong><br \/><a href=\"https:\/\/www.facebook.com\/events\/1442723810517828\" target=\"_blank\" rel=\"noopener\">Plus d\u2019<strong>1fos<\/strong><\/a><\/li>\n<li><strong>Trans Off<\/strong> : <strong><a href=\"https:\/\/youtu.be\/uzPH-prBmPE?si=9AqzrrX11C7RESPE\" target=\"_blank\" rel=\"noopener\">GOGOJUICE<\/a><\/strong> (shoegaze) et\u00a0 <strong><a href=\"https:\/\/youtu.be\/cHO5WvuhwVE?si=edJAX1YJoSJ9PF0A\" target=\"_blank\" rel=\"noopener\">DELILAH\u2019S DANCE<\/a> <\/strong>(rock progressif) @ <strong>Bar de la plage<br \/><\/strong><a href=\"https:\/\/www.facebook.com\/events\/864663379314115\/\" target=\"_blank\" rel=\"noopener\">Plus d\u2019<strong>1fos<\/strong><\/a><\/li>\n<li><strong>Mass Prod<\/strong>, <strong>Orleone Records<\/strong> pr\u00e9sente C<strong>ave Ne Cadas<\/strong> (crust Rennes) et <strong>Ratas Rabiosas<\/strong> (punk hardcore Br\u00e9sil) @ <strong>Le Marquis de Sade<\/strong><br \/><a href=\"https:\/\/www.facebook.com\/events\/1402058778595418\/\" target=\"_blank\" rel=\"noopener\">Plus d\u2019<strong>1fos<\/strong><\/a><\/li>\n<\/ul>\n<p>Samedi 6 d\u00e9cembre<\/p>\n<p>Dimanche 7 d\u00e9cembre<\/p>\n<p><img loading=\"lazy\" decoding=\"async\" class=\"size-medium wp-image-149764 alignnone\" src=\"https:\/\/www.europesays.com\/fr\/wp-content\/uploads\/2025\/11\/4356_1763129885-500x232.jpg\" alt=\"\" width=\"500\" height=\"232\"  \/><\/p>\n<ul>\n<li><strong>Fievel et le nouveau monde<\/strong> de <strong>Don Bluth<\/strong>\u00a0@ Cin\u00e9ma <strong>Arvor<\/strong><br \/><a href=\"https:\/\/www.cinema-arvor.fr\/evenement\/2193525-fievel-et-le-nouveau-monde-de-don-bluth\" target=\"_blank\" rel=\"noopener\">Plus d\u2019<strong>1fos<\/strong><\/a><\/li>\n<\/ul>\n<p>Du 8 au 12 d\u00e9cembre<\/p>\n<ul>\n<li><strong>\u00a0March\u00e9 de No\u00ebl<\/strong> au caf\u00e9 <strong>Blosn\u2019Up<br \/><\/strong>plus d\u2019<a href=\"https:\/\/metropole.rennes.fr\/agenda\/2025\/marche-de-noel-au-cafe-blosn-up\/\" target=\"_blank\" rel=\"noopener\"><strong>1fos<\/strong><\/a><\/li>\n<\/ul>\n<p>Du 9 au 12 d\u00e9cembre<\/p>\n<p><img loading=\"lazy\" decoding=\"async\" class=\"size-medium wp-image-149810 alignnone\" src=\"https:\/\/www.europesays.com\/fr\/wp-content\/uploads\/2025\/11\/586244973_1439498091509252_2767554744102127736_n-500x188.jpg\" alt=\"\" width=\"500\" height=\"188\"  \/><\/p>\n<ul>\n<li>Semaine d\u2019anniversaire des 10 ans du <strong>Bar de l\u2019Aviation<br \/><a href=\"https:\/\/www.facebook.com\/barde.laviation.3\" target=\"_blank\" rel=\"noopener\">plus d\u20191fos<\/a><\/strong> et d\u00e9tails des festivit\u00e9s dans l\u2019altergenda<\/li>\n<\/ul>\n<p>Du 10 au 14 d\u00e9cembre<\/p>\n<p><img loading=\"lazy\" decoding=\"async\" class=\"size-medium wp-image-149767 alignnone\" src=\"https:\/\/www.europesays.com\/fr\/wp-content\/uploads\/2025\/11\/4356_1764053806-500x166.jpg\" alt=\"\" width=\"500\" height=\"166\"  \/><\/p>\n<ul>\n<li><strong>Regards(s)<\/strong>, Festival de Cin\u00e9ma et Culture Queer de Rennes (2e \u00e9dition)<br \/><a href=\"https:\/\/www.cinema-arvor.fr\/evenement\/2194018-regards-s-festival-de-cinema-et-culture-queer-de-rennes\" target=\"_blank\" rel=\"noopener\">Plus d\u2019<strong>1fos<\/strong><\/a><\/li>\n<\/ul>\n<p>Mardi 9 d\u00e9cembre<\/p>\n<ul>\n<li>\u00a0<strong>15 ans<\/strong> du <strong>Bar de l\u2019Aviation<\/strong> :<strong> En piste Rosie,<\/strong> seul en sc\u00e8ne de <strong>David Perrot<\/strong> et <strong>Thomas Lallement<\/strong><br \/><a href=\"https:\/\/www.facebook.com\/events\/2751975605147281\" target=\"_blank\" rel=\"noopener\">Plus d\u2019<strong>1fos<\/strong><\/a><\/li>\n<\/ul>\n<p>Mercredi 10 d\u00e9cembre<\/p>\n<ul>\n<li><strong>Puggy<\/strong> (Radio Kitchen Tour) Pop Rock @<strong> Antipode<\/strong><br \/><a href=\"https:\/\/antipode-rennes.fr\/agenda\/puggy-radio-kitchen-tour\" target=\"_blank\" rel=\"noopener\">plus d\u2019<strong>1fos<\/strong><\/a><\/li>\n<li><strong>15 ans<\/strong> du <strong>Bar de l\u2019Aviation<\/strong> :<strong> Le quizz de Sister T. et Roni B.<\/strong><br \/><a href=\"https:\/\/www.facebook.com\/events\/1660262558269428\" target=\"_blank\" rel=\"noopener\">Plus d\u2019<strong>1fos<\/strong><\/a><\/li>\n<\/ul>\n<p>Du 11 au 12 d\u00e9cembre<\/p>\n<ul>\n<li>\u00a0March\u00e9 de No\u00ebl des <strong>Ateliers du vent<\/strong> et du <strong>Mur Habit\u00e9<\/strong> @ <strong>Les Ateliers du Vent<\/strong><br \/><a href=\"https:\/\/www.facebook.com\/events\/1521556192431240\" target=\"_blank\" rel=\"noopener\">Plus d\u2019<strong>1fos<\/strong><\/a><\/li>\n<\/ul>\n<p>jeudi 11 d\u00e9cembre<\/p>\n<ul>\n<li><strong>15 ans<\/strong> du <strong>Bar de l\u2019Aviation<\/strong> :<strong> MajNooN <\/strong>DJ set du patron<br \/><a href=\"https:\/\/www.facebook.com\/events\/809096031937873\" target=\"_blank\" rel=\"noopener\">Plus d\u2019<strong>1fos<\/strong><\/a><\/li>\n<\/ul>\n<p>Vendredi 12 d\u00e9cembre<\/p>\n<p>Du 13 au 14 d\u00e9cembre<\/p>\n<p>Samedi 13 d\u00e9cembre<\/p>\n<p>Du 14 au 15 d\u00e9cembre<\/p>\n<p>Dimanche 14 d\u00e9cembre<\/p>\n<p><img loading=\"lazy\" decoding=\"async\" class=\"size-medium wp-image-149769 alignnone\" src=\"https:\/\/www.europesays.com\/fr\/wp-content\/uploads\/2025\/11\/4356_1764080556-500x232.jpg\" alt=\"\" width=\"500\" height=\"232\"  \/><\/p>\n<p><img loading=\"lazy\" decoding=\"async\" class=\"size-medium wp-image-149781 alignnone\" src=\"https:\/\/www.europesays.com\/fr\/wp-content\/uploads\/2025\/11\/586747345_1398889335579733_107137215841552374_n-500x262.jpg\" alt=\"\" width=\"500\" height=\"262\"  \/><\/p>\n<ul>\n<li><strong>Braderie d\u2019affiches<\/strong> @ Cin\u00e9ma <strong><strong>Arvor<br \/><\/strong><\/strong>\n<p>de <strong>10h \u00e0 13h<\/strong> dans le hall du cin\u00e9ma<\/p>\n<p>Tarif : 5\u20ac la petite affiche (60\u00d740) et\u00a010\u20ac la grande affiche (160\u00d7120)<\/p>\n<p>Paiement par esp\u00e8ce uniquement<\/p>\n<\/li>\n<\/ul>\n<p>Lundi 15 d\u00e9cembre<\/p>\n<p><img loading=\"lazy\" decoding=\"async\" class=\"size-medium wp-image-149763 alignnone\" src=\"https:\/\/www.europesays.com\/fr\/wp-content\/uploads\/2025\/11\/4356_1763121512-500x232.jpg\" alt=\"\" width=\"500\" height=\"232\"  \/><\/p>\n<ul>\n<li><strong>Monumental !<\/strong> : <strong>Coup de C\u0153ur<\/strong> de <strong>Francis Ford Coppola<\/strong> @ Cin\u00e9ma <strong>Arvor<\/strong><br \/><a href=\"https:\/\/www.cinema-arvor.fr\/evenement\/2193511-coup-de-coeur-de-francis-ford-coppola\" target=\"_blank\" rel=\"noopener\">Plus d\u2019<strong>1fos<\/strong><\/a><\/li>\n<\/ul>\n<p>Mercredi 17 d\u00e9cembre<\/p>\n<p><img loading=\"lazy\" decoding=\"async\" class=\"size-medium wp-image-149768 alignnone\" src=\"https:\/\/www.europesays.com\/fr\/wp-content\/uploads\/2025\/11\/4356_1764077955-500x232.jpg\" alt=\"\" width=\"500\" height=\"232\"  \/><\/p>\n<ul>\n<li><strong>Cin\u00e9 avec b\u00e9b\u00e9<\/strong> : <strong>L\u2019incroyable femme des neiges<\/strong> de <strong>S\u00e9bastien Betdeber<\/strong>\u00a0@ Cin\u00e9ma <strong>Arvor<\/strong><br \/><a href=\"https:\/\/www.cinema-arvor.fr\/evenement\/2194040-l-incroyable-femme-des-neiges-de-sebastien-betdeber\" target=\"_blank\" rel=\"noopener\">Plus d\u2019<strong>1fos<\/strong><\/a><\/li>\n<\/ul>\n<p>Jeudi 18 d\u00e9cembre<\/p>\n<ul>\n<li><strong>\u00a0La Bambuche de No\u00ebl<\/strong> : <strong>Hazel Anne<\/strong>, <strong>Echo Fantome,<\/strong> <strong>Tomo To!<\/strong> et <strong>Rose Corail<\/strong> @ <strong>Jardin Moderne<\/strong><br \/><a href=\"https:\/\/www.jardinmoderne.org\/agenda\/la-bambuche-de-noel-2\/\" target=\"_blank\" rel=\"noopener\">Plus d\u2019<strong>1fos<\/strong><\/a><\/li>\n<\/ul>\n<p>Samedi 20 d\u00e9cembre<\/p>\n<p><img loading=\"lazy\" decoding=\"async\" class=\"size-medium wp-image-149822 alignnone\" src=\"https:\/\/www.europesays.com\/fr\/wp-content\/uploads\/2025\/11\/DPC73-WEB-574x800-1-215x300.png\" alt=\"\" width=\"215\" height=\"300\"  \/><\/p>\n","protected":false},"excerpt":{"rendered":"Trans Musicales, Bars en Trans, Off, Off du Off, march\u00e9s de No\u00ebl\u2026 Comme chaque ann\u00e9e, le mois de&hellip;\n","protected":false},"author":2,"featured_media":566839,"comment_status":"","ping_status":"","sticky":false,"template":"","format":"standard","meta":{"footnotes":""},"categories":[2821],"tags":[1111,11,829,1777,674,1011,27,12,584,25],"class_list":{"0":"post-566838","1":"post","2":"type-post","3":"status-publish","4":"format-standard","5":"has-post-thumbnail","7":"category-rennes","8":"tag-actu","9":"tag-actualites","10":"tag-bretagne","11":"tag-eu","12":"tag-europe","13":"tag-fr","14":"tag-france","15":"tag-news","16":"tag-rennes","17":"tag-republique-francaise"},"share_on_mastodon":{"url":"https:\/\/pubeurope.com\/@fr\/115633528687612328","error":""},"_links":{"self":[{"href":"https:\/\/www.europesays.com\/fr\/wp-json\/wp\/v2\/posts\/566838","targetHints":{"allow":["GET"]}}],"collection":[{"href":"https:\/\/www.europesays.com\/fr\/wp-json\/wp\/v2\/posts"}],"about":[{"href":"https:\/\/www.europesays.com\/fr\/wp-json\/wp\/v2\/types\/post"}],"author":[{"embeddable":true,"href":"https:\/\/www.europesays.com\/fr\/wp-json\/wp\/v2\/users\/2"}],"replies":[{"embeddable":true,"href":"https:\/\/www.europesays.com\/fr\/wp-json\/wp\/v2\/comments?post=566838"}],"version-history":[{"count":0,"href":"https:\/\/www.europesays.com\/fr\/wp-json\/wp\/v2\/posts\/566838\/revisions"}],"wp:featuredmedia":[{"embeddable":true,"href":"https:\/\/www.europesays.com\/fr\/wp-json\/wp\/v2\/media\/566839"}],"wp:attachment":[{"href":"https:\/\/www.europesays.com\/fr\/wp-json\/wp\/v2\/media?parent=566838"}],"wp:term":[{"taxonomy":"category","embeddable":true,"href":"https:\/\/www.europesays.com\/fr\/wp-json\/wp\/v2\/categories?post=566838"},{"taxonomy":"post_tag","embeddable":true,"href":"https:\/\/www.europesays.com\/fr\/wp-json\/wp\/v2\/tags?post=566838"}],"curies":[{"name":"wp","href":"https:\/\/api.w.org\/{rel}","templated":true}]}}