{"id":566840,"date":"2025-11-29T14:45:24","date_gmt":"2025-11-29T14:45:24","guid":{"rendered":"https:\/\/www.europesays.com\/fr\/566840\/"},"modified":"2025-11-29T14:45:24","modified_gmt":"2025-11-29T14:45:24","slug":"rennes-vetements-dechires-balle-dans-la-jambe-kidnappe-un-homme-abandonne-en-pleine-campagne","status":"publish","type":"post","link":"https:\/\/www.europesays.com\/fr\/566840\/","title":{"rendered":"Rennes : V\u00eatements d\u00e9chir\u00e9s, balle dans la jambe\u2026 Kidnapp\u00e9, un homme abandonn\u00e9 en pleine campagne"},"content":{"rendered":"<p class=\"mb-4 text-lg md:leading-8 break-words\"><strong>Secours &#8211; La victime a trouv\u00e9 refuge chez des riverains, qui ont alert\u00e9 la gendarmerie et les pompiers<\/strong><\/p>\n<p class=\"mb-4 text-lg md:leading-8 break-words\">Il appelait \u00e0 l\u2019aide. Jeudi 27\u00a0novembre, un homme a trouv\u00e9 refuge chez des habitants de Guignen, petite commune situ\u00e9e \u00e0 une petite trentaine de kilom\u00e8tres au sud-ouest de Rennes (Ille-et-Vilaine). D\u2019apr\u00e8s nos confr\u00e8res de Ouest-France, c\u2019est ici que le jeune homme aurait \u00e9t\u00e9 d\u00e9pos\u00e9 par les individus qui l\u2019avaient kidnapp\u00e9. D\u2019apr\u00e8s un t\u00e9moin de la sc\u00e8ne, l\u2019homme \u00e9tait torse nu, les v\u00eatements d\u00e9chir\u00e9s et avait <a href=\"https:\/\/www.ouest-france.fr\/societe\/faits-divers\/il-etait-torse-nu-et-couvert-de-terre-un-homme-kidnappe-et-blesse-par-balle-se-refugie-dans-une-maison-en-bretagne-08e90792-cc74-11f0-82ad-c76f6b87fd49?at_medium=RSS%20feed&amp;at_campaign=ynews&amp;utm_source=yahoo&amp;utm_medium=rss&amp;utm_campaign=news_feed&amp;utm_content=in_article_link\" rel=\"nofollow noopener\" target=\"_blank\" data-ylk=\"slk:\u00e9t\u00e9 bless\u00e9 par balle \u00e0 la jambe;elm:context_link;itc:0;sec:content-canvas\" class=\"link \">\u00e9t\u00e9 bless\u00e9 par balle \u00e0 la jambe<\/a>. Les gendarmes ont \u00e9t\u00e9 appel\u00e9s et les pompiers sont rapidement intervenus pour porter secours \u00e0 la victime.<\/p>\n<p class=\"mb-4 text-lg md:leading-8 break-words\">D\u2019apr\u00e8s nos confr\u00e8res, cet homme avait \u00e9t\u00e9 kidnapp\u00e9 dans le quartier populaire de Villejean, les yeux band\u00e9s, puis transport\u00e9 dans un champ isol\u00e9 de Guignen. C\u2019est ici qu\u2019il aurait \u00e9t\u00e9 frapp\u00e9 \u00e0 de multiples reprises par ses agresseurs, avant de recevoir une balle dans la jambe. La victime aurait eu les yeux band\u00e9s pendant le trajet. Il aurait ensuite trouv\u00e9 refuge chez des habitants apr\u00e8s avoir march\u00e9 pendant environ un kilom\u00e8tre.<\/p>\n<p class=\"mb-4 text-lg md:leading-8 break-words\">Le quartier Villejean est connu pour \u00eatre un haut lieu du trafic de stup\u00e9fiants. Depuis quelques ann\u00e9es, plusieurs r\u00e8glements de compte arm\u00e9s ont \u00e9clat\u00e9. Une fusillade s\u2019\u00e9tait tenue dans <a href=\"https:\/\/www.20minutes.fr\/faits_divers\/faits-divers-rennes\/4149321-20250418-rennes-jeunes-criaient-temoin-fusillade-subway-elu-raconte-violence-scene?at_medium=RSS%20feed&amp;at_campaign=ynews&amp;utm_source=yahoo&amp;utm_medium=rss&amp;utm_campaign=news_feed&amp;utm_content=in_article_link\" rel=\"nofollow noopener\" target=\"_blank\" data-ylk=\"slk:une sandwicherie de la dalle Kennedy;elm:context_link;itc:0;sec:content-canvas\" class=\"link \">une sandwicherie de la dalle Kennedy<\/a>. Plusieurs personnes soup\u00e7onn\u00e9es d\u2019y avoir particip\u00e9 avaient \u00e9t\u00e9 interpell\u00e9es.<\/p>\n<p class=\"mb-4 text-lg md:leading-8 break-words\"><a href=\"https:\/\/www.20minutes.fr\/faits_divers\/4188721-20251129-rennes-vetements-dechires-balle-jambe-kidnappe-homme-abandonne-pleine-campagne?at_medium=RSS%20feed&amp;at_campaign=ynews&amp;utm_source=yahoo&amp;utm_medium=rss&amp;utm_campaign=news_feed&amp;utm_content=read_more_link&quot;\" rel=\"nofollow noopener\" target=\"_blank\" data-ylk=\"slk:Lire la suite sur 20minutes;elm:context_link;itc:0;sec:content-canvas\" class=\"link \">Lire la suite sur 20minutes<\/a><\/p>\n<p>\u00c0 lire aussi :<br \/><a href=\"https:\/\/www.20minutes.fr\/faits_divers\/4187586-20251124-vaucluse-joggeur-blesse-balle-jambe-piste-accident-chasse-privilegiee?at_medium=RSS%20feed&amp;at_campaign=ynews&amp;utm_source=yahoo&amp;utm_medium=rss&amp;utm_campaign=news_feed&amp;utm_content=related_content_link\" rel=\"nofollow noopener\" target=\"_blank\" data-ylk=\"slk:Vaucluse\u00a0: Un joggeur bless\u00e9 par balle \u00e0 la jambe, la piste de l\u2019accident de chasse privil\u00e9gi\u00e9e;elm:context_link;itc:0;sec:content-canvas\" class=\"link \">Vaucluse\u00a0: Un joggeur bless\u00e9 par balle \u00e0 la jambe, la piste de l\u2019accident de chasse privil\u00e9gi\u00e9e<\/a><br \/><a href=\"https:\/\/www.20minutes.fr\/faits_divers\/faits-divers-rennes\/4188389-20251127-rennes-detenu-evade-lors-sortie-planetarium-interpelle-nantes?at_medium=RSS%20feed&amp;at_campaign=ynews&amp;utm_source=yahoo&amp;utm_medium=rss&amp;utm_campaign=news_feed&amp;utm_content=related_content_link\" rel=\"nofollow noopener\" target=\"_blank\" data-ylk=\"slk:Rennes\u00a0: Le d\u00e9tenu \u00e9vad\u00e9 lors d\u2019une sortie au plan\u00e9tarium interpell\u00e9 \u00e0 Nantes;elm:context_link;itc:0;sec:content-canvas\" class=\"link \">Rennes\u00a0: Le d\u00e9tenu \u00e9vad\u00e9 lors d\u2019une sortie au plan\u00e9tarium interpell\u00e9 \u00e0 Nantes<\/a><\/p>\n","protected":false},"excerpt":{"rendered":"Secours &#8211; La victime a trouv\u00e9 refuge chez des riverains, qui ont alert\u00e9 la gendarmerie et les pompiers&hellip;\n","protected":false},"author":2,"featured_media":566841,"comment_status":"","ping_status":"","sticky":false,"template":"","format":"standard","meta":{"footnotes":""},"categories":[2821],"tags":[1111,11,829,1777,674,1011,27,12,584,25],"class_list":{"0":"post-566840","1":"post","2":"type-post","3":"status-publish","4":"format-standard","5":"has-post-thumbnail","7":"category-rennes","8":"tag-actu","9":"tag-actualites","10":"tag-bretagne","11":"tag-eu","12":"tag-europe","13":"tag-fr","14":"tag-france","15":"tag-news","16":"tag-rennes","17":"tag-republique-francaise"},"share_on_mastodon":{"url":"https:\/\/pubeurope.com\/@fr\/115633532989659574","error":""},"_links":{"self":[{"href":"https:\/\/www.europesays.com\/fr\/wp-json\/wp\/v2\/posts\/566840","targetHints":{"allow":["GET"]}}],"collection":[{"href":"https:\/\/www.europesays.com\/fr\/wp-json\/wp\/v2\/posts"}],"about":[{"href":"https:\/\/www.europesays.com\/fr\/wp-json\/wp\/v2\/types\/post"}],"author":[{"embeddable":true,"href":"https:\/\/www.europesays.com\/fr\/wp-json\/wp\/v2\/users\/2"}],"replies":[{"embeddable":true,"href":"https:\/\/www.europesays.com\/fr\/wp-json\/wp\/v2\/comments?post=566840"}],"version-history":[{"count":0,"href":"https:\/\/www.europesays.com\/fr\/wp-json\/wp\/v2\/posts\/566840\/revisions"}],"wp:featuredmedia":[{"embeddable":true,"href":"https:\/\/www.europesays.com\/fr\/wp-json\/wp\/v2\/media\/566841"}],"wp:attachment":[{"href":"https:\/\/www.europesays.com\/fr\/wp-json\/wp\/v2\/media?parent=566840"}],"wp:term":[{"taxonomy":"category","embeddable":true,"href":"https:\/\/www.europesays.com\/fr\/wp-json\/wp\/v2\/categories?post=566840"},{"taxonomy":"post_tag","embeddable":true,"href":"https:\/\/www.europesays.com\/fr\/wp-json\/wp\/v2\/tags?post=566840"}],"curies":[{"name":"wp","href":"https:\/\/api.w.org\/{rel}","templated":true}]}}