{"id":566842,"date":"2025-11-29T14:46:18","date_gmt":"2025-11-29T14:46:18","guid":{"rendered":"https:\/\/www.europesays.com\/fr\/566842\/"},"modified":"2025-11-29T14:46:18","modified_gmt":"2025-11-29T14:46:18","slug":"un-buzzer-sachant-buzzer-et-une-maire-remontee","status":"publish","type":"post","link":"https:\/\/www.europesays.com\/fr\/566842\/","title":{"rendered":"un buzzer sachant buzzer et une maire remont\u00e9e"},"content":{"rendered":"<p>  L\u2019histoire de la semaine.<\/p>\n<p>Si vous n\u2019avez pas vu la s\u00e9quence, <a href=\"https:\/\/www.dna.fr\/culture-loisirs\/2025\/11\/26\/le-bug-du-buzzer-des-illuminations-de-noel-fait-le-buzz\" target=\"_blank\" rel=\"noopener\">elle est magnifique<\/a>. La foule est venue assister vendredi 21\u00a0novembre dernier au lancement des illuminations des Vitrines de Strasbourg \u2013 l\u2019asso de commer\u00e7ants porte l\u2019\u00e9clairage et la c\u00e9r\u00e9monie idoine, \u00e7a a son importance.<\/p>\n<p>La maire <a href=\"https:\/\/www.dna.fr\/p\/jeanne-barseghian\" target=\"_blank\" rel=\"noopener\">Jeanne Barseghian<\/a> (\u00c9cologistes), Gwen Bauer, pr\u00e9sident des Vitrines, Anne Sila, marraine de l\u2019\u00e9v\u00e9nement et d\u2019autres ont lanc\u00e9 le compte \u00e0 rebours. La main sur un beau buzzer rouge. Au moment de d\u00e9clencher, le buzzer s\u2019effondre sous la pression. Tout le monde se marre. <a href=\"https:\/\/www.france.tv\/france-3\/grand-est\/ici-19-20-alsace\/7715484-page-speciale-illuminations-strasbourg.html\" target=\"_blank\" rel=\"noopener\">Feux d\u2019artifice, plan des lumi\u00e8res dans la ville<\/a> , tout roule.<\/p>\n<p>Peu apr\u00e8s la F\u00e9d\u00e9ration Fran\u00e7aise de la Lose, qui c\u00e9l\u00e8bre autant qu\u2019elle moque les d\u00e9faites tricolores, s\u2019empare du sujet pour \u201cLOLer\u201d sur les r\u00e9seaux. Les haters  sautent sur l\u2019occasion\u00a0: la municipalit\u00e9 et la maire prennent cher. Alors qu\u2019ils n\u2019y sont pour rien, ce sont les Vitrines qui \u00e9taient \u00e0 la man\u0153uvre. Et le vrai fail , \u00e7a aurait \u00e9t\u00e9 que tout le reste foire.<\/p>\n<p>Pour m\u00e9moire, c\u2019\u00e9tait arriv\u00e9 il y a quelques ann\u00e9es \u00e0 Roland Ries, au moment d\u2019allumer le grand sapin, place Kl\u00e9ber \u2013 donc pile-poil la partie \u00ab\u00a0Ville\u00a0\u00bb des illuminations. La sono l\u00e2chait \u00e0 r\u00e9p\u00e9tition, il en avait jet\u00e9 le micro par terre. Mais c\u2019\u00e9tait au balbutiement des r\u00e9seaux sociaux\u2026 (\u00c0 l\u2019\u00e9poque o\u00f9 on se parlait sur Facebook comme si on \u00e9tait \u00ab\u00a0entre nous\u00a0\u00bb, preuve qu\u2019on n\u2019avait rien compris au truc).<\/p>\n<p>  L\u2019image de la semaine<\/p>\n<p>Elle date du 15, OK, mais elle a pas mal tourn\u00e9 cette semaine. Et elle se passe vraiment de commentaire. Parce que m\u00eame moi et mon m\u00e8tre quatre vingt-dix, je fais pas le poids face aux 2,08\u00a0m de Ben Gregg.<\/p>\n<p>  L\u2019autre histoire de la semaine<\/p>\n<p>Patrice Schoepff, conseiller municipal d\u00e9l\u00e9gu\u00e9, (ex-) membre de la majorit\u00e9, r\u00e9f\u00e9rent pour l\u2019Esplanade, d\u00e9crit son exp\u00e9rience d\u2019\u00e9lu de proximit\u00e9 <a href=\"https:\/\/www.dna.fr\/elections\/2025\/11\/15\/conseil-municipal-elu-referent-de-l-esplanade-patrice-schoepff-quitte-le-groupe-majoritaire\" target=\"_blank\" rel=\"noopener\">comme \u00ab\u00a0de la maltraitance\u00a0 \u00bb<\/a>. Il l\u2019a dit dans la presse, aux DNA et ailleurs. Barseghian n\u2019a pas appr\u00e9ci\u00e9. Et lui a retir\u00e9 ses d\u00e9l\u00e9gations au terme d\u2019un courrier bien sal\u00e9. O\u00f9 elle rel\u00e8ve notamment que ses propos ne cadrent pas \u00ab\u00a0avec la confiance r\u00e9affirm\u00e9e lors de leurs derniers \u00e9changes\u00a0\u00bb. Et la maire de pointer qu\u2019en termes de timing, c\u2019est bof, \u00ab\u00a0\u00e0 un moment o\u00f9 l\u2019int\u00e9r\u00eat collectif devrait primer sur les calculs personnels\u00a0\u00bb. Qu\u2019a-t-il \u00e0 y gagner me direz-vous\u00a0? Je ne sais pas, une place sur une (autre) liste\u00a0?<\/p>\n<p>  Les retours de la semaine<\/p>\n<p>Jean-Louis Hoerl\u00e9 (LR), maire de Bischheim avait annonc\u00e9 en mars qu\u2019on ne l\u2019y reprendrait plus. Il aura 77 ans en mars prochain. Et le droit de se poser apr\u00e8s \u00ab\u00a042 ann\u00e9es dans l\u2019ex\u00e9cutif de la majorit\u00e9 municipale, comme premier adjoint d\u2019Andr\u00e9 Klein-Mosser, puis, pendant deux mandats, en tant que maire\u00a0\u00bb, rappelle Sophie Weber dans le papier paru ce vendredi\u00a028. Las\u00a0! <a href=\"https:\/\/www.dna.fr\/elections\/2025\/11\/28\/il-cree-la-surprise-a-76-ans-jean-louis-hoerle-a-decide-de-se-representer-a-bischheim\" target=\"_blank\" rel=\"noopener\">il rempile<\/a>. \u00ab\u00a0Je pensais il y a un an que les gens pouvaient avoir besoin de changement, c\u2019est plut\u00f4t l\u2019inverse\u00a0\u00bb, estime-t-il. Verdict sur cette analyse en mars prochain.<\/p>\n<p>Dans un tout autre genre, Patrick Arbogast, candidat dans la premi\u00e8re circo du Bas-Rhin lors de la derni\u00e8re l\u00e9gislative annonce cette semaine qu\u2019il portera haut les couleurs de l\u2019\u00c9cologie au Centre aux municipales strasbourgeoises. Son projet pr\u00e9voit notamment de faire de la ville \u00ab\u00a0une communaut\u00e9 de villages\u00a0\u00bb reposant notamment sur un esprit de coop\u00e9ration. Aussi au menu, un programme de v\u00e9g\u00e9talisation des b\u00e2timents et de d\u00e9ploiement de potagers\/panneaux solaires quand c\u2019est possible et souhait\u00e9 par les habitants. Patrick Arbogast a fait 0,98\u00a0% des exprim\u00e9s au premier tour en 2024.<\/p>\n<p>  La citation de la semaine<\/p>\n<p>\u00ab\u00a0Une d\u00e9marche en r\u00e9ponse \u00e0 ceux qui nous qualifient de client\u00e9listes\u00a0\u00bb, Halima Meneceur, co-listi\u00e8re de <a href=\"https:\/\/www.dna.fr\/p\/florian-kobryn\" target=\"_blank\" rel=\"noopener\">Florian Kobryn<\/a> (tous deux LFI) \u00e0 propos du <a href=\"https:\/\/www.dna.fr\/elections\/2025\/11\/27\/referendum-citoyen-municipal-elus-revocables-le-pari-participatif-de-lfi-a-strasbourg\" target=\"_blank\" rel=\"noopener\">Parlement citoyen organis\u00e9 en d\u00e9but de semaine<\/a> par les Insoumis pour nourrir et\/ou affiner les propositions du candidat. Histoire de montrer que la campagne municipale ne se passe pas \u00e0 Gaza. M\u00eame s\u2019il a \u00e9t\u00e9 lundi question de cr\u00e9er un \u00ab\u00a0r\u00e9seau de villes mondiales contre les leaders vis\u00e9s par un mandat d\u2019arr\u00eat international, comme Benyamin Netanyahou\u00a0\u00bb. Pfiou.<\/p>\n","protected":false},"excerpt":{"rendered":"L\u2019histoire de la semaine. Si vous n\u2019avez pas vu la s\u00e9quence, elle est magnifique. La foule est venue&hellip;\n","protected":false},"author":2,"featured_media":566843,"comment_status":"","ping_status":"","sticky":false,"template":"","format":"standard","meta":{"footnotes":""},"categories":[2820],"tags":[1111,11,2880,1777,674,107,1011,27,775,1757,2338,3539,6319,12,316,25,104,640,2879],"class_list":{"0":"post-566842","1":"post","2":"type-post","3":"status-publish","4":"format-standard","5":"has-post-thumbnail","7":"category-strasbourg","8":"tag-actu","9":"tag-actualites","10":"tag-edition-strasbourg","11":"tag-eu","12":"tag-europe","13":"tag-fil-info","14":"tag-fr","15":"tag-france","16":"tag-grand-est","17":"tag-insolite","18":"tag-la-france-insoumise","19":"tag-les-ecologistes","20":"tag-les-republicains","21":"tag-news","22":"tag-politique","23":"tag-republique-francaise","24":"tag-societe","25":"tag-strasbourg","26":"tag-strasbourg-ville"},"share_on_mastodon":{"url":"https:\/\/pubeurope.com\/@fr\/115633533040874769","error":""},"_links":{"self":[{"href":"https:\/\/www.europesays.com\/fr\/wp-json\/wp\/v2\/posts\/566842","targetHints":{"allow":["GET"]}}],"collection":[{"href":"https:\/\/www.europesays.com\/fr\/wp-json\/wp\/v2\/posts"}],"about":[{"href":"https:\/\/www.europesays.com\/fr\/wp-json\/wp\/v2\/types\/post"}],"author":[{"embeddable":true,"href":"https:\/\/www.europesays.com\/fr\/wp-json\/wp\/v2\/users\/2"}],"replies":[{"embeddable":true,"href":"https:\/\/www.europesays.com\/fr\/wp-json\/wp\/v2\/comments?post=566842"}],"version-history":[{"count":0,"href":"https:\/\/www.europesays.com\/fr\/wp-json\/wp\/v2\/posts\/566842\/revisions"}],"wp:featuredmedia":[{"embeddable":true,"href":"https:\/\/www.europesays.com\/fr\/wp-json\/wp\/v2\/media\/566843"}],"wp:attachment":[{"href":"https:\/\/www.europesays.com\/fr\/wp-json\/wp\/v2\/media?parent=566842"}],"wp:term":[{"taxonomy":"category","embeddable":true,"href":"https:\/\/www.europesays.com\/fr\/wp-json\/wp\/v2\/categories?post=566842"},{"taxonomy":"post_tag","embeddable":true,"href":"https:\/\/www.europesays.com\/fr\/wp-json\/wp\/v2\/tags?post=566842"}],"curies":[{"name":"wp","href":"https:\/\/api.w.org\/{rel}","templated":true}]}}