{"id":566846,"date":"2025-11-29T14:48:22","date_gmt":"2025-11-29T14:48:22","guid":{"rendered":"https:\/\/www.europesays.com\/fr\/566846\/"},"modified":"2025-11-29T14:48:22","modified_gmt":"2025-11-29T14:48:22","slug":"on-a-suivi-une-equipe-de-controleurs-lignes-dazur","status":"publish","type":"post","link":"https:\/\/www.europesays.com\/fr\/566846\/","title":{"rendered":"on a suivi une \u00e9quipe de contr\u00f4leurs Lignes d\u2019Azur"},"content":{"rendered":"<p class=\"fs-5 \">\u00ab Messieurs, dames, bonjour ! On va v\u00e9rifier vos titres de transport \u00bb. Dans chaque bus et tramway contr\u00f4l\u00e9s, les agents du GSCT (Groupe S\u00fbret\u00e9 Contr\u00f4le Transport) de Lignes d\u2019Azur r\u00e9p\u00e8tent cette phrase comme un mantra.<\/p>\n<p class=\"fs-5 \">Pourtant, au-del\u00e0 de cet objectif principal de lutte contre la fraude, ils assurent aussi la s\u00e9curisation du r\u00e9seau et garantissent une pr\u00e9sence dissuasive. Immersion dans leur quotidien.<\/p>\n<p class=\"fs-5 \">En uniforme ou en civil, la petite centaine de contr\u00f4leurs a des horaires variables pour s\u2019adapter aux plannings de contr\u00f4le.<\/p>\n<p class=\"fs-5 \">\u00ab On d\u00e9termine les zones et les horaires en fonction des remont\u00e9es des agents. Il faut toujours avoir un tour d\u2019avance sur ceux qui essayent de pr\u00e9dire o\u00f9 on sera \u00bb, sourit Yann Mancuso, le patron du GSCT.<\/p>\n<p class=\"fs-5 \">Ce qu\u2019il y a de s\u00fbr, c\u2019est que chaque ligne, tram comme bus, est contr\u00f4l\u00e9e au moins une fois dans l\u2019ann\u00e9e.<\/p>\n<p>                                                                                60 euros d\u2019amende pour un voyage sans titre<\/p>\n<p class=\"fs-5 \">16 heures. Ce jour-l\u00e0, une dizaine d\u2019agents part pour une op\u00e9ration \u00e0 Cagnes-sur-Mer avec les polices nationale et municipale, sur r\u00e9quisition du procureur de la R\u00e9publique de Nice.<\/p>\n<p class=\"fs-5 \">Objectif du jour : contr\u00f4ler un maximum de v\u00e9hicules, avec des inspections plus pouss\u00e9es. Il est pr\u00e9vu que les agents contr\u00f4lent les voyageurs, bus \u00e0 l\u2019arr\u00eat, avant de laisser repartir le v\u00e9hicule et contr\u00f4ler le suivant.<\/p>\n<p class=\"fs-5 \">\u00c0 l\u2019arriv\u00e9e du premier, chaque contr\u00f4leur se positionne, deux par porte, pour bloquer la descente.<\/p>\n<p class=\"fs-5 \">Sur une trentaine de passagers, sept n\u2019ont pas de titre de transport valide. L\u2019un d\u2019entre eux, un jeune \u00e0 peine majeur, bonnet sur la t\u00eate, se laisse faire sans rechigner.<\/p>\n<p class=\"fs-5 \">Il descend du bus et \u00e9cope de 60 euros d\u2019amende en payant sur place (ce serait 110 euros en payant plus tard, dans les trois mois).<\/p>\n<p class=\"fs-5 \">\u00ab En cas de non-paiement, on envoie la fiche d\u2019infraction au Tr\u00e9sor public, qui se charge d\u2019encaisser en pr\u00e9levant sur salaire, par exemple. Donc nous avons un tr\u00e8s bon taux de recouvrement \u00bb, se r\u00e9jouit Yann Mancuso.<\/p>\n<p class=\"fs-5 \">\u00c0 l\u2019arriv\u00e9e du bus suivant, les contr\u00f4leurs rep\u00e8rent trois hommes tentant de valider \u00e0 la vue des contr\u00f4leurs. Impossible, car les valideurs sont rendus indisponibles en cas de contr\u00f4le.<\/p>\n<p class=\"fs-5 \">Les jeunes, un peu agit\u00e9s, sont invit\u00e9s \u00e0 descendre du bus, mais ren\u00e2clent \u00e0 pr\u00e9senter leur pi\u00e8ce d\u2019identit\u00e9.<\/p>\n<p class=\"fs-5 \">Les contr\u00f4leurs ne peuvent pas les en contraindre, mais la police hausse le ton. Deux d\u2019entre eux, en fraude, sont verbalis\u00e9s.<\/p>\n<p>                                                                                Environ 10 % des voyageurs en fraude<\/p>\n<p class=\"fs-5 \">Les contr\u00f4les s\u2019encha\u00eenent. Une dame aux cheveux blancs, \u00e9quip\u00e9e d\u2019une canne, est invit\u00e9e \u00e0 sortir d\u2019un autre bus. Elle aussi voyage sans titre. \u00ab Il n\u2019y a pas de profil type du fraudeur \u00bb, observe Yann Mancuso.<\/p>\n<p class=\"fs-5 \">Comme beaucoup, elle tente de s\u2019expliquer. Mais comme tout le monde, elle est verbalis\u00e9e.<\/p>\n<p class=\"fs-5 \">\u00ab J\u2019\u00e9crirai \u00e0 qui de droit ! \u00bb, s\u2019emporte-t-elle. Chez Lignes d\u2019Azur, la tol\u00e9rance z\u00e9ro est assum\u00e9e. \u00ab C\u2019est pas marrant. Surtout que certains sont dans la merde, et auraient pu se servir de ces 1,70 euro pour manger. Mais on doit traiter tout le monde pareil. Ailleurs, les contrevenants ont parfois l\u2019habitude d\u2019\u00e9chapper \u00e0 la sanction. Ce n\u2019est pas le cas ici \u00bb, indique le chef des contr\u00f4leurs.<\/p>\n<p class=\"fs-5 \">Sur sept bus contr\u00f4l\u00e9s avec environ 400 passagers, 44 ont \u00e9t\u00e9 verbalis\u00e9s et 1 000 euros r\u00e9colt\u00e9s dans l\u2019imm\u00e9diat.<\/p>\n<p class=\"fs-5 \">D\u2019autres payeront leurs amendes plus tard. Un bilan dans la moyenne.<\/p>\n<p class=\"fs-5 \">Le soir venu, une seconde \u00e9quipe de contr\u00f4le se r\u00e9unit sur la promenade des Anglais, \u00e0 Nice. Elle fait partie de <a href=\"https:\/\/www.nicematin.com\/societe\/transports\/la-metropole-de-nice-cree-une-brigade-de-nuit-pour-mieux-securiser-bus-et-tramway-874502\" target=\"_blank\" rel=\"noopener\">la brigade de nuit du GSCT, cr\u00e9\u00e9e en 2023<\/a>, pour accentuer la s\u00e9curisation du r\u00e9seau d\u00e8s 18 heures.<\/p>\n<p class=\"fs-5 \">Une passag\u00e8re est contr\u00f4l\u00e9e sans titre valide. Les contr\u00f4leurs l\u2019invitent \u00e0 descendre du bus, puis l\u2019encerclent sur le quai.<\/p>\n<p class=\"fs-5 \">\u00ab Elle est sous notre responsabilit\u00e9 et nous devons assurer sa s\u00e9curit\u00e9. On se met souvent au bord du quai, pour \u00e9viter que la personne tombe ou puisse \u00eatre fauch\u00e9e par une voiture. D\u2019ext\u00e9rieur, on dirait qu\u2019on met la pression et certains nous le reprochent \u00bb, regrette Yann Mancuso.<\/p>\n<p>                                                                                34.000 verbalisations en 2024<\/p>\n<p class=\"fs-5 \">Il est vrai que les contr\u00f4leurs ont parfois mauvaise presse, comme beaucoup de m\u00e9tiers de la s\u00e9curit\u00e9. Leur patron re\u00e7oit chaque jour une vingtaine de r\u00e9clamations d\u2019usagers en col\u00e8re, ce qui engage syst\u00e9matiquement une enqu\u00eate interne. Cette fois, la passag\u00e8re a le sourire. \u00ab Je prends les transports tous les jours et je ne suis jamais contr\u00f4l\u00e9e. Donc je pr\u00e9f\u00e8re payer 60 euros d\u2019amende que prendre un abonnement \u00e0 360 euros par an \u00bb, fanfaronne-t-elle. Ce qui agace Yann Mancuso. \u00ab Elle a de la chance de passer entre les mailles du filet, car 3,7 millions de personnes sont contr\u00f4l\u00e9es chaque ann\u00e9e sur le r\u00e9seau, \u00e0 toute heure de la journ\u00e9e \u00bb, grince-t-il.<\/p>\n<p class=\"fs-5 \">Si la r\u00e9gie Ligne d\u2019Azur ne souhaite pas communiquer sur le produit total des amendes, elle chiffre \u00e0 34.000 le nombre de verbalisations en 2024.<\/p>\n<p class=\"fs-5 \">Ce qui, en prenant comme base une amende moyenne de 60 euros, conduit \u00e0 plus de deux millions d\u2019euros de rentr\u00e9es par an. Une fa\u00e7on, dans un sens, de r\u00e9cup\u00e9rer les recettes manqu\u00e9es par l\u2019absence de titres chez les resquilleurs.<\/p>\n<p class=\"fs-5 \">Pourtant, aucune prime pour les contr\u00f4leurs, assure la direction. \u00c0 la SNCF, les contr\u00f4leurs per\u00e7oivent une commission de 4 \u00e0 10 % sur chaque amende, r\u00e9v\u00e9lait Le Parisien en 2024.<\/p>\n<p class=\"fs-5 \">\u00ab On ne veut pas de ce syst\u00e8me, ce ne serait pas tr\u00e8s sain. En revanche, on a des objectifs sur le nombre de personnes et de lignes contr\u00f4l\u00e9es \u00bb, pr\u00e9cise le patron du GSCT.<\/p>\n<p>                                                                                Un r\u00f4le humain et social<\/p>\n<p class=\"fs-5 \">20 heures. Sur la fin du contr\u00f4le, un groupe de quatre adolescents est contr\u00f4l\u00e9 sans titre \u00e0 bord d\u2019un bus. Un des jeunes, 16 ans, a le regard vide et semble dans un \u00e9tat second.<\/p>\n<p class=\"fs-5 \">Une fois assis sous l\u2019abribus, il fond en larmes et pleure sa m\u00e8re, d\u00e9c\u00e9d\u00e9e d\u2019une overdose de m\u00e9dicaments. Son p\u00e8re en prison, il est en famille d\u2019accueil. Il semble alcoolis\u00e9 et tient des propos suicidaires. Les contr\u00f4leurs ne le laissent pas repartir.<\/p>\n<p class=\"fs-5 \">\u00ab Si on le laisse comme \u00e7a et qu\u2019il lui arrive quelque chose, on va s\u2019en vouloir \u00bb, avoue Yann. L\u2019un d\u2019eux saisit son t\u00e9l\u00e9phone et contacte \u00ab Herm\u00e8s \u00bb, <a href=\"https:\/\/www.nicematin.com\/faits-divers\/cameras-brigade-formations-comment-nice-protege-ses-chauffeurs-de-bus-et-tram-547620\" target=\"_blank\" rel=\"noopener\">le poste de s\u00e9curit\u00e9 qui pilote l\u2019int\u00e9gralit\u00e9 du r\u00e9seau<\/a>.<\/p>\n<p class=\"fs-5 \">Un agent y veille, derri\u00e8re un mur d\u2019\u00e9crans, avec un acc\u00e8s aux cam\u00e9ras de surveillance de toutes les stations, \u00e0 la carte du r\u00e9seau en temps r\u00e9el et aux cam\u00e9ras int\u00e9rieures des rames et des bus.<\/p>\n<p class=\"fs-5 \">Le poste demande l\u2019intervention des pompiers et de la police nationale, pour mettre le jeune homme en s\u00e9curit\u00e9. Il repartira, en criant, dans le camion des pompiers.<\/p>\n<p class=\"fs-5 \">\u00catre contr\u00f4leur, c\u2019est donc aussi avoir un r\u00f4le humain, parfois oubli\u00e9 des usagers.<\/p>\n","protected":false},"excerpt":{"rendered":"\u00ab Messieurs, dames, bonjour ! On va v\u00e9rifier vos titres de transport \u00bb. Dans chaque bus et tramway&hellip;\n","protected":false},"author":2,"featured_media":566847,"comment_status":"","ping_status":"","sticky":false,"template":"","format":"standard","meta":{"footnotes":""},"categories":[2819],"tags":[1111,11,1777,674,1011,27,12,2401,882,25],"class_list":{"0":"post-566846","1":"post","2":"type-post","3":"status-publish","4":"format-standard","5":"has-post-thumbnail","7":"category-nice","8":"tag-actu","9":"tag-actualites","10":"tag-eu","11":"tag-europe","12":"tag-fr","13":"tag-france","14":"tag-news","15":"tag-nice","16":"tag-provence-alpes-cote-dazur","17":"tag-republique-francaise"},"share_on_mastodon":{"url":"https:\/\/pubeurope.com\/@fr\/115633540611580131","error":""},"_links":{"self":[{"href":"https:\/\/www.europesays.com\/fr\/wp-json\/wp\/v2\/posts\/566846","targetHints":{"allow":["GET"]}}],"collection":[{"href":"https:\/\/www.europesays.com\/fr\/wp-json\/wp\/v2\/posts"}],"about":[{"href":"https:\/\/www.europesays.com\/fr\/wp-json\/wp\/v2\/types\/post"}],"author":[{"embeddable":true,"href":"https:\/\/www.europesays.com\/fr\/wp-json\/wp\/v2\/users\/2"}],"replies":[{"embeddable":true,"href":"https:\/\/www.europesays.com\/fr\/wp-json\/wp\/v2\/comments?post=566846"}],"version-history":[{"count":0,"href":"https:\/\/www.europesays.com\/fr\/wp-json\/wp\/v2\/posts\/566846\/revisions"}],"wp:featuredmedia":[{"embeddable":true,"href":"https:\/\/www.europesays.com\/fr\/wp-json\/wp\/v2\/media\/566847"}],"wp:attachment":[{"href":"https:\/\/www.europesays.com\/fr\/wp-json\/wp\/v2\/media?parent=566846"}],"wp:term":[{"taxonomy":"category","embeddable":true,"href":"https:\/\/www.europesays.com\/fr\/wp-json\/wp\/v2\/categories?post=566846"},{"taxonomy":"post_tag","embeddable":true,"href":"https:\/\/www.europesays.com\/fr\/wp-json\/wp\/v2\/tags?post=566846"}],"curies":[{"name":"wp","href":"https:\/\/api.w.org\/{rel}","templated":true}]}}