{"id":566848,"date":"2025-11-29T14:49:10","date_gmt":"2025-11-29T14:49:10","guid":{"rendered":"https:\/\/www.europesays.com\/fr\/566848\/"},"modified":"2025-11-29T14:49:10","modified_gmt":"2025-11-29T14:49:10","slug":"etre-plus-resilients-plus-soudes-plus-unis-lorient","status":"publish","type":"post","link":"https:\/\/www.europesays.com\/fr\/566848\/","title":{"rendered":"\u00ab \u00catre plus r\u00e9silients, plus soud\u00e9s, plus unis \u00bb | Lorient"},"content":{"rendered":"<p>\n                    Lorient &#8211; Nice<\/p>\n<p class=\"accroche\">Malgr\u00e9 la spirale n\u00e9gative que l\u2019OGC Nice traverse actuellement, avec une s\u00e9rie de 5 d\u00e9faites de rang (toutes comp\u00e9titions confondues), Franck Haise a affich\u00e9 sa d\u00e9termination en conf\u00e9rence de presse, \u00e0 la veille du d\u00e9placement \u00e0 Lorient.\u00a0<\/p>\n<p>\u00ab Je ne vais pas parler d&rsquo;\u00e9nergie n\u00e9gative, a expliqu\u00e9 le coach. La plus grande force, elle vient du c\u0153ur des joueurs, du noyau, y compris avec le staff. C&rsquo;est pour \u00e7a qu&rsquo;il ne faut pas l\u00e2cher, m\u00eame si la situation est compliqu\u00e9e en termes de r\u00e9sultats, en termes de jeu aussi. Mais c&rsquo;est justement l\u00e0 qu&rsquo;il faut encore \u00eatre plus r\u00e9silients, plus soud\u00e9s, plus unis. Les joueurs et le groupe valent bien mieux que ce qu&rsquo;on fait actuellement, \u00e7a j&rsquo;en suis s\u00fbr. \u00bb<\/p>\n<p class=\"citation\">\u00ab J\u2019esp\u00e8re sinc\u00e8rement que ce match \u00e0 Lorient va permettre de casser ce mauvais cycle \u00bb<\/p>\n<p class=\"signature\"><b>Franck Haise <\/b>en conf\u00e9rence de presse, avant le d\u00e9placement au Moustoir<\/p>\n<p>Ce dimanche, les Aiglons retrouveront donc la L1 au Moustoir, avec un duel face aux Merlus, qui d\u00e9butera \u00e0 17h15 : \u00ab On va s\u2019attendre \u00e0 un match difficile, a poursuivi l&rsquo;entra\u00eeneur du Gym. \u00c0 domicile quand on voit leurs matchs, c\u2019est une \u00e9quipe qui pose des probl\u00e8mes \u00e0 ses adversaires. Il faut que nous dans l\u2019organisation, dans la consistance, dans la coh\u00e9sion, on r\u00e9ponde pr\u00e9sent. Il faut aussi exprimer les qualit\u00e9s techniques de l\u2019\u00e9quipe parce qu\u2019il y en a. Il faut r\u00e9ussir \u00e0 mettre tout \u00e7a. J\u2019esp\u00e8re sinc\u00e8rement que ce match \u00e0 Lorient va permettre de casser ce mauvais cycle pour encha\u00eener sur quelque chose de plus positif. \u00bb \u00a0\u00ab Ce sera forc\u00e9ment par un d\u00e9clic, comme \u00e7a a \u00e9t\u00e9 face \u00e0 Lyon, compl\u00e8te le portier ni\u00e7ois, Y\u00e9hvann Diouf. En ce moment, j&rsquo;ai l&rsquo;impression que tout ce qui peut mal tourner tourne mal. On manque aussi beaucoup de r\u00e9ussite, mais comme on le dit souvent, c&rsquo;est quelque chose qui se provoque, donc \u00e0 nous de mettre les choses en place et de mettre toutes les chances de notre c\u00f4t\u00e9 pour arriver \u00e0 faire tourner cette r\u00e9ussite de notre c\u00f4t\u00e9. \u00bb<\/p>\n","protected":false},"excerpt":{"rendered":"Lorient &#8211; Nice Malgr\u00e9 la spirale n\u00e9gative que l\u2019OGC Nice traverse actuellement, avec une s\u00e9rie de 5 d\u00e9faites&hellip;\n","protected":false},"author":2,"featured_media":566849,"comment_status":"","ping_status":"","sticky":false,"template":"","format":"standard","meta":{"footnotes":""},"categories":[2819],"tags":[1111,11,1777,674,1011,27,12,2401,882,25],"class_list":{"0":"post-566848","1":"post","2":"type-post","3":"status-publish","4":"format-standard","5":"has-post-thumbnail","7":"category-nice","8":"tag-actu","9":"tag-actualites","10":"tag-eu","11":"tag-europe","12":"tag-fr","13":"tag-france","14":"tag-news","15":"tag-nice","16":"tag-provence-alpes-cote-dazur","17":"tag-republique-francaise"},"share_on_mastodon":{"url":"https:\/\/pubeurope.com\/@fr\/115633544565946795","error":""},"_links":{"self":[{"href":"https:\/\/www.europesays.com\/fr\/wp-json\/wp\/v2\/posts\/566848","targetHints":{"allow":["GET"]}}],"collection":[{"href":"https:\/\/www.europesays.com\/fr\/wp-json\/wp\/v2\/posts"}],"about":[{"href":"https:\/\/www.europesays.com\/fr\/wp-json\/wp\/v2\/types\/post"}],"author":[{"embeddable":true,"href":"https:\/\/www.europesays.com\/fr\/wp-json\/wp\/v2\/users\/2"}],"replies":[{"embeddable":true,"href":"https:\/\/www.europesays.com\/fr\/wp-json\/wp\/v2\/comments?post=566848"}],"version-history":[{"count":0,"href":"https:\/\/www.europesays.com\/fr\/wp-json\/wp\/v2\/posts\/566848\/revisions"}],"wp:featuredmedia":[{"embeddable":true,"href":"https:\/\/www.europesays.com\/fr\/wp-json\/wp\/v2\/media\/566849"}],"wp:attachment":[{"href":"https:\/\/www.europesays.com\/fr\/wp-json\/wp\/v2\/media?parent=566848"}],"wp:term":[{"taxonomy":"category","embeddable":true,"href":"https:\/\/www.europesays.com\/fr\/wp-json\/wp\/v2\/categories?post=566848"},{"taxonomy":"post_tag","embeddable":true,"href":"https:\/\/www.europesays.com\/fr\/wp-json\/wp\/v2\/tags?post=566848"}],"curies":[{"name":"wp","href":"https:\/\/api.w.org\/{rel}","templated":true}]}}