{"id":566850,"date":"2025-11-29T14:50:35","date_gmt":"2025-11-29T14:50:35","guid":{"rendered":"https:\/\/www.europesays.com\/fr\/566850\/"},"modified":"2025-11-29T14:50:35","modified_gmt":"2025-11-29T14:50:35","slug":"terrain-dinsertion-pres-de-nantes-les-riverains-opposes-au-projet-passent-devant-le-tribunal","status":"publish","type":"post","link":"https:\/\/www.europesays.com\/fr\/566850\/","title":{"rendered":"Terrain d\u2019insertion pr\u00e8s de Nantes : les riverains oppos\u00e9s au projet passent devant le tribunal"},"content":{"rendered":"<tr wp_automatic_readability=\"2.9333333333333\">\n<td valign=\"middle\" align=\"center\" class=\"col-logo\">\n    <img decoding=\"async\" src=\"https:\/\/www.europesays.com\/fr\/wp-content\/uploads\/2025\/04\/presse-ocean.gif\" alt=\"logo Presse-Oc\u00e9an\" height=\"66\"\/><\/p>\n<\/td>\n<td class=\"col-titre\">\n\t\t\tVendredi 28 novembre 2025 17:13<br \/>\n\t\t\t<a class=\"icon-bulle sizeL count\" href=\"#ancreAvis\"><br \/>\n\t&#8230;<br \/>\n<\/a><\/td>\n<\/tr>\n<p>\t\t<a class=\"mavillebox2 elmt-photo\" href=\"https:\/\/maville.com\/photosmvi\/2025\/11\/28\/P35607939D7084975G.jpg\" title=\" Les travaux d\u2019am\u00e9nagement du terrain d\u2019insertion d\u00e9di\u00e9 \u00e0 des familles Roms ont d\u00e9marr\u00e9 \u00e0 Orvault.  \u00a9  Photo Presse Oc\u00e9an  \" rel=\"galerie_actu noopener\" target=\"_blank\"><br \/>\n\t<img decoding=\"async\" src=\"https:\/\/www.europesays.com\/fr\/wp-content\/uploads\/2025\/11\/P35607939D7084975G_crop_640-330_.jpg\" alt=\"photo  les travaux d\u2019am\u00e9nagement du terrain d\u2019insertion d\u00e9di\u00e9 \u00e0 des familles roms ont d\u00e9marr\u00e9 \u00e0 orvault.  \u00a9  photo presse oc\u00e9an \"\/><br \/>\n\t1<br \/>\n<\/a><\/p>\n<p class=\"elmt-legende\"> Les travaux d\u2019am\u00e9nagement du terrain d\u2019insertion d\u00e9di\u00e9 \u00e0 des familles Roms ont d\u00e9marr\u00e9 \u00e0 Orvault.  \u00a9  Photo Presse Oc\u00e9an  <\/p>\n<p>\t\tNouvelle \u00e9tape dans le combat men\u00e9 par les opposants au terrain destin\u00e9 \u00e0 accueillir des familles roms \u00e0 Orvault. Cette fois, ces riverains ont demand\u00e9 au tribunal administratif de Nantes de suspendre imm\u00e9diatement le permis d\u2019am\u00e9nager. En audience ce jeudi 27 novembre 2025, leur avocat a soutenu que l\u2019arr\u00eat\u00e9 municipal \u00e9tait ill\u00e9gal.<\/p>\n<p><b>Cet article est r\u00e9serv\u00e9 aux abonn\u00e9s<\/b><\/p>\n<p>Pour un acc\u00e8s imm\u00e9diat, abonnez-vous<\/p>\n<p><b>1\u00e8re semaine offerte<\/b><\/p>\n<p>\t\t \u00c9milie Plantard \u00a0\u00a0<br \/>\n\t\tPresse-Oc\u00e9an<\/p>\n<p>Retrouvez d&rsquo;autres actus sur la commune de :<\/p>\n<p>\t\t&#13;<\/p>\n","protected":false},"excerpt":{"rendered":"Vendredi 28 novembre 2025 17:13 &#8230; 1 Les travaux d\u2019am\u00e9nagement du terrain d\u2019insertion d\u00e9di\u00e9 \u00e0 des familles Roms&hellip;\n","protected":false},"author":2,"featured_media":566851,"comment_status":"","ping_status":"","sticky":false,"template":"","format":"standard","meta":{"footnotes":""},"categories":[2818],"tags":[1111,11,1777,674,1011,27,6353,766,12,27443,31483,2636,3762,1095,25,6355,3272,3945,3693],"class_list":{"0":"post-566850","1":"post","2":"type-post","3":"status-publish","4":"format-standard","5":"has-post-thumbnail","7":"category-nantes","8":"tag-actu","9":"tag-actualites","10":"tag-eu","11":"tag-europe","12":"tag-fr","13":"tag-france","14":"tag-insertion","15":"tag-nantes","16":"tag-news","17":"tag-opposes","18":"tag-passent","19":"tag-pays-de-la-loire","20":"tag-pres","21":"tag-projet","22":"tag-republique-francaise","23":"tag-riverains","24":"tag-saint-nazaire","25":"tag-terrain","26":"tag-tribunal"},"share_on_mastodon":{"url":"https:\/\/pubeurope.com\/@fr\/115633549374896597","error":""},"_links":{"self":[{"href":"https:\/\/www.europesays.com\/fr\/wp-json\/wp\/v2\/posts\/566850","targetHints":{"allow":["GET"]}}],"collection":[{"href":"https:\/\/www.europesays.com\/fr\/wp-json\/wp\/v2\/posts"}],"about":[{"href":"https:\/\/www.europesays.com\/fr\/wp-json\/wp\/v2\/types\/post"}],"author":[{"embeddable":true,"href":"https:\/\/www.europesays.com\/fr\/wp-json\/wp\/v2\/users\/2"}],"replies":[{"embeddable":true,"href":"https:\/\/www.europesays.com\/fr\/wp-json\/wp\/v2\/comments?post=566850"}],"version-history":[{"count":0,"href":"https:\/\/www.europesays.com\/fr\/wp-json\/wp\/v2\/posts\/566850\/revisions"}],"wp:featuredmedia":[{"embeddable":true,"href":"https:\/\/www.europesays.com\/fr\/wp-json\/wp\/v2\/media\/566851"}],"wp:attachment":[{"href":"https:\/\/www.europesays.com\/fr\/wp-json\/wp\/v2\/media?parent=566850"}],"wp:term":[{"taxonomy":"category","embeddable":true,"href":"https:\/\/www.europesays.com\/fr\/wp-json\/wp\/v2\/categories?post=566850"},{"taxonomy":"post_tag","embeddable":true,"href":"https:\/\/www.europesays.com\/fr\/wp-json\/wp\/v2\/tags?post=566850"}],"curies":[{"name":"wp","href":"https:\/\/api.w.org\/{rel}","templated":true}]}}