{"id":566856,"date":"2025-11-29T14:54:15","date_gmt":"2025-11-29T14:54:15","guid":{"rendered":"https:\/\/www.europesays.com\/fr\/566856\/"},"modified":"2025-11-29T14:54:15","modified_gmt":"2025-11-29T14:54:15","slug":"au-chu-de-bordeaux-ce-centre-unique-en-son-genre-ouvre-pour-ameliorer-la-qualite-de-vie-des-femmes","status":"publish","type":"post","link":"https:\/\/www.europesays.com\/fr\/566856\/","title":{"rendered":"Au CHU de Bordeaux, ce centre \u00ab\u00a0unique en son genre\u00a0\u00bb ouvre pour am\u00e9liorer la qualit\u00e9 de vie des femmes"},"content":{"rendered":"<p>                    Par<br \/>\n        <strong><br \/>\n            <a href=\"https:\/\/actu.fr\/auteur\/redaction-bordeaux\" title=\"Consulter tous les articles de R\u00e9daction Bordeaux\" target=\"_blank\" rel=\"noopener\">R\u00e9daction Bordeaux<\/a><br \/>\n                    <\/strong><\/p>\n<p>        Publi\u00e9 le<\/p>\n<p>            29 nov. 2025 \u00e0 15h36        <\/p>\n<p>Le jeudi 20\u00a0novembre 2025, un centre d\u2019expertise <strong>d\u00e9di\u00e9 \u00e0 la m\u00e9nopause<\/strong> a ouvert au sein du <a href=\"https:\/\/actu.fr\/tag\/chu-de-bordeaux\" target=\"_blank\" rel=\"noopener\">CHU de Bordeaux.<\/a> Ce \u00ab\u2009centre unique en son genre\u2009\u00bb a pour objectif \u00ab\u2009d\u2019am\u00e9liorer significativement la <strong>qualit\u00e9 de vie des femmes\u2009\u00bb,<\/strong> explique l\u2019h\u00f4pital bordelais dans un communiqu\u00e9.<\/p>\n<p>Un ph\u00e9nom\u00e8ne naturel<\/p>\n<p class=\" wall-content\">\u00c9tape naturelle de la vie, la m\u00e9nopause concerne 17,2\u00a0millions de femmes en France. Dans le d\u00e9partement de la Gironde, c\u2019est environ<strong> 400\u2009000\u00a0personnes<\/strong> concern\u00e9es.\u00a0Ce ph\u00e9nom\u00e8ne \u00ab\u2009s\u2019accompagne d\u2019une augmentation significative des<strong> risques cardiovasculaires<\/strong> et d\u2019ost\u00e9oporose, pathologies encore trop souvent sous-diagnostiqu\u00e9es\u2009\u00bb, souligne le CHU de Bordeaux.<\/p>\n<p class=\" wall-content\">Le nouveau centre a \u00e9t\u00e9 cr\u00e9\u00e9 au sein du service de gyn\u00e9cologie du professeur Claude Hocke du p\u00f4le de gyn\u00e9cologie, obst\u00e9trique et reproduction au centre Ali\u00e9nor d\u2019Aquitaine. Il permet aux femmes d\u2019avoir acc\u00e8s \u00e0 <strong>une \u00ab\u2009prise en charge compl\u00e8te, multidisciplinaire et hautement sp\u00e9cialis\u00e9e<\/strong> des troubles de la m\u00e9nopause et de la p\u00e9rim\u00e9nopause\u2009\u00bb, pr\u00e9cise l\u2019h\u00f4pital qui rejoint ainsi \u00ab\u2009le <strong>cercle restreint<\/strong>\u00a0des \u00e9tablissements fran\u00e7ais disposant d\u2019une telle expertise, aux c\u00f4t\u00e9s des\u00a0<a href=\"https:\/\/actu.fr\/occitanie\/toulouse_31555\/au-chu-de-toulouse-ce-centre-dedie-a-la-prise-en-charge-de-la-menopause-est-unique-en-france_61737742.html\" target=\"_blank\" rel=\"noopener\">CHU de Toulouse<\/a>\u00a0et de l\u2019AP-HP \u00e0 Paris\u2009\u00bb.<\/p>\n<p>Un parcours complet<\/p>\n<p class=\" wall-content\">Pour ce faire, le centre d\u2019expertise propose un parcours de soins complet, commen\u00e7ant par <strong>un bilan de sant\u00e9 exhaustif.<\/strong> En h\u00f4pital de jour ou en consultation, il a pour but\u00a0\u00ab\u2009d\u2019\u00e9valuer l\u2019\u00e9tat de sant\u00e9 global de chaque patiente gr\u00e2ce \u00e0 la mobilisation coordonn\u00e9e de tous les sp\u00e9cialistes n\u00e9cessaires\u2009\u00bb.<\/p>\n<p class=\" wall-content\">La patiente peut alors se voir proposer une <strong>\u00e9valuation profonde des risques<\/strong>\u00a0ou encore un <strong>suivi multidisciplinaire sur mesure.<\/strong> \u00ab\u2009\u00c0 l\u2019issue du bilan initial en h\u00f4pital de jour, un <strong>plan de soins personnalis\u00e9<\/strong> est \u00e9tabli pour chaque patiente, en \u00e9troite collaboration avec les m\u00e9decins de ville, garantissant ainsi une continuit\u00e9 optimale du parcours de sant\u00e9\u2009\u00bb, pr\u00e9cise de CHU.<\/p>\n<p class=\" wall-content\">En programmant des r\u00e9unions r\u00e9guli\u00e8res entre plusieurs sp\u00e9cialistes, le CHU s\u2019engage \u00e9galement dans une d\u00e9marche de recherche clinique <strong>pour faire progresser les connaissances et les pratiques.\u00a0<\/strong>\u00ab\u2009Cette approche pr\u00e9ventive contribuera \u00e9galement \u00e0 <strong>r\u00e9duire les co\u00fbts de sant\u00e9<\/strong> li\u00e9s aux maladies chroniques \u00e9vitables.\u2009\u00bb<\/p>\n<p>Votre r\u00e9gion, votre actu !<\/p>\n<p>Recevez chaque jour les infos qui comptent pour vous.<\/p>\n<p>\t<a href=\"https:\/\/actu.fr\/newsletter\" class=\"ac-btn ac-btn--corner ac-btn--medium ac-btn--blue800\" target=\"_blank\" rel=\"noopener\">S&rsquo;incrire<\/a><br \/>\nLe centre d\u2019expertise de la m\u00e9nopause est accessible par mail\u2009: <a href=\"https:\/\/actu.fr\/cdn-cgi\/l\/email-protection\" class=\"__cf_email__\" data-cfemail=\"6c010902031c0d191f092c0f0419410e031e08090d1914420a1e\" target=\"_blank\" rel=\"noopener\">[email\u00a0protected]<\/a>\u00a0ou\u00a0par t\u00e9l\u00e9phone au 05\u200957\u200982\u200909\u200940.<\/p>\n<p>Une soir\u00e9e r\u00e9serv\u00e9e uniquement aux <strong>professionnels de sant\u00e9 de ville\u00a0<\/strong>est pr\u00e9vue le 22\u00a0janvier 2026 avec les \u00e9quipes du centre d\u2019expertise de la m\u00e9nopause. Inscription gratuite et obligatoire sur le site du CHU.<\/p>\n<p class=\" wall-content\">Personnalisez votre actualit\u00e9 en ajoutant vos villes et m\u00e9dias en favori avec <a href=\"https:\/\/moncompte.actu.fr\" title=\"D\u00e9couvez Mon Actu\" rel=\"nofollow noopener\" data-trk=\"{&quot;cta&quot;:{&quot;action&quot;:&quot;https:\\\/\\\/moncompte.actu.fr&quot;,&quot;category&quot;:&quot;mon compte&quot;,&quot;from&quot;:&quot;article footer&quot;,&quot;name&quot;:&quot;Mon actu&quot;,&quot;type&quot;:&quot;cta&quot;}}\" target=\"_blank\">Mon Actu<\/a>.<\/p>\n","protected":false},"excerpt":{"rendered":"Par R\u00e9daction Bordeaux Publi\u00e9 le 29 nov. 2025 \u00e0 15h36 Le jeudi 20\u00a0novembre 2025, un centre d\u2019expertise d\u00e9di\u00e9&hellip;\n","protected":false},"author":2,"featured_media":199167,"comment_status":"","ping_status":"","sticky":false,"template":"","format":"standard","meta":{"footnotes":""},"categories":[2817],"tags":[1111,11,1997,11421,1777,674,1011,27,12,2219,25,71,104],"class_list":{"0":"post-566856","1":"post","2":"type-post","3":"status-publish","4":"format-standard","5":"has-post-thumbnail","7":"category-bordeaux","8":"tag-actu","9":"tag-actualites","10":"tag-bordeaux","11":"tag-chu-de-bordeaux","12":"tag-eu","13":"tag-europe","14":"tag-fr","15":"tag-france","16":"tag-news","17":"tag-nouvelle-aquitaine","18":"tag-republique-francaise","19":"tag-sante","20":"tag-societe"},"share_on_mastodon":{"url":"https:\/\/pubeurope.com\/@fr\/115633564178700071","error":""},"_links":{"self":[{"href":"https:\/\/www.europesays.com\/fr\/wp-json\/wp\/v2\/posts\/566856","targetHints":{"allow":["GET"]}}],"collection":[{"href":"https:\/\/www.europesays.com\/fr\/wp-json\/wp\/v2\/posts"}],"about":[{"href":"https:\/\/www.europesays.com\/fr\/wp-json\/wp\/v2\/types\/post"}],"author":[{"embeddable":true,"href":"https:\/\/www.europesays.com\/fr\/wp-json\/wp\/v2\/users\/2"}],"replies":[{"embeddable":true,"href":"https:\/\/www.europesays.com\/fr\/wp-json\/wp\/v2\/comments?post=566856"}],"version-history":[{"count":0,"href":"https:\/\/www.europesays.com\/fr\/wp-json\/wp\/v2\/posts\/566856\/revisions"}],"wp:featuredmedia":[{"embeddable":true,"href":"https:\/\/www.europesays.com\/fr\/wp-json\/wp\/v2\/media\/199167"}],"wp:attachment":[{"href":"https:\/\/www.europesays.com\/fr\/wp-json\/wp\/v2\/media?parent=566856"}],"wp:term":[{"taxonomy":"category","embeddable":true,"href":"https:\/\/www.europesays.com\/fr\/wp-json\/wp\/v2\/categories?post=566856"},{"taxonomy":"post_tag","embeddable":true,"href":"https:\/\/www.europesays.com\/fr\/wp-json\/wp\/v2\/tags?post=566856"}],"curies":[{"name":"wp","href":"https:\/\/api.w.org\/{rel}","templated":true}]}}