{"id":566863,"date":"2025-11-29T14:59:13","date_gmt":"2025-11-29T14:59:13","guid":{"rendered":"https:\/\/www.europesays.com\/fr\/566863\/"},"modified":"2025-11-29T14:59:13","modified_gmt":"2025-11-29T14:59:13","slug":"la-victime-identifiee-un-adolescent-de-15-ans-au-casier-vierge","status":"publish","type":"post","link":"https:\/\/www.europesays.com\/fr\/566863\/","title":{"rendered":"la victime identifi\u00e9e, un adolescent de 15 ans au casier vierge"},"content":{"rendered":"<p><a href=\"https:\/\/www.ledauphine.com\/faits-divers-justice\/2025\/11\/28\/un-corps-carbonise-retrouve-dans-le-nord-de-marseille\" target=\"_blank\" rel=\"noopener\">Le corps carbonis\u00e9 retrouv\u00e9 vendredi<\/a> dans le nord de marseille est celui d&rsquo;un adolescent de 15 ans au casier judiciaire vierge, a-t-on appris ce samedi aupr\u00e8s du parquet de la deuxi\u00e8me ville de France, \u00e9voquant l&rsquo;hypoth\u00e8se \u00ab d&rsquo;un meurtre li\u00e9 au trafic de stup\u00e9fiants. \u00bb<\/p>\n<p>\u00ab Le mode op\u00e9ratoire laisse penser qu&rsquo;il s&rsquo;agirait d&rsquo;un meurtre li\u00e9 au trafic de stup\u00e9fiants \u00bb, a indiqu\u00e9 le parquet de Marseille. Ces derni\u00e8res semaines, la deuxi\u00e8me ville de France, particuli\u00e8rement touch\u00e9e par des trafics de drogue et les guerres d&rsquo;influence entre gangs rivaux, a \u00e9t\u00e9 secou\u00e9e par plusieurs homicides. Mais les autorit\u00e9s mettent en avant le recul ces trois derni\u00e8res ann\u00e9es des meurtres li\u00e9s au narcotrafic.<\/p>\n<p>Tu\u00e9 avant d&rsquo;\u00eatre br\u00fbl\u00e9<\/p>\n<p>Le corps calcin\u00e9 avait \u00e9t\u00e9 retrouv\u00e9 vendredi matin dans le quartier des Arnavaux, dans le 14\u00e8me arrondissement de Marseille, une source polici\u00e8re rapportant la pr\u00e9sence d&rsquo;une douille \u00e0 proximit\u00e9. La victime, un jeune Marseillais, est un adolescent de 15 ans, au casier judiciaire vierge, a indiqu\u00e9 le parquet de Marseille, confirmant une information de BFMTV.<\/p>\n<p>La victime a \u00e9t\u00e9 tu\u00e9e avant d&rsquo;\u00eatre br\u00fbl\u00e9e, a pr\u00e9cis\u00e9 le parquet. L&rsquo;adolescent \u00ab avait \u00e9t\u00e9 signalis\u00e9 dans une affaire de menaces dans laquelle il avait \u00e9t\u00e9 mis hors de cause \u00bb, d&rsquo;apr\u00e8s la m\u00eame source.\u00a0<\/p>\n<p>16 morts cette ann\u00e9e<\/p>\n<p>Selon un d\u00e9compte de l&rsquo;AFP, en ne tenant pas compte de ce nouvel homicide, 16 personnes ont perdu la vie dans des assassinats li\u00e9s au trafic de drogue depuis le d\u00e9but de l&rsquo;ann\u00e9e dans les Bouches-du-Rh\u00f4ne.<\/p>\n<p>Mercredi soir d\u00e9j\u00e0, un jeune homme de 18 ans, connu des services de police, avait \u00e9t\u00e9 abattu de quatre balles dans le dos pr\u00e8s de la gare Saint-Charles, dans le centre de Marseille.\u00a0<\/p>\n<p>Le 13 novembre, <a href=\"https:\/\/www.ledauphine.com\/faits-divers-justice\/2025\/11\/22\/amine-kessaci-je-demande-a-la-population-de-se-lever-pour-dire-son-refus-du-narcotrafic\" target=\"_blank\" rel=\"noopener\">la mort de Mehdi Kessaci<\/a>, 20 ans, le petit fr\u00e8re du militant \u00e9cologiste et anti narcotrafic Amine Kessaci, a boulevers\u00e9 Marseille. Plus de\u00a0 000 personnes se sont rassembl\u00e9es le 22 novembre sur les lieux du crime pour dire \u00ab stop \u00bb au narcotrafic qui gangr\u00e8ne la deuxi\u00e8me ville de France.<\/p>\n","protected":false},"excerpt":{"rendered":"Le corps carbonis\u00e9 retrouv\u00e9 vendredi dans le nord de marseille est celui d&rsquo;un adolescent de 15 ans au&hellip;\n","protected":false},"author":2,"featured_media":566864,"comment_status":"","ping_status":"","sticky":false,"template":"","format":"standard","meta":{"footnotes":""},"categories":[2814],"tags":[1111,11,1777,674,274,107,1011,27,329,884,12,882,25],"class_list":{"0":"post-566863","1":"post","2":"type-post","3":"status-publish","4":"format-standard","5":"has-post-thumbnail","7":"category-marseille","8":"tag-actu","9":"tag-actualites","10":"tag-eu","11":"tag-europe","12":"tag-faits-divers-justice","13":"tag-fil-info","14":"tag-fr","15":"tag-france","16":"tag-france-monde","17":"tag-marseille","18":"tag-news","19":"tag-provence-alpes-cote-dazur","20":"tag-republique-francaise"},"share_on_mastodon":{"url":"https:\/\/pubeurope.com\/@fr\/115633583948969226","error":""},"_links":{"self":[{"href":"https:\/\/www.europesays.com\/fr\/wp-json\/wp\/v2\/posts\/566863","targetHints":{"allow":["GET"]}}],"collection":[{"href":"https:\/\/www.europesays.com\/fr\/wp-json\/wp\/v2\/posts"}],"about":[{"href":"https:\/\/www.europesays.com\/fr\/wp-json\/wp\/v2\/types\/post"}],"author":[{"embeddable":true,"href":"https:\/\/www.europesays.com\/fr\/wp-json\/wp\/v2\/users\/2"}],"replies":[{"embeddable":true,"href":"https:\/\/www.europesays.com\/fr\/wp-json\/wp\/v2\/comments?post=566863"}],"version-history":[{"count":0,"href":"https:\/\/www.europesays.com\/fr\/wp-json\/wp\/v2\/posts\/566863\/revisions"}],"wp:featuredmedia":[{"embeddable":true,"href":"https:\/\/www.europesays.com\/fr\/wp-json\/wp\/v2\/media\/566864"}],"wp:attachment":[{"href":"https:\/\/www.europesays.com\/fr\/wp-json\/wp\/v2\/media?parent=566863"}],"wp:term":[{"taxonomy":"category","embeddable":true,"href":"https:\/\/www.europesays.com\/fr\/wp-json\/wp\/v2\/categories?post=566863"},{"taxonomy":"post_tag","embeddable":true,"href":"https:\/\/www.europesays.com\/fr\/wp-json\/wp\/v2\/tags?post=566863"}],"curies":[{"name":"wp","href":"https:\/\/api.w.org\/{rel}","templated":true}]}}