{"id":566865,"date":"2025-11-29T15:00:18","date_gmt":"2025-11-29T15:00:18","guid":{"rendered":"https:\/\/www.europesays.com\/fr\/566865\/"},"modified":"2025-11-29T15:00:18","modified_gmt":"2025-11-29T15:00:18","slug":"la-victime-est-un-adolescent-de-15-ans-au-casier-vierge","status":"publish","type":"post","link":"https:\/\/www.europesays.com\/fr\/566865\/","title":{"rendered":"la victime est un adolescent de 15\u00a0ans au casier vierge"},"content":{"rendered":"<p>La victime, un jeune Marseillais, est un adolescent de 15\u00a0ans, au casier judiciaire vierge, a indiqu\u00e9 le parquet de Marseille, confirmant une information publi\u00e9e par BFMTV. La victime a \u00e9t\u00e9 tu\u00e9e avant d\u2019\u00eatre br\u00fbl\u00e9e, a pr\u00e9cis\u00e9 le parquet. L\u2019adolescent \u00ab\u00a0avait \u00e9t\u00e9 signalis\u00e9 dans une affaire de menaces dans laquelle il avait \u00e9t\u00e9 mis hors de cause\u00a0\u00bb, d\u2019apr\u00e8s la m\u00eame source.<\/p>\n<p>Dire \u00ab\u00a0stop\u00a0\u00bb au narcotrafic<\/p>\n<p>Selon un d\u00e9compte, en ne tenant pas compte de ce nouvel homicide, 16\u00a0personnes ont perdu la vie dans des assassinats li\u00e9s au trafic de drogue depuis le d\u00e9but de l\u2019ann\u00e9e dans les Bouches-du-Rh\u00f4ne. Mercredi soir d\u00e9j\u00e0, un jeune homme de 18\u00a0ans, connu des services de police, avait \u00e9t\u00e9 <a href=\"https:\/\/www.sudouest.fr\/faits-divers\/marseille-un-jeune-homme-tue-par-balle-pres-de-la-gare-saint-charles-dans-un-nouveau-reglement-de-comptes-26871541.php\" target=\"_blank\" rel=\"follow noopener\">abattu de quatre balles dans le dos pr\u00e8s de la gare Saint-Charles<\/a>, dans le centre de Marseille.<\/p>\n","protected":false},"excerpt":{"rendered":"La victime, un jeune Marseillais, est un adolescent de 15\u00a0ans, au casier judiciaire vierge, a indiqu\u00e9 le parquet&hellip;\n","protected":false},"author":2,"featured_media":566866,"comment_status":"","ping_status":"","sticky":false,"template":"","format":"standard","meta":{"footnotes":""},"categories":[2814],"tags":[1111,11,1777,674,1011,27,884,12,882,25],"class_list":{"0":"post-566865","1":"post","2":"type-post","3":"status-publish","4":"format-standard","5":"has-post-thumbnail","7":"category-marseille","8":"tag-actu","9":"tag-actualites","10":"tag-eu","11":"tag-europe","12":"tag-fr","13":"tag-france","14":"tag-marseille","15":"tag-news","16":"tag-provence-alpes-cote-dazur","17":"tag-republique-francaise"},"share_on_mastodon":{"url":"https:\/\/pubeurope.com\/@fr\/115633587673309201","error":""},"_links":{"self":[{"href":"https:\/\/www.europesays.com\/fr\/wp-json\/wp\/v2\/posts\/566865","targetHints":{"allow":["GET"]}}],"collection":[{"href":"https:\/\/www.europesays.com\/fr\/wp-json\/wp\/v2\/posts"}],"about":[{"href":"https:\/\/www.europesays.com\/fr\/wp-json\/wp\/v2\/types\/post"}],"author":[{"embeddable":true,"href":"https:\/\/www.europesays.com\/fr\/wp-json\/wp\/v2\/users\/2"}],"replies":[{"embeddable":true,"href":"https:\/\/www.europesays.com\/fr\/wp-json\/wp\/v2\/comments?post=566865"}],"version-history":[{"count":0,"href":"https:\/\/www.europesays.com\/fr\/wp-json\/wp\/v2\/posts\/566865\/revisions"}],"wp:featuredmedia":[{"embeddable":true,"href":"https:\/\/www.europesays.com\/fr\/wp-json\/wp\/v2\/media\/566866"}],"wp:attachment":[{"href":"https:\/\/www.europesays.com\/fr\/wp-json\/wp\/v2\/media?parent=566865"}],"wp:term":[{"taxonomy":"category","embeddable":true,"href":"https:\/\/www.europesays.com\/fr\/wp-json\/wp\/v2\/categories?post=566865"},{"taxonomy":"post_tag","embeddable":true,"href":"https:\/\/www.europesays.com\/fr\/wp-json\/wp\/v2\/tags?post=566865"}],"curies":[{"name":"wp","href":"https:\/\/api.w.org\/{rel}","templated":true}]}}