{"id":566867,"date":"2025-11-29T15:02:16","date_gmt":"2025-11-29T15:02:16","guid":{"rendered":"https:\/\/www.europesays.com\/fr\/566867\/"},"modified":"2025-11-29T15:02:16","modified_gmt":"2025-11-29T15:02:16","slug":"on-na-jamais-mis-autant-de-gens-en-prison","status":"publish","type":"post","link":"https:\/\/www.europesays.com\/fr\/566867\/","title":{"rendered":"On n\u2019a jamais mis autant de gens en prison"},"content":{"rendered":"<p><strong>LyonMag : Apr\u00e8s dix-huit mois \u00e0 la t\u00eate du parquet, quel regard portez-vous sur le tribunal de Lyon ? <\/strong><\/p>\n<p><strong>Thierry Dran<\/strong> : C&rsquo;est difficile de faire un constat aujourd\u2019hui. C\u2019est un grand tribunal, avec un fonctionnement qui prend du temps \u00e0 appr\u00e9hender. Il m\u2019a fallu six mois pour comprendre comment il tourne vraiment. En r\u00e9alit\u00e9, je n\u2019ai qu\u2019un an de recul op\u00e9rationnel. C\u2019est un environnement o\u00f9 l\u2019on doit sans cesse s\u2019adapter : \u00e0 la d\u00e9linquance, aux p\u00e9riodes plus tendues, aux nouveaux ph\u00e9nom\u00e8nes. S\u2019adapter, c\u2019est le nerf de la guerre chez nous. Le regard que je porte aujourd\u2019hui est plut\u00f4t positif : les gens travaillent, sont de bonne volont\u00e9, ce qui n\u2019est pas toujours le cas ailleurs. Mais nous restons en sous-effectifs, au parquet comme au si\u00e8ge, et aussi parmi les fonctionnaires du greffe. Alors oui, nous devons faire des choix, c\u2019est ce qu\u2019on appelle la politique p\u00e9nale.<\/p>\n<p><strong>Vous avez entrepris une r\u00e9organisation importante du parquet. Quels en sont les effets ?<\/strong><\/p>\n<p>Nous avons men\u00e9 une restructuration majeure \u00e0 l\u2019automne 2024, amorc\u00e9e par mon pr\u00e9d\u00e9cesseur. Ce genre de changement ne se fait pas en un claquement de doigts : il faut revoir les pratiques, expliquer, convaincre. \u00a0Cette r\u00e9forme poursuivait quatre objectifs. Le premier, c\u2019\u00e9tait de recentrer la JIRS sur son c\u0153ur de m\u00e9tier : la criminalit\u00e9 organis\u00e9e et la d\u00e9linquance financi\u00e8re. Avant, il y avait un chevauchement entre grande criminalit\u00e9 et d\u00e9linquance organis\u00e9e, peu lisible pour les enqu\u00eateurs. D\u00e9sormais, la JIRS ne traite que le \u00ab\u00a0haut spectre\u00a0\u00bb. La d\u00e9linquance organis\u00e9e, elle, a \u00e9t\u00e9 int\u00e9gr\u00e9e \u00e0 une autre division, avec des circuits plus courts : comparution imm\u00e9diate, proc\u00e9dure \u00e0 bref d\u00e9lai, voire ouverture d\u2019information. Chaque magistrat est comp\u00e9tent pour un secteur territorial. Le deuxi\u00e8me axe concernait les jeunes magistrats : ils souhaitaient exercer un \u00e9ventail complet de missions, au-del\u00e0 des permanences et des comparutions imm\u00e9diates, ce que la nouvelle organisation leur permet d\u00e9sormais. Troisi\u00e8me axe : la cr\u00e9ation d\u2019une section \u201cfamille\u201d regroupant violences intrafamiliales (les VIF, ndlr) et parquet des mineurs. C\u2019est la plus grosse section du parquet. Les violences intrafamiliales ont souvent des cons\u00e9quences sur les enfants ; il \u00e9tait logique de traiter ces dossiers ensemble. Enfin, une division transversale de pr\u00e9vention a \u00e9t\u00e9 mise en place. L\u2019id\u00e9e, c\u2019est d\u2019avoir un parquet mieux structur\u00e9, plus coh\u00e9rent.<\/p>\n<p><strong>Par manque de personnel, vous avez \u00e9voqu\u00e9 le fait de\u00a0\u201cfaire des choix\u201d. Cela signifie quoi concr\u00e8tement ? <\/strong><\/p>\n<p>Il faut hi\u00e9rarchiser les priorit\u00e9s. C&rsquo;est ce qu&rsquo;on appelle la politique p\u00e9nale. Certaines politiques p\u00e9nales sont nationales. Par ailleurs, la lutte contre les VIF, par exemple, reste une priorit\u00e9 absolue \u00e0 Lyon. Cela se traduit par des circuits acc\u00e9l\u00e9r\u00e9s et une ex\u00e9cution plus rapide des peines. \u00a0D\u2019autres priorit\u00e9s sont locales. Ces derniers mois, nous avons observ\u00e9 une forte hausse des vols avec violence, du type arrachages de colliers. C\u2019est un ph\u00e9nom\u00e8ne nouveau, donc nous adaptons notre r\u00e9ponse : comparutions imm\u00e9diates quasi syst\u00e9matiques, mineurs compris. Nous restons \u00e9galement mobilis\u00e9s sur la lutte contre les atteintes \u00e0 l\u2019environnement, moins visible m\u00e9diatiquement, mais bien r\u00e9elle. Et bien s\u00fbr, le trafic de stup\u00e9fiants demeure une priorit\u00e9 nationale et locale.<\/p>\n<p><strong>Les coups de filet r\u00e9cents dans les affaires de stup\u00e9fiants ont-ils port\u00e9 leurs fruits ?\u00a0<\/strong><\/p>\n<p>Difficile \u00e0 dire, mais oui, nous avons port\u00e9 des coups aux trafiquants. Les enqu\u00eates sont longues, mais nous avons identifi\u00e9 plusieurs t\u00eates de r\u00e9seau. Les op\u00e9rations de type Place nette XXL ont permis de marquer des points. \u00c0 Villeurbanne, la situation s\u2019est globalement am\u00e9lior\u00e9e. Je ne dirais pas que la guerre est gagn\u00e9e, mais elle avance. C\u2019est une guerre de longue haleine. Il y a encore des quartiers complexes, beaucoup d\u2019argent en jeu. On finira par la gagner, mais \u00e7a prend du temps.\u00a0<\/p>\n<p><strong>Les moyens judiciaires sont-ils suffisants pour mener ce combat ?\u00a0<\/strong><\/p>\n<p>Nous sommes le troisi\u00e8me tribunal de France en volume d\u2019affaires, devant Marseille, mais loin d\u2019\u00eatre le troisi\u00e8me en effectif. En Europe, la moyenne est de 11,2 magistrats du parquet pour 100 000 habitants. En France, c\u2019est 3,2. \u00c0 Lyon, nous sommes \u00e0 2,4. Le calcul est vite fait. Cela ne veut pas dire que tout va mal : l&rsquo;\u00e9quipe autour du magistrat s&rsquo;est quand m\u00eame d\u00e9velopp\u00e9e, mais nous restons loin du compte.<\/p>\n<p><strong>Le sentiment d\u2019ins\u00e9curit\u00e9 semble s\u2019accentuer dans l\u2019opinion publique. Partagez-vous ce constat ?<\/strong><\/p>\n<p>Un magistrat ne s&rsquo;occupe pas des sentiments. Il applique la loi et s&rsquo;occupe de fait. Il y a, comme je l\u2019ai dit pr\u00e9c\u00e9demment, une hausse des agressions et des vols violents. Face \u00e0 cela, il n\u2019y a pas trente-six solutions : Il faut donc demander aux forces de l\u2019ordre de mettre l&rsquo;accent sur ce type de fait, de faire le plus d&rsquo;interpellations possibles et d\u00e8s qu&rsquo;il y a une interpellation, nous, on les d\u00e9f\u00e8re au tribunal. Contrairement \u00e0 ce qu\u2019on entend, les tribunaux ne sont pas laxistes. On n\u2019a jamais envoy\u00e9 autant de gens en prison. Mais avec jusqu\u2019\u00e0 170 000 proc\u00e9dures par an et seulement 60 000 places pour plus de 80 000 d\u00e9tenus, il y a des peines de prison qui ne sont pas adapt\u00e9es. \u00a0Certaines infractions appellent \u00e0 d\u2019autres sanctions : amendes, jour amende, travail d\u2019int\u00e9r\u00eat g\u00e9n\u00e9ral, stages. Le \u00ab\u00a0tout carc\u00e9ral\u00a0\u00bb n\u2019est pas la solution. M\u00eame si \u00e7a peut l\u2019\u00eatre dans certains cas, je n\u2019ai pas honte de le dire.<\/p>\n<p style=\"text-align: right;\"><strong>Propos recueillis par Alexis Alouache<\/strong><\/p>\n","protected":false},"excerpt":{"rendered":"LyonMag : Apr\u00e8s dix-huit mois \u00e0 la t\u00eate du parquet, quel regard portez-vous sur le tribunal de Lyon&hellip;\n","protected":false},"author":2,"featured_media":566868,"comment_status":"","ping_status":"","sticky":false,"template":"","format":"standard","meta":{"footnotes":""},"categories":[1889],"tags":[1111,11,2813,2190,2430,1109,251,1112,2811,1777,674,118,1011,27,1922,1110,1114,2428,2810,12,241,316,25,2812,517,800],"class_list":{"0":"post-566867","1":"post","2":"type-post","3":"status-publish","4":"format-standard","5":"has-post-thumbnail","7":"category-lyon","8":"tag-actu","9":"tag-actualites","10":"tag-article","11":"tag-asvel","12":"tag-auvergne-rhone-alpes","13":"tag-breves","14":"tag-culture","15":"tag-depeches","16":"tag-economique","17":"tag-eu","18":"tag-europe","19":"tag-faits-divers","20":"tag-fr","21":"tag-france","22":"tag-info","23":"tag-informations","24":"tag-infos","25":"tag-lyon","26":"tag-lyonmag","27":"tag-news","28":"tag-ol","29":"tag-politique","30":"tag-republique-francaise","31":"tag-sociale","32":"tag-sport","33":"tag-transports"},"share_on_mastodon":{"url":"https:\/\/pubeurope.com\/@fr\/115633595678906871","error":""},"_links":{"self":[{"href":"https:\/\/www.europesays.com\/fr\/wp-json\/wp\/v2\/posts\/566867","targetHints":{"allow":["GET"]}}],"collection":[{"href":"https:\/\/www.europesays.com\/fr\/wp-json\/wp\/v2\/posts"}],"about":[{"href":"https:\/\/www.europesays.com\/fr\/wp-json\/wp\/v2\/types\/post"}],"author":[{"embeddable":true,"href":"https:\/\/www.europesays.com\/fr\/wp-json\/wp\/v2\/users\/2"}],"replies":[{"embeddable":true,"href":"https:\/\/www.europesays.com\/fr\/wp-json\/wp\/v2\/comments?post=566867"}],"version-history":[{"count":0,"href":"https:\/\/www.europesays.com\/fr\/wp-json\/wp\/v2\/posts\/566867\/revisions"}],"wp:featuredmedia":[{"embeddable":true,"href":"https:\/\/www.europesays.com\/fr\/wp-json\/wp\/v2\/media\/566868"}],"wp:attachment":[{"href":"https:\/\/www.europesays.com\/fr\/wp-json\/wp\/v2\/media?parent=566867"}],"wp:term":[{"taxonomy":"category","embeddable":true,"href":"https:\/\/www.europesays.com\/fr\/wp-json\/wp\/v2\/categories?post=566867"},{"taxonomy":"post_tag","embeddable":true,"href":"https:\/\/www.europesays.com\/fr\/wp-json\/wp\/v2\/tags?post=566867"}],"curies":[{"name":"wp","href":"https:\/\/api.w.org\/{rel}","templated":true}]}}