{"id":566873,"date":"2025-11-29T15:06:21","date_gmt":"2025-11-29T15:06:21","guid":{"rendered":"https:\/\/www.europesays.com\/fr\/566873\/"},"modified":"2025-11-29T15:06:21","modified_gmt":"2025-11-29T15:06:21","slug":"le-corps-dun-adolescent-de-15-ans-au-casier-vierge-retrouve-carbonise-a-marseille","status":"publish","type":"post","link":"https:\/\/www.europesays.com\/fr\/566873\/","title":{"rendered":"Le corps d&rsquo;un adolescent de 15\u00a0ans au casier vierge retrouv\u00e9 carbonis\u00e9 \u00e0 Marseille"},"content":{"rendered":"\n<p class=\"c-chapo \">\n  Le meurtre pourrait \u00eatre li\u00e9 au narcotrafic compte tenu du mode op\u00e9ratoire, selon les premiers \u00e9l\u00e9ments de l&rsquo;enqu\u00eate.\n<\/p>\n<p>      lire plus tard<\/p>\n<p id=\"dialog__title\" class=\"dialog__title\">Pour sauvegarder cet article, connectez-vous ou cr\u00e9ez un compte franceinfo<\/p>\n<p class=\"dialog__description\">Sans paiement. Sans abonnement.<\/p>\n<p>        Fermer la fen\u00eatre d\u2019activation des notifications France Info<\/p>\n<p>      cr\u00e9er votre compte<\/p>\n<p>      se connecter<\/p>\n<p>        Fermer la fen\u00eatre de pr\u00e9sentation<\/p>\n<p>    <img loading=\"lazy\" decoding=\"async\" class=\"signature__image lazyload\" width=\"100\" height=\"100\" data- alt=\"\" src=\"https:\/\/www.europesays.com\/fr\/wp-content\/uploads\/2025\/05\/64a68815cd1a7_placeholder-36b69ec8.png\"\/><\/p>\n<p>    Publi\u00e9 le 29\/11\/2025 15:13<\/p>\n<p>      Mis \u00e0 jour le 29\/11\/2025 15:37<\/p>\n<p>        Temps de lecture : 1min<\/p>\n<p>    <img decoding=\"async\"  alt=\"Le corps d'un adolescent de 15 ans au casier judiciaire vierge a \u00e9t\u00e9 d\u00e9couvert carbonis\u00e9 vendredi 28 novembre 2025 dans le nord de Marseille. (CHRISTOPHE ENA \/ AFP)\" width=\"432\" height=\"243\" src=\"https:\/\/www.europesays.com\/fr\/wp-content\/uploads\/2025\/11\/000-34lv9wv-1-692b021da7376087120737.jpg\" fetchpriority=\"high\"\/><\/p>\n<p>      Le corps d&rsquo;un adolescent de 15 ans au casier judiciaire vierge a \u00e9t\u00e9 d\u00e9couvert carbonis\u00e9 vendredi 28 novembre 2025 dans le nord de Marseille. (CHRISTOPHE ENA \/ AFP)<\/p>\n<p>Une nouvelle personne mineure tu\u00e9e \u00e0 Marseille. <a href=\"https:\/\/france3-regions.franceinfo.fr\/provence-alpes-cote-d-azur\/bouches-du-rhone\/marseille\/un-corps-calcine-decouvert-dans-le-14-arrondissement-de-marseille-3257494.html\" target=\"_self\" rel=\"noopener noreferrer nofollow\" data-tooltip-url=\"https:\/\/france3-regions.franceinfo.fr\/provence-alpes-cote-d-azur\/bouches-du-rhone\/marseille\/un-corps-calcine-decouvert-dans-le-14-arrondissement-de-marseille-3257494.html\">Le corps carbonis\u00e9 retrouv\u00e9 vendredi<\/a> dans le nord de la cit\u00e9 phoc\u00e9enne est celui d&rsquo;un adolescent de 15\u00a0ans au casier judiciaire vierge, a-t-on appris samedi 29\u00a0novembre aupr\u00e8s du parquet de la ville.\u00a0\u00ab\u00a0Le mode op\u00e9ratoire laisse penser qu&rsquo;il s&rsquo;agirait d&rsquo;un meurtre li\u00e9 au trafic de stup\u00e9fiants\u00a0\u00bb, a d\u00e9clar\u00e9 le parquet de Marseille sollicit\u00e9 par l&rsquo;AFP, confirmant une information de <a href=\"https:\/\/www.bfmtv.com\/marseille\/info-bfmtv-corps-carbonise-a-marseille-la-victime-est-une-jeune-de-15-ans-inconnu-des-services-de-justice_AN-202511290204.html\" target=\"_blank\" rel=\"noopener\" data-tooltip-url=\"https:\/\/www.bfmtv.com\/marseille\/info-bfmtv-corps-carbonise-a-marseille-la-victime-est-une-jeune-de-15-ans-inconnu-des-services-de-justice_AN-202511290204.html\">BFMTV<\/a>.<\/p>\n<p>Le corps calcin\u00e9 a \u00e9t\u00e9 retrouv\u00e9 vendredi matin dans le quartier des Arnavaux, dans le 14e\u00a0arrondissement de Marseille. La victime a \u00e9t\u00e9 tu\u00e9e avant d&rsquo;\u00eatre br\u00fbl\u00e9e, a pr\u00e9cis\u00e9 le parquet. Le nom de l&rsquo;adolescent avait \u00e9t\u00e9 cit\u00e9 \u00ab\u00a0dans une affaire de menaces dans laquelle il avait \u00e9t\u00e9 mis hors de cause\u00a0\u00bb, d&rsquo;apr\u00e8s cette m\u00eame source.<\/p>\n<p>La deuxi\u00e8me ville de France, <a href=\"https:\/\/www.franceinfo.fr\/faits-divers\/criminalite-a-marseille\/marseille-orange-ferme-une-antenne-a-proximite-d-un-point-de-deal_7647449.html\" target=\"_self\" rel=\"noopener noreferrer nofollow\" data-tooltip-url=\"https:\/\/www.franceinfo.fr\/faits-divers\/criminalite-a-marseille\/marseille-orange-ferme-une-antenne-a-proximite-d-un-point-de-deal_7647449.html\">particuli\u00e8rement touch\u00e9e par des trafics de drogue<\/a> et les guerres d&rsquo;influence entre gangs rivaux, a \u00e9t\u00e9 secou\u00e9e par plusieurs homicides durant l&rsquo;automne. Les autorit\u00e9s mettent toutefois en avant le recul des meurtres li\u00e9s au narcotrafic depuis 2022. Selon un d\u00e9compte de l&rsquo;AFP, en ne tenant pas compte de ce nouvel homicide, 16\u00a0personnes ont perdu la vie dans des assassinats li\u00e9s au trafic de drogue depuis le d\u00e9but de l&rsquo;ann\u00e9e dans les Bouches-du-Rh\u00f4ne.<\/p>\n","protected":false},"excerpt":{"rendered":"Le meurtre pourrait \u00eatre li\u00e9 au narcotrafic compte tenu du mode op\u00e9ratoire, selon les premiers \u00e9l\u00e9ments de l&rsquo;enqu\u00eate.&hellip;\n","protected":false},"author":2,"featured_media":566874,"comment_status":"","ping_status":"","sticky":false,"template":"","format":"standard","meta":{"footnotes":""},"categories":[1888],"tags":[1111,1928,11,1927,1777,674,1011,27,12,1926,626,1925,25],"class_list":{"0":"post-566873","1":"post","2":"type-post","3":"status-publish","4":"format-standard","5":"has-post-thumbnail","7":"category-paris","8":"tag-actu","9":"tag-actu-paris","10":"tag-actualites","11":"tag-actualites-paris","12":"tag-eu","13":"tag-europe","14":"tag-fr","15":"tag-france","16":"tag-news","17":"tag-news-paris","18":"tag-paris","19":"tag-paris-news","20":"tag-republique-francaise"},"share_on_mastodon":{"url":"https:\/\/pubeurope.com\/@fr\/115633612560483876","error":""},"_links":{"self":[{"href":"https:\/\/www.europesays.com\/fr\/wp-json\/wp\/v2\/posts\/566873","targetHints":{"allow":["GET"]}}],"collection":[{"href":"https:\/\/www.europesays.com\/fr\/wp-json\/wp\/v2\/posts"}],"about":[{"href":"https:\/\/www.europesays.com\/fr\/wp-json\/wp\/v2\/types\/post"}],"author":[{"embeddable":true,"href":"https:\/\/www.europesays.com\/fr\/wp-json\/wp\/v2\/users\/2"}],"replies":[{"embeddable":true,"href":"https:\/\/www.europesays.com\/fr\/wp-json\/wp\/v2\/comments?post=566873"}],"version-history":[{"count":0,"href":"https:\/\/www.europesays.com\/fr\/wp-json\/wp\/v2\/posts\/566873\/revisions"}],"wp:featuredmedia":[{"embeddable":true,"href":"https:\/\/www.europesays.com\/fr\/wp-json\/wp\/v2\/media\/566874"}],"wp:attachment":[{"href":"https:\/\/www.europesays.com\/fr\/wp-json\/wp\/v2\/media?parent=566873"}],"wp:term":[{"taxonomy":"category","embeddable":true,"href":"https:\/\/www.europesays.com\/fr\/wp-json\/wp\/v2\/categories?post=566873"},{"taxonomy":"post_tag","embeddable":true,"href":"https:\/\/www.europesays.com\/fr\/wp-json\/wp\/v2\/tags?post=566873"}],"curies":[{"name":"wp","href":"https:\/\/api.w.org\/{rel}","templated":true}]}}