{"id":566875,"date":"2025-11-29T15:07:21","date_gmt":"2025-11-29T15:07:21","guid":{"rendered":"https:\/\/www.europesays.com\/fr\/566875\/"},"modified":"2025-11-29T15:07:21","modified_gmt":"2025-11-29T15:07:21","slug":"exposition-dediee-a-la-photographe-americaine","status":"publish","type":"post","link":"https:\/\/www.europesays.com\/fr\/566875\/","title":{"rendered":"exposition d\u00e9di\u00e9e \u00e0 la photographe am\u00e9ricaine"},"content":{"rendered":"<p>ParisSelectBook &#8211; Lee Miller au Mus\u00e9e d\u2019Art Moderne de Paris : exposition d\u00e9di\u00e9e \u00e0 la photographe am\u00e9ricaine &#8211; Cr\u00e9dit photo \u00a9 Paris Select Book<\/p>\n<p>Au <strong>Mus\u00e9e d\u2019Art Moderne de Paris<\/strong>, une exposition retrace la <a href=\"https:\/\/www.parisselectbook.com\/2025\/11\/28\/hublot-lance-2-nouvelles-montres-de-luxe-a-cadrans-transparents-pour-mettre-le-mouvement-en-lumiere\/\" target=\"_blank\" rel=\"noopener\">trajectoire<\/a> de <strong>Lee Miller<\/strong>. Photographe, mod\u00e8le et correspondante de guerre, elle a travers\u00e9 des mondes oppos\u00e9s. Ici, le regard se d\u00e9place du studio aux ruines de l\u2019histoire.<\/p>\n<p>Une exposition au MAM Paris\u00a0: Lee Miller en clair-obscur<\/p>\n<p>D\u2019abord, le parcours pose les bases d\u2019une vie en <a href=\"https:\/\/www.parisselectbook.com\/2025\/11\/28\/hublot-lance-2-nouvelles-montres-de-luxe-a-cadrans-transparents-pour-mettre-le-mouvement-en-lumiere\/\" target=\"_blank\" rel=\"noopener\">mouvement<\/a>. L\u2019exposition propose un fil clair, du travail de mode aux images de conflit. Ainsi, les visiteurs passent des exp\u00e9rimentations surr\u00e9alistes aux reportages de terrain. La coh\u00e9rence se construit par th\u00e8mes, non par nostalgie.<\/p>\n<p>Ensuite, la mat\u00e9rialit\u00e9 des images prend toute sa place. Dans l\u2019exposition, tirages, <a href=\"https:\/\/www.parisselectbook.com\/2025\/11\/09\/paul-poiret-exposition-mode-gratuite-chez-christies-paris-8e\/\" target=\"_blank\" rel=\"noopener\">magazines<\/a> et documents rendent visible le contexte de production. De plus, on comprend comment une commande peut devenir une ic\u00f4ne. Le r\u00e9cit reste factuel, mais l\u2019\u00e9motion circule.<\/p>\n<p>Enfin, la biographie \u00e9claire la pratique, sans l\u2019\u00e9craser. Cette exposition replace la <a href=\"https:\/\/www.parisselectbook.com\/2025\/03\/26\/lart-francais-sinvite-a-new-york-grace-au-photographe-ludovic-baron\/\" target=\"_blank\" rel=\"noopener\">photographe<\/a> entre <strong>New York<\/strong>, <strong>Paris<\/strong> et <strong>Londres<\/strong>. Aussi, la collaboration avec <strong>Man Ray<\/strong> revient comme un pivot formateur. L\u2019\u00e9thique du regard se pr\u00e9cise au fil des salles.<\/p>\n<blockquote>\n<p>\u00ab La photographie de Lee Miller tient ensemble l\u2019intime et la sid\u00e9ration. \u00bb<\/p>\n<\/blockquote>\n<p>Ce que l\u2019on voit, ce que l\u2019on comprend<\/p>\n<p>Par touches successives, le parcours interroge le regard, le corps et la preuve. L\u2019exposition questionne nos habitudes d\u2019attention, face \u00e0 des images tant reprises. Ainsi, une robe de studio dialogue avec un casque de soldat. Le contraste n\u2019\u00e9teint pas la nuance, il la rend lisible.<\/p>\n<p>Le rythme des salles varie, puis respire. Le parcours de l\u2019exposition alterne proximit\u00e9 et recul, pour laisser les images travailler. Aussi, les cartels restent pr\u00e9cis, sans saturer l\u2019\u0153il. On avance, et le sens s\u2019\u00e9paissit.<\/p>\n<ul>\n<li>Pr\u00e9voir un temps de visite confortable pour parcourir chaque section.<\/li>\n<li>Rep\u00e9rer \u00e0 l\u2019avance les heures d\u2019affluence afin d\u2019\u00e9viter l\u2019attente.<\/li>\n<li>Privil\u00e9gier un carnet de notes pour garder vos rep\u00e8res.<\/li>\n<li>V\u00e9rifier sur place les consignes li\u00e9es aux sacs et aux photos.<\/li>\n<li>Prendre quelques minutes de pause entre deux salles pour assimiler.<\/li>\n<\/ul>\n<p>Rep\u00e8res biographiques et archives en regard<\/p>\n<p>Au d\u00e9but, <strong>Lee Miller<\/strong> pose pour la mode, puis d\u00e9place l\u2019axe. Ici, l\u2019exposition \u00e9claire son passage de mod\u00e8le \u00e0 autrice d\u2019images. Ainsi, les jeux de lumi\u00e8re rappellent la solarisation popularis\u00e9e autour de <strong>Man Ray<\/strong>. Le laboratoire devient un espace d\u2019invention concr\u00e8te.<\/p>\n<p>Plus tard, la guerre bouleverse ses priorit\u00e9s et ses m\u00e9thodes. Elle photographie pour <strong>Vogue<\/strong>, en suivant les bascules de l\u2019Europe. Par cons\u00e9quent, le style se durcit, sans perdre sa pr\u00e9cision. Les photos disent la ville lib\u00e9r\u00e9e, mais aussi la fatigue des visages.<\/p>\n<p>Apr\u00e8s le conflit, la vie continue, diff\u00e9remment. Cette exposition rappelle le r\u00f4le d\u00e9cisif des archives personnelles. De plus, le travail a \u00e9t\u00e9 conserv\u00e9 et transmis avec soin, de g\u00e9n\u00e9ration en g\u00e9n\u00e9ration. La m\u00e9moire visuelle devient une responsabilit\u00e9 partag\u00e9e.<\/p>\n<p>Visiter l\u2019exposition en toute s\u00e9r\u00e9nit\u00e9<\/p>\n<p>Pour une visite fluide, mieux vaut arriver t\u00f4t ou en semaine. Ainsi, on profite du silence utile aux images. En bref, quelques minutes de respiration entre les sections changent tout. Votre regard gagne en pr\u00e9cision.<\/p>\n<p>Pour profiter de l\u2019exposition, adaptez votre rythme \u00e0 la densit\u00e9 des \u0153uvres. Aussi, n\u2019h\u00e9sitez pas \u00e0 revenir sur une salle qui vous r\u00e9siste. Par cons\u00e9quent, les correspondances entre s\u00e9ries deviennent plus claires. Une approche patiente r\u00e9v\u00e8le un r\u00e9cit discret mais solide.<\/p>\n<p>Pr\u00e9parer sa venue au Mus\u00e9e d\u2019Art Moderne<\/p>\n<p>Le <strong>Mus\u00e9e d\u2019Art Moderne de Paris<\/strong> offre de vastes espaces, donc un r\u00e9el confort. Cependant, certaines salles peuvent se charger selon l\u2019horaire. Aussi, pr\u00e9voyez une tenue l\u00e9g\u00e8re et un sac compact. Vous gagnerez en libert\u00e9 de mouvement.<\/p>\n<p>Cette r\u00e9trospective met en relief des gestes de photographe, simples et d\u00e9cisifs. En ce sens, l\u2019exposition agit comme un cours de regard. De plus, elle montre comment un cadrage peut d\u00e9placer une histoire. La technique sert la pens\u00e9e, sans esbroufe.<\/p>\n<p>Enfin, chacun repart avec un fil personnel. Parfois un visage, parfois une trace sur un mur. Et, pourtant, c\u2019est un ensemble coh\u00e9rent qui demeure en m\u00e9moire. Le temps du mus\u00e9e continue, bien apr\u00e8s la sortie.<\/p>\n","protected":false},"excerpt":{"rendered":"ParisSelectBook &#8211; Lee Miller au Mus\u00e9e d\u2019Art Moderne de Paris : exposition d\u00e9di\u00e9e \u00e0 la photographe am\u00e9ricaine &#8211;&hellip;\n","protected":false},"author":2,"featured_media":566876,"comment_status":"","ping_status":"","sticky":false,"template":"","format":"standard","meta":{"footnotes":""},"categories":[1888],"tags":[1111,1928,11,1927,1777,674,3293,1011,27,12,1926,626,1925,25],"class_list":{"0":"post-566875","1":"post","2":"type-post","3":"status-publish","4":"format-standard","5":"has-post-thumbnail","7":"category-paris","8":"tag-actu","9":"tag-actu-paris","10":"tag-actualites","11":"tag-actualites-paris","12":"tag-eu","13":"tag-europe","14":"tag-exposition","15":"tag-fr","16":"tag-france","17":"tag-news","18":"tag-news-paris","19":"tag-paris","20":"tag-paris-news","21":"tag-republique-francaise"},"share_on_mastodon":{"url":"https:\/\/pubeurope.com\/@fr\/115633615387051673","error":""},"_links":{"self":[{"href":"https:\/\/www.europesays.com\/fr\/wp-json\/wp\/v2\/posts\/566875","targetHints":{"allow":["GET"]}}],"collection":[{"href":"https:\/\/www.europesays.com\/fr\/wp-json\/wp\/v2\/posts"}],"about":[{"href":"https:\/\/www.europesays.com\/fr\/wp-json\/wp\/v2\/types\/post"}],"author":[{"embeddable":true,"href":"https:\/\/www.europesays.com\/fr\/wp-json\/wp\/v2\/users\/2"}],"replies":[{"embeddable":true,"href":"https:\/\/www.europesays.com\/fr\/wp-json\/wp\/v2\/comments?post=566875"}],"version-history":[{"count":0,"href":"https:\/\/www.europesays.com\/fr\/wp-json\/wp\/v2\/posts\/566875\/revisions"}],"wp:featuredmedia":[{"embeddable":true,"href":"https:\/\/www.europesays.com\/fr\/wp-json\/wp\/v2\/media\/566876"}],"wp:attachment":[{"href":"https:\/\/www.europesays.com\/fr\/wp-json\/wp\/v2\/media?parent=566875"}],"wp:term":[{"taxonomy":"category","embeddable":true,"href":"https:\/\/www.europesays.com\/fr\/wp-json\/wp\/v2\/categories?post=566875"},{"taxonomy":"post_tag","embeddable":true,"href":"https:\/\/www.europesays.com\/fr\/wp-json\/wp\/v2\/tags?post=566875"}],"curies":[{"name":"wp","href":"https:\/\/api.w.org\/{rel}","templated":true}]}}