{"id":566879,"date":"2025-11-29T15:09:15","date_gmt":"2025-11-29T15:09:15","guid":{"rendered":"https:\/\/www.europesays.com\/fr\/566879\/"},"modified":"2025-11-29T15:09:15","modified_gmt":"2025-11-29T15:09:15","slug":"arrivee-du-quinte-du-samedi-29-novembre-a-paris-vincennes-idylle-express-ne-manque-pas-lobjectif-avec-jean-michel-bazire","status":"publish","type":"post","link":"https:\/\/www.europesays.com\/fr\/566879\/","title":{"rendered":"Arriv\u00e9e du quint\u00e9 du samedi 29\u00a0novembre \u00e0 Paris-Vincennes\u00a0: Idylle Express ne manque pas l\u2019objectif avec Jean-Michel Bazire"},"content":{"rendered":"<p class=\"paragraph text_align_left lp-f-body-02\"><b>Arriv\u00e9e du quint\u00e9 :<\/b> 15 &#8211; 13 &#8211; 7 &#8211; 6 &#8211; 16<\/p>\n<p class=\"paragraph text_align_left lp-f-body-02\">Il faut de tout pour faire un monde. Il en est de m\u00eame pour les chevaux au cours d\u2019un meeting. \u00c0 la veille du joli plateau propos\u00e9 pour la Finale du <a href=\"https:\/\/www.leparisien.fr\/sports\/hippisme\/arrivee-du-quinte-du-mercredi-6-aout-a-saint-malo-indy-de-jyr-soffre-une-troisieme-etape-du-grand-national-du-trot-06-08-2025-MODJLTIIHJCM7BEXBBN3BJTOGM.php\" target=\"_blank\" rel=\"noreferrer noopener\">Grand National du Trot (GNT)<\/a>, des sujets aux qualit\u00e9s ind\u00e9niables mais aux limites bien cern\u00e9es \u00e9taient aux prises \u00e0 l\u2019occasion du Prix de Saint-Georges de Didonne. <\/p>\n<p class=\"paragraph text_align_left lp-f-body-02\">Et cette course portant le nom d\u2019une commune situ\u00e9e en Charente-Maritime a \u00e9t\u00e9 d\u00e9croch\u00e9e par <a href=\"https:\/\/www.letrot.com\/stats\/chevaux\/idylle-express\/ZWpbZwsDAQIf\/courses\" target=\"_blank\" rel=\"noreferrer noopener\">Idylle Express<\/a> (n\u00b0 15) une concurrente entra\u00een\u00e9e un peu plus au nord (en Mayenne) par <a href=\"https:\/\/www.leparisien.fr\/sports\/hippisme\/quinte-du-samedi-8-novembre-a-paris-vincennes-elle-sentend-bien-avec-lui-pascal-lelievre-confie-illusion-jipad-a-jmb-07-11-2025-WHB74D4TDFA5BGAIVRD6FKBMW4.php\" target=\"_blank\" rel=\"noreferrer noopener\">Pascal Leli\u00e8vre<\/a> qui avait annonc\u00e9 qu\u2019elle faisait partie de ses espoirs dans <a href=\"https:\/\/www.kiosque.leparisien.fr\/\" target=\"_blank\" rel=\"noreferrer noopener\">notre \u00e9dition du 8 novembre<\/a>. \u00ab \u00c0 Nantes, elle \u00e9tait partie au galop mais c\u2019\u00e9tait vraiment bien ensuite, a confi\u00e9 Clarisse, la fille du metteur au point. On avait vu cette course o\u00f9 elle n\u2019affrontait que des chevaux d\u2019\u00e2ge et avait bien travaill\u00e9. La jument le fait de belle mani\u00e8re. Elle est gentille, bonne et progresse tout le temps. \u00bb<\/p>\n<p class=\"paragraph text_align_left lp-f-body-02\">M\u00eame si elle devait rendre 25 m, la jument de 7 ans n\u2019a pas eu de mal \u00e0 dominer ceux qui s\u2019\u00e9lan\u00e7aient au premier poteau. Rapproch\u00e9e progressivement par <a href=\"https:\/\/www.leparisien.fr\/sports\/hippisme\/le-plus-glorifiant-fier-la-legende-jean-michel-bazire-ouvre-lalbum-souvenirs-de-ses-prix-damerique-27-01-2024-TEAIAIARP5HM3PN4Y6KUYX6URI.php\" target=\"_blank\" rel=\"noreferrer noopener\">Jean-Michel Bazire<\/a> une fois la descente de <a href=\"https:\/\/www.leparisien.fr\/sports\/hippisme\/les-courses-sur-lhippodrome-de-paris-vincennes-cest-reparti-pour-30-ans-04-07-2025-ZFGEG7EXENAD3NFOBTMOPELCTY.php#:~:text=Hippisme-,Les%20courses%20sur%20l&#039;hippodrome%20de%20Paris%2DVincennes%2C%20c,les%20trois%20d%C3%A9cennies%20%C3%A0%20venir.\" target=\"_blank\" rel=\"noreferrer noopener\">la grande piste de Paris-Vincennes<\/a>, elle a vu sa t\u00e2che facilit\u00e9e dans la plaine par la faute d\u2019Insight Spoken (n\u00b0 14) et \u00c9ric Raffin, grands favoris de l\u2019\u00e9preuve. \u00c0 distance, Galion (n\u00b0 13) r\u00e9alise une belle valeur en s\u2019adjugeant le premier accessit aux d\u00e9pens de Gisaro (n\u00b0 7) et Impact Player (n\u00b0 6), les seuls concurrents du premier \u00e9chelon \u00e0 l\u2019arriv\u00e9e puisque la bonne combinaison est compl\u00e9t\u00e9e par Intouchable (n\u00b0 16), propri\u00e9t\u00e9 de <a href=\"https:\/\/www.leparisien.fr\/sports\/hippisme\/quinte-du-vendredi-10-octobre-a-paris-vincennes-intouchable-trait-dunion-de-lamitie-entre-marion-et-santamaria-09-10-2025-XTDOWNDLB5DSVKDSPP6D3I2DJU.php\" target=\"_blank\" rel=\"noreferrer noopener\">Baptiste Santamaria<\/a>.<\/p>\n","protected":false},"excerpt":{"rendered":"Arriv\u00e9e du quint\u00e9 : 15 &#8211; 13 &#8211; 7 &#8211; 6 &#8211; 16 Il faut de tout pour&hellip;\n","protected":false},"author":2,"featured_media":566880,"comment_status":"","ping_status":"","sticky":false,"template":"","format":"standard","meta":{"footnotes":""},"categories":[1888],"tags":[11,459,1777,674,1011,27,11462,12,626,25,60],"class_list":{"0":"post-566879","1":"post","2":"type-post","3":"status-publish","4":"format-standard","5":"has-post-thumbnail","7":"category-paris","8":"tag-actualites","9":"tag-departements-horsidfo","10":"tag-eu","11":"tag-europe","12":"tag-fr","13":"tag-france","14":"tag-hippisme","15":"tag-news","16":"tag-paris","17":"tag-republique-francaise","18":"tag-sports"},"share_on_mastodon":{"url":"https:\/\/pubeurope.com\/@fr\/115633623207943902","error":""},"_links":{"self":[{"href":"https:\/\/www.europesays.com\/fr\/wp-json\/wp\/v2\/posts\/566879","targetHints":{"allow":["GET"]}}],"collection":[{"href":"https:\/\/www.europesays.com\/fr\/wp-json\/wp\/v2\/posts"}],"about":[{"href":"https:\/\/www.europesays.com\/fr\/wp-json\/wp\/v2\/types\/post"}],"author":[{"embeddable":true,"href":"https:\/\/www.europesays.com\/fr\/wp-json\/wp\/v2\/users\/2"}],"replies":[{"embeddable":true,"href":"https:\/\/www.europesays.com\/fr\/wp-json\/wp\/v2\/comments?post=566879"}],"version-history":[{"count":0,"href":"https:\/\/www.europesays.com\/fr\/wp-json\/wp\/v2\/posts\/566879\/revisions"}],"wp:featuredmedia":[{"embeddable":true,"href":"https:\/\/www.europesays.com\/fr\/wp-json\/wp\/v2\/media\/566880"}],"wp:attachment":[{"href":"https:\/\/www.europesays.com\/fr\/wp-json\/wp\/v2\/media?parent=566879"}],"wp:term":[{"taxonomy":"category","embeddable":true,"href":"https:\/\/www.europesays.com\/fr\/wp-json\/wp\/v2\/categories?post=566879"},{"taxonomy":"post_tag","embeddable":true,"href":"https:\/\/www.europesays.com\/fr\/wp-json\/wp\/v2\/tags?post=566879"}],"curies":[{"name":"wp","href":"https:\/\/api.w.org\/{rel}","templated":true}]}}