{"id":566883,"date":"2025-11-29T15:11:22","date_gmt":"2025-11-29T15:11:22","guid":{"rendered":"https:\/\/www.europesays.com\/fr\/566883\/"},"modified":"2025-11-29T15:11:22","modified_gmt":"2025-11-29T15:11:22","slug":"des-negociateurs-ukrainiens-sont-en-route-vers-les-etats-unis","status":"publish","type":"post","link":"https:\/\/www.europesays.com\/fr\/566883\/","title":{"rendered":"des n\u00e9gociateurs ukrainiens sont en route vers les \u00c9tats-Unis"},"content":{"rendered":"<p class=\"app_entry_lead\">\n<p>                    <a title=\"\u00a0\u00a9\u00a0Press Service Of The President O\" href=\"https:\/\/www.europesays.com\/fr\/wp-content\/uploads\/2025\/11\/83266753.jpg\" class=\"fancy\"><\/p>\n<p>                            <img loading=\"lazy\" decoding=\"async\" src=\"https:\/\/www.europesays.com\/fr\/wp-content\/uploads\/2025\/11\/83266753.jpg\" alt=\"Guerre en Ukraine\u00a0: des n\u00e9gociateurs ukrainiens sont en route vers les \u00c9tats-Unis\" width=\"1500\" height=\"1001\"\/><\/p>\n<p>                    <\/a><\/p>\n<p>                Volodymyr Zelensky a annonc\u00e9 la venue de n\u00e9gociateurs ukrainiens aux \u00c9tats-Unis, afin de continuer \u00e0 travailler sur l&rsquo;accord de paix avec la Russie. Celui-ci a \u00e9t\u00e9 pr\u00e9sent\u00e9 il y a une semaine, puis amend\u00e9 le week-end dernier par l&rsquo;Ukraine \u00e0 Gen\u00e8ve (Suisse).<\/p>\n<p>L&rsquo;accord de paix propos\u00e9 par Donald Trump va-t-il finir par \u00eatre concluant\u00a0? Ce qui est s\u00fbr, c&rsquo;est que l&rsquo;Ukraine est sur le dossier. Volodymyr Zelensky a \u00e9crit sur X vouloir \u00ab\u00a0d\u00e9finir rapidement et concr\u00e8tement les mesures n\u00e9cessaires pour mettre fin \u00e0 la guerre\u00a0\u00bb, samedi 29\u00a0novembre. Pour cela, il a envoy\u00e9 \u00ab\u00a0le secr\u00e9taire du Conseil national de s\u00e9curit\u00e9 et de d\u00e9fense d&rsquo;Ukraine et chef de la d\u00e9l\u00e9gation ukrainienne, Rustem Umerov, accompagn\u00e9 de son \u00e9quipe\u00a0\u00bb aux \u00c9tats-Unis. Il veut \u00ab\u00a0continuer de collaborer\u00a0\u00bb avec Washington \u00ab\u00a0de la mani\u00e8re la plus constructive possible\u00a0\u00bb.<\/p>\n<p>Le pr\u00e9sident ukrainien esp\u00e8re d\u00e9sormais \u00ab\u00a0que les r\u00e9sultats des r\u00e9unions de Gen\u00e8ve seront d\u00e9sormais mis en \u0153uvre aux \u00c9tats-Unis\u00a0\u00bb. Celles-ci se sont tenues le week-end dernier, afin de discuter du plan de paix propos\u00e9 par Donald Trump. Il a \u00e9t\u00e9 largement amend\u00e9 par Kiev, qui refusait notamment de c\u00e9der des territoires \u00e0 la Russie.<\/p>\n<blockquote class=\"twitter-tweet\">\n<p dir=\"ltr\" lang=\"en\">Secretary of the National Security and Defense Council of Ukraine and head of the Ukrainian delegation Rustem Umerov, together with the team, is already on the way to the United States. Rustem delivered a report today, and the task is clear: to swiftly and substantively work out<\/p>\n<p>\u2014 Volodymyr Zelenskyy \/ (@ZelenskyyUa) <a href=\"https:\/\/twitter.com\/ZelenskyyUa\/status\/1994722242039615826?ref_src=twsrc%5Etfw\" target=\"_blank\" rel=\"noopener\">November 29, 2025<\/a><\/p><\/blockquote>\n<p>Le cessez-le-feu, la priorit\u00e9 de Kiev<\/p>\n<p>Alors que Vladimir Poutine affirmait jeudi, lors d&rsquo;une conf\u00e9rence de presse que \u00ab\u00a0si les troupes ukrainiennes quittent les territoires occup\u00e9s, nous cesserons les hostilit\u00e9s. Si elles ne partent pas, nous les chasserons par la force militaire\u00a0\u00bb. Le chef du Kremlin fait ici r\u00e9f\u00e9rence aux territoires de l&rsquo;est ukrainien, revendiqu\u00e9s par la Russie mais o\u00f9 reste une pr\u00e9sence militaire ukrainienne \u00e0 ce jour. La cession de ces territoires \u00e9tait pr\u00e9vue dans la premi\u00e8re mouture de l&rsquo;accord pr\u00e9sent\u00e9 par Donald Trump.<\/p>\n<p>Mais pour Volodymyr Zelensky, la seule piste s\u00e9rieuse pour le moment est celle du cessez-le-feu sur la ligne de front. Aujourd&rsquo;hui, on ne conna\u00eet que le plan travaill\u00e9 par Washington et Moscou, mais pas les d\u00e9tails travaill\u00e9s avec Kiev en Suisse. Steve Witkoff, l&rsquo;\u00e9missaire am\u00e9ricain, est attendu en Russie la semaine prochaine pour travailler sur ce plan.<\/p>\n<p>                    <script async src=\"https:\/\/platform.twitter.com\/widgets.js\" charset=\"utf-8\"><\/script><\/p>\n","protected":false},"excerpt":{"rendered":"Volodymyr Zelensky a annonc\u00e9 la venue de n\u00e9gociateurs ukrainiens aux \u00c9tats-Unis, afin de continuer \u00e0 travailler sur l&rsquo;accord&hellip;\n","protected":false},"author":2,"featured_media":566884,"comment_status":"","ping_status":"","sticky":false,"template":"","format":"standard","meta":{"footnotes":""},"categories":[1590],"tags":[11,68204,51761,1777,674,51763,12,51767,220],"class_list":{"0":"post-566883","1":"post","2":"type-post","3":"status-publish","4":"format-standard","5":"has-post-thumbnail","7":"category-ukraine","8":"tag-actualites","9":"tag-cms-linternaute-9348213","10":"tag-controller-content","11":"tag-eu","12":"tag-europe","13":"tag-format-papier","14":"tag-news","15":"tag-parallaxeinfeed","16":"tag-ukraine"},"share_on_mastodon":{"url":"https:\/\/pubeurope.com\/@fr\/115633631791628018","error":""},"_links":{"self":[{"href":"https:\/\/www.europesays.com\/fr\/wp-json\/wp\/v2\/posts\/566883","targetHints":{"allow":["GET"]}}],"collection":[{"href":"https:\/\/www.europesays.com\/fr\/wp-json\/wp\/v2\/posts"}],"about":[{"href":"https:\/\/www.europesays.com\/fr\/wp-json\/wp\/v2\/types\/post"}],"author":[{"embeddable":true,"href":"https:\/\/www.europesays.com\/fr\/wp-json\/wp\/v2\/users\/2"}],"replies":[{"embeddable":true,"href":"https:\/\/www.europesays.com\/fr\/wp-json\/wp\/v2\/comments?post=566883"}],"version-history":[{"count":0,"href":"https:\/\/www.europesays.com\/fr\/wp-json\/wp\/v2\/posts\/566883\/revisions"}],"wp:featuredmedia":[{"embeddable":true,"href":"https:\/\/www.europesays.com\/fr\/wp-json\/wp\/v2\/media\/566884"}],"wp:attachment":[{"href":"https:\/\/www.europesays.com\/fr\/wp-json\/wp\/v2\/media?parent=566883"}],"wp:term":[{"taxonomy":"category","embeddable":true,"href":"https:\/\/www.europesays.com\/fr\/wp-json\/wp\/v2\/categories?post=566883"},{"taxonomy":"post_tag","embeddable":true,"href":"https:\/\/www.europesays.com\/fr\/wp-json\/wp\/v2\/tags?post=566883"}],"curies":[{"name":"wp","href":"https:\/\/api.w.org\/{rel}","templated":true}]}}