{"id":566887,"date":"2025-11-29T15:13:18","date_gmt":"2025-11-29T15:13:18","guid":{"rendered":"https:\/\/www.europesays.com\/fr\/566887\/"},"modified":"2025-11-29T15:13:18","modified_gmt":"2025-11-29T15:13:18","slug":"royaume-uni-le-parti-your-party-veut-developper-une-politique-sociale-antiraciste-et-ecologique","status":"publish","type":"post","link":"https:\/\/www.europesays.com\/fr\/566887\/","title":{"rendered":"Royaume-Uni: \u00abLe parti \u00ab\u00a0Your Party\u00a0\u00bb veut d\u00e9velopper une politique sociale, antiraciste et \u00e9cologique\u00bb"},"content":{"rendered":"<p class=\"t-content__chapo\">\n                                                Au Royaume-Uni, s&rsquo;est tenue ce samedi 29 novembre \u00e0 Liverpool le 1er congr\u00e8s de \u00abYour Party\u00bb, (NDLR: un parti qui vous appartient), parti qui se veut progressiste, ancr\u00e9 \u00e0 gauche et cofond\u00e9 par l&rsquo;ancien leader du parti travailliste, Labour Jeremy Corbyn et\u00a0Zarah Sultana. Pour en parler,\u00a0La\u00ebtitia Langlois, ma\u00eetre de conf\u00e9rences \u00e0 l\u2019universit\u00e9 d\u2019Angers, sp\u00e9cialiste de politique britannique contemporaine, est l&rsquo;invit\u00e9e internationale de RFI. Entretien.                    <\/p>\n<p><img decoding=\"async\" fetchpriority=\"low\" src=\"https:\/\/www.europesays.com\/fr\/wp-content\/uploads\/2025\/11\/AP20322731091497.jpg\"   width=\"1024\" height=\"576\" alt=\"Jeremy Corbyn ex-leader du Parti travailliste est co-fondateur de \u00abYour Party\u00bb. [Image d'illustration]\" loading=\"eager\" class=\"a-img \"\/><\/p>\n<p>                Jeremy Corbyn ex-leader du Parti travailliste est co-fondateur de \u00abYour Party\u00bb. [Image d&rsquo;illustration]                AP &#8211; Thanassis Stavrakis            <\/p>\n<p class=\"a-read-more\">\u00c0 lire aussi<a href=\"https:\/\/www.rfi.fr\/fr\/europe\/20251005-royaume-uni-parti-conservateur-tories-se-r\u00e9affirmer-lors-de-son-congr\u00e8s-annuel-difficultes\" target=\"_self\" class=\"a-read-more__link\" rel=\"noopener\">Royaume-Uni: en difficult\u00e9, le Parti conservateur doit se r\u00e9affirmer lors de son congr\u00e8s annuel<\/a><\/p>\n","protected":false},"excerpt":{"rendered":"Au Royaume-Uni, s&rsquo;est tenue ce samedi 29 novembre \u00e0 Liverpool le 1er congr\u00e8s de \u00abYour Party\u00bb, (NDLR: un&hellip;\n","protected":false},"author":2,"featured_media":566888,"comment_status":"","ping_status":"","sticky":false,"template":"","format":"standard","meta":{"footnotes":""},"categories":[1588],"tags":[11,1777,674,5653,12,473,1853,1851,1850,1852],"class_list":{"0":"post-566887","1":"post","2":"type-post","3":"status-publish","4":"format-standard","5":"has-post-thumbnail","7":"category-royaume-uni","8":"tag-actualites","9":"tag-eu","10":"tag-europe","11":"tag-invite-international","12":"tag-news","13":"tag-royaume-uni","14":"tag-royaume-uni-de-grande-bretagne-et-dirlande-du-nord","15":"tag-uk","16":"tag-united-kingdom","17":"tag-united-kingdom-of-great-britain-and-northern-ireland"},"share_on_mastodon":{"url":"https:\/\/pubeurope.com\/@fr\/115633640207120519","error":""},"_links":{"self":[{"href":"https:\/\/www.europesays.com\/fr\/wp-json\/wp\/v2\/posts\/566887","targetHints":{"allow":["GET"]}}],"collection":[{"href":"https:\/\/www.europesays.com\/fr\/wp-json\/wp\/v2\/posts"}],"about":[{"href":"https:\/\/www.europesays.com\/fr\/wp-json\/wp\/v2\/types\/post"}],"author":[{"embeddable":true,"href":"https:\/\/www.europesays.com\/fr\/wp-json\/wp\/v2\/users\/2"}],"replies":[{"embeddable":true,"href":"https:\/\/www.europesays.com\/fr\/wp-json\/wp\/v2\/comments?post=566887"}],"version-history":[{"count":0,"href":"https:\/\/www.europesays.com\/fr\/wp-json\/wp\/v2\/posts\/566887\/revisions"}],"wp:featuredmedia":[{"embeddable":true,"href":"https:\/\/www.europesays.com\/fr\/wp-json\/wp\/v2\/media\/566888"}],"wp:attachment":[{"href":"https:\/\/www.europesays.com\/fr\/wp-json\/wp\/v2\/media?parent=566887"}],"wp:term":[{"taxonomy":"category","embeddable":true,"href":"https:\/\/www.europesays.com\/fr\/wp-json\/wp\/v2\/categories?post=566887"},{"taxonomy":"post_tag","embeddable":true,"href":"https:\/\/www.europesays.com\/fr\/wp-json\/wp\/v2\/tags?post=566887"}],"curies":[{"name":"wp","href":"https:\/\/api.w.org\/{rel}","templated":true}]}}