{"id":566893,"date":"2025-11-29T15:16:19","date_gmt":"2025-11-29T15:16:19","guid":{"rendered":"https:\/\/www.europesays.com\/fr\/566893\/"},"modified":"2025-11-29T15:16:19","modified_gmt":"2025-11-29T15:16:19","slug":"potentiellement-un-gatekeeper-la-commission-europeenne-examine-les-annonces-et-les-cartes-apple","status":"publish","type":"post","link":"https:\/\/www.europesays.com\/fr\/566893\/","title":{"rendered":"Potentiellement un gatekeeper, la Commission europ\u00e9enne examine les annonces et les cartes Apple"},"content":{"rendered":"<p>JAKARTA \u2014 Les r\u00e9gulateurs de l\u2019Union europ\u00e9enne (UE) examineront si les services Ads et Maps d\u2019Apple doivent \u00eatre soumis aux r\u00e8gles strictes de la loi sur le march\u00e9 des produits num\u00e9riques (DMA) au moment o\u00f9 Apple estime qu\u2019elle doit \u00eatre exclue.<\/p>\n<p>DMA est une r\u00e8gle digitale lanc\u00e9e par l\u2019UE il y a deux ans pour limiter la domination des grandes entreprises, en particulier les entreprises technologiques am\u00e9ricaines. Avec cette r\u00e8gle, la Commission europ\u00e9enne veut cr\u00e9er une concurrence \u00e9quitable.<\/p>\n<p>La Commission europ\u00e9enne a r\u00e9v\u00e9l\u00e9 qu\u2019Apple les avait inform\u00e9s que Ads et Maps avaient atteint les deux seuils DMA qui conduisent \u00e0 un gatekeeper. Si elle est d\u00e9sign\u00e9e comme gatekeeper, la soci\u00e9t\u00e9 doit \u00eatre soumise \u00e0 toutes les r\u00e8gles strictes de DMA.<\/p>\n<p>Les entreprises qui entrent dans cette cat\u00e9gorie doivent avoir plus de 45 millions d\u2019utilisateurs actifs par mois. En outre, les entreprises doivent avoir une capitalisation boursi\u00e8re de 75 milliards de dollars US (1 315 trillions de roupies).<\/p>\n<p>La Commission europ\u00e9enne dispose maintenant de 45 jours ouvrables pour d\u00e9cider de la nomination du gardien des services Maps et Ads d\u2019Apple. Si elle est fix\u00e9e, Apple dispose de six mois pour se conformer \u00e0 toutes les dispositions du DMA.<\/p>\n<p>En re\u0301pondant a\u0300 ce plan, Apple a fait une de\u0301claration officielle. La socie\u0301te\u0301 a de\u0301clare\u0301 que les deux services devaient e\u0302tre exclus du statut de gatekeeper. Cette de\u0301claration a e\u0301te\u0301 faite par Apple vendredi 28 novembre 2025.<\/p>\n<p>Apple a d\u00e9clar\u00e9 que le service Ads n\u2019\u00e9tait pas un grand acteur du march\u00e9 de la publicit\u00e9 en ligne de l\u2019UE. Apple a \u00e9galement ni\u00e9 utiliser des donn\u00e9es provenant de services internes ou d\u2019autres tiers pour son service publicitaire.<\/p>\n<p>Pour Maps, Apple a indique que l\u2019utilisation de ce service de cartes est tr\u00e8s limithe dans l\u2019Union europ\u00e9enne. Les utilisateurs ont tendance \u00e0 utiliser d\u2019autres services de navigation tels que Google Maps et Waze.<\/p>\n<p>The English, Chinese, Japanese, Arabic, and French versions are automatically generated by the AI. So there may still be inaccuracies in translating, please always see Indonesian as our main language.<br \/>\n                                    (system supported by DigitalSiber.id)<\/p>\n","protected":false},"excerpt":{"rendered":"JAKARTA \u2014 Les r\u00e9gulateurs de l\u2019Union europ\u00e9enne (UE) examineront si les services Ads et Maps d\u2019Apple doivent \u00eatre&hellip;\n","protected":false},"author":2,"featured_media":566894,"comment_status":"","ping_status":"","sticky":false,"template":"","format":"standard","meta":{"footnotes":""},"categories":[1586],"tags":[11,733,68206,68207,2196,6061,1777,674,1779,1011,27,68208,12,25,1778,364],"class_list":{"0":"post-566893","1":"post","2":"type-post","3":"status-publish","4":"format-standard","5":"has-post-thumbnail","7":"category-europe","8":"tag-actualites","9":"tag-apple","10":"tag-apple-ads","11":"tag-apple-maps","12":"tag-commission-europeenne","13":"tag-dma","14":"tag-eu","15":"tag-europe","16":"tag-european-union","17":"tag-fr","18":"tag-france","19":"tag-loi-sur-les-marches-numeriques","20":"tag-news","21":"tag-republique-francaise","22":"tag-ue","23":"tag-union-europeenne"},"share_on_mastodon":{"url":"https:\/\/pubeurope.com\/@fr\/115633650712059711","error":""},"_links":{"self":[{"href":"https:\/\/www.europesays.com\/fr\/wp-json\/wp\/v2\/posts\/566893","targetHints":{"allow":["GET"]}}],"collection":[{"href":"https:\/\/www.europesays.com\/fr\/wp-json\/wp\/v2\/posts"}],"about":[{"href":"https:\/\/www.europesays.com\/fr\/wp-json\/wp\/v2\/types\/post"}],"author":[{"embeddable":true,"href":"https:\/\/www.europesays.com\/fr\/wp-json\/wp\/v2\/users\/2"}],"replies":[{"embeddable":true,"href":"https:\/\/www.europesays.com\/fr\/wp-json\/wp\/v2\/comments?post=566893"}],"version-history":[{"count":0,"href":"https:\/\/www.europesays.com\/fr\/wp-json\/wp\/v2\/posts\/566893\/revisions"}],"wp:featuredmedia":[{"embeddable":true,"href":"https:\/\/www.europesays.com\/fr\/wp-json\/wp\/v2\/media\/566894"}],"wp:attachment":[{"href":"https:\/\/www.europesays.com\/fr\/wp-json\/wp\/v2\/media?parent=566893"}],"wp:term":[{"taxonomy":"category","embeddable":true,"href":"https:\/\/www.europesays.com\/fr\/wp-json\/wp\/v2\/categories?post=566893"},{"taxonomy":"post_tag","embeddable":true,"href":"https:\/\/www.europesays.com\/fr\/wp-json\/wp\/v2\/tags?post=566893"}],"curies":[{"name":"wp","href":"https:\/\/api.w.org\/{rel}","templated":true}]}}