{"id":566897,"date":"2025-11-29T15:18:18","date_gmt":"2025-11-29T15:18:18","guid":{"rendered":"https:\/\/www.europesays.com\/fr\/566897\/"},"modified":"2025-11-29T15:18:18","modified_gmt":"2025-11-29T15:18:18","slug":"une-centaine-davions-seront-immobilises-durablement","status":"publish","type":"post","link":"https:\/\/www.europesays.com\/fr\/566897\/","title":{"rendered":"\u00ab\u00a0une centaine\u00a0\u00bb d&rsquo;avions seront immobilis\u00e9s durablement"},"content":{"rendered":"<p>                    Par<br \/>\n        <strong><br \/>\n            <a href=\"https:\/\/actu.fr\/auteur\/gabriel-kenedi\" title=\"Consulter tous les articles de Gabriel Kenedi\" target=\"_blank\" rel=\"noopener\">Gabriel Kenedi<\/a><br \/>\n                    <\/strong><\/p>\n<p>        Publi\u00e9 le<\/p>\n<p>            29 nov. 2025 \u00e0 12h12        <\/p>\n<p>Apr\u00e8s l\u2019inqui\u00e9tude, des nouvelles rassurantes pour <strong>Airbus\u2009<\/strong>? Alors que l\u2019avionneur europ\u00e9en a \u00e9t\u00e9 contraint et forc\u00e9 d\u2019ordonner l\u2019immobilisation de <strong>6\u2009000 avions A320<\/strong> pour remplacer un logiciel de commandes d\u00e9faillant, le gouvernement fran\u00e7ais s\u2019est montr\u00e9 plut\u00f4t rassurant, ce samedi 29\u00a0novembre 2025, <a href=\"https:\/\/actu.fr\/tag\/airbus\" target=\"_blank\" rel=\"noopener\">au lendemain de l\u2019annonce d\u2019Airbus<\/a>.<\/p>\n<p>Une centaine d\u2019avions durablement indisponibles<\/p>\n<p class=\" wall-content\"><strong>Une centaine d\u2019avions<\/strong> Airbus A320 dans le monde seront <strong>durablement indisponibles<\/strong>, le temps de remplacer un logiciel de commandes d\u00e9faillant, a indiqu\u00e9 samedi le ministre fran\u00e7ais des Transports, <strong>Philippe Tabarot<\/strong>.<\/p>\n<p class=\" wall-content\">\u00ab\u2009D\u2019apr\u00e8s les derni\u00e8res informations que je poss\u00e8de, mais Airbus pourra bien s\u00fbr et devra communiquer l\u00e0-dessus, il semblerait qu\u2019il y aurait <strong>beaucoup moins d\u2019A320<\/strong> qui seraient impact\u00e9s plus durablement par le changement du logiciel\u2009\u00bb, a d\u00e9clar\u00e9 le ministre sur BFMTV.<\/p>\n<p class=\" wall-content\">\u00ab\u2009On avait \u00e9voqu\u00e9 la possibilit\u00e9 sur un millier d\u2019appareils. Il semble qu\u2019on ne parle maintenant que d<strong>\u2019une centaine d\u2019appareils<\/strong>\u2009\u00bb, a-t-il poursuivi.<\/p>\n<p>Vid\u00e9os : en ce moment sur ActuUne commande vuln\u00e9rable aux radiations solaires<\/p>\n<p class=\" wall-content\">Le constructeur a\u00e9ronautique europ\u00e9en avait annonc\u00e9 vendredi avoir demand\u00e9 \u00e0 l\u2019ensemble des clients utilisant ce logiciel de commande vuln\u00e9rable aux radiations solaires <strong>\u00ab\u2009d\u2019arr\u00eater imm\u00e9diatement les vols\u2009\u00bb<\/strong> des A320 concern\u00e9s le temps de remplacer ou mettre \u00e0 jour le logiciel.<\/p>\n<p>Pourquoi une telle intervention en urgence ?\u00a0<\/p>\n<p class=\" wall-content\">Cette intervention a \u00e9t\u00e9 jug\u00e9e indispensable apr\u00e8s un incident sur un vol de la compagnie am\u00e9ricaine<strong> JetBlue<\/strong> le 30 octobre entre Cancun, au Mexique, et Newark, pr\u00e8s de New York.<\/p>\n<p>Votre r\u00e9gion, votre actu !<\/p>\n<p>Recevez chaque jour les infos qui comptent pour vous.<\/p>\n<p>\t<a href=\"https:\/\/actu.fr\/newsletter\" class=\"ac-btn ac-btn--corner ac-btn--medium ac-btn--blue800\" target=\"_blank\" rel=\"noopener\">S&rsquo;incrire<\/a><\/p>\n<p class=\" wall-content\">L\u2019appareil avait d\u00fb se poser en urgence \u00e0 Tampa, en Floride, apr\u00e8s avoir <strong>brutalement piqu\u00e9 vers le bas<\/strong>.<\/p>\n<p>Intervention sur plus de 5 000 appareils\u00a0<\/p>\n<p class=\" wall-content\">Quelque 6.000 avions sont concern\u00e9s. Mais pour la grande majorit\u00e9, l\u2019intervention a pu \u00eatre effectu\u00e9e d\u00e8s vendredi ou dans la nuit de vendredi \u00e0 samedi. Pour M. Tabarot, elle l\u2019\u00e9tait d\u00e9j\u00e0 samedi matin <strong>\u00ab\u2009sur plus de 5.000 appareils\u2009\u00bb.<\/strong><\/p>\n<p class=\" wall-content\">\u00ab\u2009Airbus a pris ses responsabilit\u00e9s, a jou\u00e9 pleinement le jeu de la transparence\u2009\u00bb, a salu\u00e9 le ministre, interrog\u00e9 depuis l\u2019a\u00e9roport de Nice par la cha\u00eene d\u2019information. <strong>Air France<\/strong> a indiqu\u00e9 samedi matin qu\u2019il pourrait dans la journ\u00e9e \u00ab\u2009transporter la totalit\u00e9 de ses clients, hors vols du r\u00e9seau r\u00e9gional Cara\u00efbes\u2009\u00bb.<\/p>\n<p class=\" wall-content\">\u00c0 <strong>Toulouse<\/strong>, seuls quelques vols de la navette Toulouse-Paris organis\u00e9s par Air France avaient \u00e9t\u00e9 annul\u00e9s samedi matin, mais le trafic a\u00e9rien \u00e9tait <strong>globalement fluide<\/strong>, a constat\u00e9 Actu Toulouse.\u00a0<\/p>\n<p>Une mise \u00e0 jour \u00e0 distance\u00a0<\/p>\n<p class=\" wall-content\">Son rival <strong>easyJet<\/strong> a indiqu\u00e9 qu\u2019il n\u2019avait annul\u00e9 aucun vol, l\u2019intervention \u00e9tant termin\u00e9e sur tous ses A320. Le ministre de l\u2019\u00c9conomie, Roland Lescure, a pr\u00e9cis\u00e9, sur BFMTV \u00e9galement, que pour \u00ab\u2009l\u2019immense majorit\u00e9 de ces avions\u2009\u00bb, la mise \u00e0 jour du logiciel \u00ab\u2009peut se faire \u00e0 distance, elle est assez rapide\u2009\u00bb.<\/p>\n<p class=\" wall-content\"><strong>Avec AFP<\/strong><\/p>\n<p class=\" wall-content\">Personnalisez votre actualit\u00e9 en ajoutant vos villes et m\u00e9dias en favori avec <a href=\"https:\/\/moncompte.actu.fr\" title=\"D\u00e9couvez Mon Actu\" rel=\"nofollow noopener\" data-trk=\"{&quot;cta&quot;:{&quot;action&quot;:&quot;https:\\\/\\\/moncompte.actu.fr&quot;,&quot;category&quot;:&quot;mon compte&quot;,&quot;from&quot;:&quot;article footer&quot;,&quot;name&quot;:&quot;Mon actu&quot;,&quot;type&quot;:&quot;cta&quot;}}\" target=\"_blank\">Mon Actu<\/a>.<\/p>\n","protected":false},"excerpt":{"rendered":"Par Gabriel Kenedi Publi\u00e9 le 29 nov. 2025 \u00e0 12h12 Apr\u00e8s l\u2019inqui\u00e9tude, des nouvelles rassurantes pour Airbus\u2009? Alors&hellip;\n","protected":false},"author":2,"featured_media":566898,"comment_status":"","ping_status":"","sticky":false,"template":"","format":"standard","meta":{"footnotes":""},"categories":[2],"tags":[11,36,33,1011,27,12,25],"class_list":{"0":"post-566897","1":"post","2":"type-post","3":"status-publish","4":"format-standard","5":"has-post-thumbnail","7":"category-actualites","8":"tag-actualites","9":"tag-airbus","10":"tag-economie","11":"tag-fr","12":"tag-france","13":"tag-news","14":"tag-republique-francaise"},"share_on_mastodon":{"url":"https:\/\/pubeurope.com\/@fr\/115633658898717453","error":""},"_links":{"self":[{"href":"https:\/\/www.europesays.com\/fr\/wp-json\/wp\/v2\/posts\/566897","targetHints":{"allow":["GET"]}}],"collection":[{"href":"https:\/\/www.europesays.com\/fr\/wp-json\/wp\/v2\/posts"}],"about":[{"href":"https:\/\/www.europesays.com\/fr\/wp-json\/wp\/v2\/types\/post"}],"author":[{"embeddable":true,"href":"https:\/\/www.europesays.com\/fr\/wp-json\/wp\/v2\/users\/2"}],"replies":[{"embeddable":true,"href":"https:\/\/www.europesays.com\/fr\/wp-json\/wp\/v2\/comments?post=566897"}],"version-history":[{"count":0,"href":"https:\/\/www.europesays.com\/fr\/wp-json\/wp\/v2\/posts\/566897\/revisions"}],"wp:featuredmedia":[{"embeddable":true,"href":"https:\/\/www.europesays.com\/fr\/wp-json\/wp\/v2\/media\/566898"}],"wp:attachment":[{"href":"https:\/\/www.europesays.com\/fr\/wp-json\/wp\/v2\/media?parent=566897"}],"wp:term":[{"taxonomy":"category","embeddable":true,"href":"https:\/\/www.europesays.com\/fr\/wp-json\/wp\/v2\/categories?post=566897"},{"taxonomy":"post_tag","embeddable":true,"href":"https:\/\/www.europesays.com\/fr\/wp-json\/wp\/v2\/tags?post=566897"}],"curies":[{"name":"wp","href":"https:\/\/api.w.org\/{rel}","templated":true}]}}