{"id":566914,"date":"2025-11-29T15:32:17","date_gmt":"2025-11-29T15:32:17","guid":{"rendered":"https:\/\/www.europesays.com\/fr\/566914\/"},"modified":"2025-11-29T15:32:17","modified_gmt":"2025-11-29T15:32:17","slug":"the-voice-cest-fini-ce-coach-emblematique-du-programme-officialise-son-depart","status":"publish","type":"post","link":"https:\/\/www.europesays.com\/fr\/566914\/","title":{"rendered":"The Voice c&rsquo;est fini ! Ce coach embl\u00e9matique du programme officialise son d\u00e9part"},"content":{"rendered":"<p>                <img loading=\"lazy\" decoding=\"async\" src=\"https:\/\/www.europesays.com\/fr\/wp-content\/uploads\/2025\/04\/144-64f8c016610ee-35x35-1.jpg\" class=\"author-article-picture\" width=\"35\" height=\"35\"\/><\/p>\n<p>                    Par<\/p>\n<p>                                            <a class=\"author-article-bio-link\" href=\"https:\/\/www.purepeople.com\/auteur\/louise-martin_a144\" target=\"_blank\" rel=\"noopener\">Louise Martin<\/a><\/p>\n<p>                    |<\/p>\n<p>                                            R\u00e9dactrice<\/p>\n<p>\n                Koh Lanta, Les Marseillais mais aussi Mari\u00e9s au Premier regards\u2026 Louise Martin est une t\u00e9l\u00e9vore qui essaye, \u00e0 ses heures perdues, de refaire les g\u00e2teaux qu\u2019elle admire devant le Meilleur P\u00e2tissier\u2026 mais elle ne risque pas de gagner le tablier bleu ! Les r\u00e9seaux sociaux n\u2019ont pas de secret pour elle, les derniers scoops, les derni\u00e8res \u00e9missions, elle les conna\u00eet tous.\n            <\/p>\n<p>\n    Alors que le t\u00e9l\u00e9-crochet culte de TF1 baptis\u00e9 \u00ab\u00a0The Voice\u00a0\u00bb sera de retour \u00e0 l&rsquo;antenne pour une nouvelle saison en 2026, l&rsquo;un des coachs embl\u00e9matiques du programme, qui participera justement \u00e0 cette future \u00e9dition, a officiellement annonc\u00e9 son d\u00e9part. Toutefois, il a aussi laiss\u00e9 la porte ouverte pour un \u00e9ventuel retour dans quelques ann\u00e9es.\n<\/p>\n<p>                            <img loading=\"lazy\" decoding=\"async\" class=\"player-thumbnail\" src=\"https:\/\/www.europesays.com\/fr\/wp-content\/uploads\/2025\/11\/08f33f93c25d1ea2-580x326-1.jpg\" width=\"580\" height=\"326\"\/><\/p>\n<p>                            The Voice c&rsquo;est fini : Ce coach embl\u00e9matique du programme officialise son d\u00e9part<\/p>\n<p>La suite apr\u00e8s la publicit\u00e9<\/p>\n<p>Apr\u00e8s avoir pr\u00e9sent\u00e9 la grande finale des Masters de N&rsquo;oubliez pas les paroles le samedi 22 novembre 2025 en prime time sur France 2, <a href=\"https:\/\/www.purepeople.com\/people\/nagui_p611\" target=\"_blank\" rel=\"noopener\"><strong>Nagui<\/strong><\/a><strong> sera cette fois-ci aux commandes d&rsquo;un nouveau num\u00e9ro de l&rsquo;\u00e9mission culte <\/strong><strong>Taratata<\/strong><strong> <\/strong>le samedi 29 novembre 2025, \u00e0 partir de 21h05 sur la cha\u00eene publique. Ce jour-l\u00e0, le programme musical embl\u00e9matique du service public sera consacr\u00e9 \u00e0 l&rsquo;une des l\u00e9gendes vivantes de la chanson fran\u00e7aise : <a href=\"https:\/\/www.purepeople.com\/people\/florent-pagny_p135\" target=\"_blank\" rel=\"noopener\">Florent Pagny<\/a>. Pour rappel, le musicien avait \u00e9t\u00e9 l&rsquo;un des premiers artistes \u00e0 r\u00e9pondre \u00e0 l&rsquo;invitation de Nagui lors du lancement de Taratata sur France 2 il y a maintenant 30 ans. <strong>Ce num\u00e9ro sp\u00e9cial marquera \u00e9galement la premi\u00e8re apparition du chanteur au sein de l&rsquo;\u00e9mission depuis 20 ans<\/strong>. Florent Pagny a d&rsquo;ailleurs \u00e9t\u00e9 interrog\u00e9 \u00e0 ce sujet dans les colonnes de TV Magazine.<\/p>\n<p>\u00ab\u00a0Je n\u2019en avais pas sp\u00e9cialement besoin et Nagui non plus. Il y a deux ans, il m\u2019a propos\u00e9 de faire une sp\u00e9ciale avec moi. <strong>Je lui ai r\u00e9pondu que je pr\u00e9f\u00e9rais la faire au moment opportun<\/strong>, que \u00e7a serve \u00e0 tout le monde. Donc on a attendu la sortie de Grandeur nature. C\u2019est g\u00e9nial parce qu\u2019il m\u2019a laiss\u00e9 pr\u00e9senter mon nouvel album alors qu\u2019en g\u00e9n\u00e9ral, il pr\u00e9f\u00e8re avoir plus de titres &lsquo;gold&rsquo;. Chanter tout le temps les m\u00eames titres, c\u2019est cool, mais c\u2019est important de se renouveler et cet album est justement fait pour faire du live\u00a0\u00bb, a ainsi r\u00e9v\u00e9l\u00e9 Florent Pagny. Pour rappel, le <a href=\"https:\/\/www.purepeople.com\/article\/florent-pagny-tres-emu-il-prend-une-decision-inattendue-une-grande-premiere-dans-the-voice_a536636\/1\" target=\"_blank\" rel=\"noopener\">coach historique de l&rsquo;\u00e9mission The Voice<\/a> sur TF1 sera <strong>de retour dans la prochaine \u00e9dition du t\u00e9l\u00e9-crochet <\/strong>qui sera diffus\u00e9e en 2026 sur la premi\u00e8re cha\u00eene. Le chanteur a d&rsquo;ailleurs profit\u00e9 de cet entretien pour confirmer <a href=\"https:\/\/www.purepeople.com\/article\/florent-pagny-pret-a-quitter-the-voice-j-ai-fait-le-tour_a264808\/1\" target=\"_blank\" rel=\"noopener\">son futur d\u00e9part du programme<\/a>.<\/p>\n<p>The Voice : Florent Pagny sur le d\u00e9part&#8230; pour mieux revenir d&rsquo;ici quelques ann\u00e9es ?<\/p>\n<p>\u00ab\u00a0Je ne devais revenir que pour la saison 15. Je suis revenu l\u2019ann\u00e9e derni\u00e8re pour d\u2019autres raisons et \u00e7a s\u2019est tr\u00e8s bien pass\u00e9. Je fais la saison 15 et apr\u00e8s, je l\u00e8ve le pied. Ce sont des amis, on se conna\u00eet depuis pratiquement 15 ans. Je leur ai dit\u00a0: <strong>&lsquo;Si vous continuez et que \u00e7a tient encore, je reviendrai pour la 20e&rsquo;.<\/strong> Je crois avoir compris qu\u2019il ne faut jamais dire jamais et j\u2019arr\u00eate, parce que ce sont des conneries. Le seul qui a dit j\u2019arr\u00eate, qu\u2019il l\u2019a fait et qui s\u2019y tient, c\u2019est <a href=\"https:\/\/www.purepeople.com\/people\/jean-jacques-goldman_p288\" target=\"_blank\" rel=\"noopener\">Jean-Jacques Goldman<\/a>\u00ab\u00a0, a ainsi annonc\u00e9 Florent Pagny, qui ne ferme donc pas la porte pour un \u00e9ventuel retour d&rsquo;ici quelques ann\u00e9es.\u00a0<\/p>\n<p>\u00ab\u00a0Tant que je pourrais chanter et tant que je serais en condition, que ma voix sera l\u00e0, que mes oreilles reproduiront la musique correctement, <strong>je le ferai jusqu\u2019\u00e0 ce que je ne puisse plus,<\/strong> parce que c\u2019est mon destin, c\u2019est ma vie. \u00c7a m\u2019est tomb\u00e9 dessus et gr\u00e2ce \u00e0 \u00e7a, je peux avoir toutes les autres vies que j\u2019ai. Je n\u2019ai pas de probl\u00e8me d\u2019ego, je me retire si j\u2019ai envie de me retirer et ce n\u2019est pas la peine d\u2019en faire une annonce. Et je reviens quand je veux. Il n\u2019y a que les imb\u00e9ciles qui ne changent pas d\u2019avis\u00a0\u00bb, a finalement conclu celui qui a combattu <a href=\"https:\/\/www.purepeople.com\/article\/si-ca-n-allait-pas-florent-pagny-sans-concessions-sur-son-quotidien-avec-le-cancer-en-guise-d-epee-de-damocles_a533723\/1\" target=\"_blank\" rel=\"noopener\">un cancer du poumon<\/a> ces derni\u00e8res ann\u00e9es.<\/p>\n","protected":false},"excerpt":{"rendered":"Par Louise Martin | R\u00e9dactrice Koh Lanta, Les Marseillais mais aussi Mari\u00e9s au Premier regards\u2026 Louise Martin est&hellip;\n","protected":false},"author":2,"featured_media":566915,"comment_status":"","ping_status":"","sticky":false,"template":"","format":"standard","meta":{"footnotes":""},"categories":[1356],"tags":[58,59,1011,27,252,1364],"class_list":{"0":"post-566914","1":"post","2":"type-post","3":"status-publish","4":"format-standard","5":"has-post-thumbnail","7":"category-television","8":"tag-divertissement","9":"tag-entertainment","10":"tag-fr","11":"tag-france","12":"tag-television","13":"tag-tv"},"share_on_mastodon":{"url":"https:\/\/pubeurope.com\/@fr\/115633714811491916","error":""},"_links":{"self":[{"href":"https:\/\/www.europesays.com\/fr\/wp-json\/wp\/v2\/posts\/566914","targetHints":{"allow":["GET"]}}],"collection":[{"href":"https:\/\/www.europesays.com\/fr\/wp-json\/wp\/v2\/posts"}],"about":[{"href":"https:\/\/www.europesays.com\/fr\/wp-json\/wp\/v2\/types\/post"}],"author":[{"embeddable":true,"href":"https:\/\/www.europesays.com\/fr\/wp-json\/wp\/v2\/users\/2"}],"replies":[{"embeddable":true,"href":"https:\/\/www.europesays.com\/fr\/wp-json\/wp\/v2\/comments?post=566914"}],"version-history":[{"count":0,"href":"https:\/\/www.europesays.com\/fr\/wp-json\/wp\/v2\/posts\/566914\/revisions"}],"wp:featuredmedia":[{"embeddable":true,"href":"https:\/\/www.europesays.com\/fr\/wp-json\/wp\/v2\/media\/566915"}],"wp:attachment":[{"href":"https:\/\/www.europesays.com\/fr\/wp-json\/wp\/v2\/media?parent=566914"}],"wp:term":[{"taxonomy":"category","embeddable":true,"href":"https:\/\/www.europesays.com\/fr\/wp-json\/wp\/v2\/categories?post=566914"},{"taxonomy":"post_tag","embeddable":true,"href":"https:\/\/www.europesays.com\/fr\/wp-json\/wp\/v2\/tags?post=566914"}],"curies":[{"name":"wp","href":"https:\/\/api.w.org\/{rel}","templated":true}]}}