{"id":566916,"date":"2025-11-29T15:33:11","date_gmt":"2025-11-29T15:33:11","guid":{"rendered":"https:\/\/www.europesays.com\/fr\/566916\/"},"modified":"2025-11-29T15:33:11","modified_gmt":"2025-11-29T15:33:11","slug":"amanda-lear-presque-octogenaire-elle-leve-le-voile-sur-son-veritable-age-et-cest-une-surprise","status":"publish","type":"post","link":"https:\/\/www.europesays.com\/fr\/566916\/","title":{"rendered":"Amanda Lear presque octog\u00e9naire : elle l\u00e8ve le voile sur son v\u00e9ritable \u00e2ge et c\u2019est une surprise"},"content":{"rendered":"<p class=\"p1\"><a href=\"https:\/\/www.closermag.fr\/people\/amanda-lear-dali-etait-amoureux-de-moi-mais-il-etait-impuissant-896074\" target=\"_blank\" rel=\"noopener\"><br \/>\nQuelle vie passionnante que celle d&rsquo;Amanda Lear !<\/a> Muse de<br \/>\nSalvador Dali dans les ann\u00e9es 60, c&rsquo;est <strong>en tant que<br \/>\nchanteuse sa carri\u00e8re a d\u00e9coll\u00e9<\/strong> en France et dans le<br \/>\nmonde. Deux titres ont assis sa notori\u00e9t\u00e9, Follow<br \/>\nMe\u00a0et\u00a0\u00c7a m&rsquo;est \u00e9gal. L&rsquo;aura scintillante<br \/>\nd&rsquo;Amanda Lear comprend \u00e9galement une part de myst\u00e8re.<\/p>\n<p class=\"p1\">Il est impossible de conna\u00eetre la date de naissance<br \/>\nexacte de la chanteuse. \u00ab\u00a0On fait tout un pataqu\u00e8s, &lsquo;Amanda<br \/>\nLear, on ne conna\u00eet pas son \u00e2ge&rsquo;, mais allez voir ma fiche de<br \/>\nS\u00e9curit\u00e9 sociale, <strong>je ne l&rsquo;ai jamais cach\u00e9, mon<br \/>\n\u00e2ge<\/strong>\u00ab\u00a0, s&rsquo;aga\u00e7ait-elle encore l&rsquo;an dernier, comme le<br \/>\nrappelle T\u00e9l\u00e9-Loisirs. L&rsquo;un des secrets les plus tenaces<br \/>\ndu showbiz vient enfin d&rsquo;\u00eatre \u00e9vent\u00e9 !<\/p>\n<p>Amanda Lear : quel \u00e2ge a-t-elle vraiment ?<\/p>\n<p class=\"p1\">La petite bombe a \u00e9t\u00e9 l\u00e2ch\u00e9e dans <strong>une<br \/>\ninterview accord\u00e9e au journal<\/strong> <strong>La<br \/>\nD\u00e9p\u00eache<\/strong>. \u00ab\u00a0\u00c0 mon \u00e2ge, je ne voulais pas des<br \/>\nchansons d\u2019amour gnan gnan qui riment avec toujours. J\u2019ai pr\u00e9f\u00e9r\u00e9<br \/>\nregarder en arri\u00e8re et penser \u00e0 toutes ces rencontres, tous ces<br \/>\namants, tous ces rendez-vous rat\u00e9s, ces histoires d\u2019amour d\u2019une<br \/>\nnuit\u2026\u00a0\u00bb, explique <a href=\"https:\/\/www.closermag.fr\/people\/amanda-lear-un-objet-sexualise-elle-revient-avec-amertume-sur-ses-annees-de-mannequinat-3592458\" target=\"_blank\" rel=\"noopener\"><br \/>\nl&rsquo;ancienne mannequin<\/a> \u00e0 propos de son<br \/>\nnouvel album.<\/p>\n<p class=\"p1\">Le num\u00e9ro tombe lorsqu&rsquo;on l&rsquo;interroge sur la<br \/>\npossibilit\u00e9 de <strong>la revoir un jour sur sc\u00e8ne<\/strong>.<br \/>\n\u00ab\u00a0Pourquoi pas un concert fa\u00e7on cabaret, un peu intimiste.<br \/>\nJ\u2019aime assez ce c\u00f4t\u00e9 chanteuse r\u00e9aliste. <strong>\u00c7a arrivera<br \/>\npeut-\u00eatre, mais vu mon esp\u00e9rance de vie, \u00e0 79 ans\u2026<\/strong>\u00a0\u00bb<br \/>\nUne surprise qui serait presque pass\u00e9e inaper\u00e7ue !<\/p>\n<p>Amanda Lear : son petit secret pour<br \/>\ngarder la forme<\/p>\n<p class=\"p1\">Presque octog\u00e9naire, Amanda Lear ne se soucie pas du<br \/>\nnombre de bougies sur son g\u00e2teau d&rsquo;anniversaire. \u00ab\u00a0Pour moi,<br \/>\n<strong>l\u2019\u00e2ge, c\u2019est juste un num\u00e9ro<\/strong>, m\u00eame s<strong>i<br \/>\nparfois on est rappel\u00e9 au bon souvenir de la<br \/>\nvieillesse\u00a0\u00bb<\/strong><strong>, assure-t-elle \u00e0 La<br \/>\nD\u00e9p\u00eache.<\/strong> Le secret de sa vitalit\u00e9 ? \u00ab\u00a0C\u2019est la<br \/>\ncuriosit\u00e9. Si vous vous ratatinez dans votre sofa en regardant Des<br \/>\nchiffres et des lettres, c\u2019est foutu. La retraite, ce n\u2019est pas<br \/>\npour moi !\u00a0\u00bb<\/p>\n<p class=\"p1\">Amanda Lear semble d&rsquo;ailleurs traverser <a href=\"https:\/\/www.closermag.fr\/people\/pas-limmense-jackpot-quon-imagine-amanda-lear-multimillionnaire-elle-fait-le-point-sur-ses-finances-3226491\" target=\"_blank\" rel=\"noopener\"><br \/>\nune p\u00e9riode financi\u00e8re plut\u00f4t<br \/>\ncompliqu\u00e9e<\/a>. \u00ab\u00a0J\u2019ai <strong>un probl\u00e8me avec la caisse<br \/>\nde retraite<\/strong>, ils me disent : &lsquo;On a trois dossiers, vous<br \/>\ncomprenez.&rsquo; Ils me doivent plein d\u2019argent, mais ils ne veulent pas<br \/>\nme le donner parce qu\u2019ils n\u2019ont pas les bonnes dates\u00a0\u00bb,<br \/>\navait-elle r\u00e9v\u00e9l\u00e9 en janvier 2024 sur le plateau de C \u00e0 vous.<\/p>\n","protected":false},"excerpt":{"rendered":"Quelle vie passionnante que celle d&rsquo;Amanda Lear ! Muse de Salvador Dali dans les ann\u00e9es 60, c&rsquo;est en&hellip;\n","protected":false},"author":2,"featured_media":566917,"comment_status":"","ping_status":"","sticky":false,"template":"","format":"standard","meta":{"footnotes":""},"categories":[1355],"tags":[19704,58,59,1011,27,1361,873],"class_list":{"0":"post-566916","1":"post","2":"type-post","3":"status-publish","4":"format-standard","5":"has-post-thumbnail","7":"category-musique","8":"tag-amanda-lear","9":"tag-divertissement","10":"tag-entertainment","11":"tag-fr","12":"tag-france","13":"tag-music","14":"tag-musique"},"share_on_mastodon":{"url":"https:\/\/pubeurope.com\/@fr\/115633717500599534","error":""},"_links":{"self":[{"href":"https:\/\/www.europesays.com\/fr\/wp-json\/wp\/v2\/posts\/566916","targetHints":{"allow":["GET"]}}],"collection":[{"href":"https:\/\/www.europesays.com\/fr\/wp-json\/wp\/v2\/posts"}],"about":[{"href":"https:\/\/www.europesays.com\/fr\/wp-json\/wp\/v2\/types\/post"}],"author":[{"embeddable":true,"href":"https:\/\/www.europesays.com\/fr\/wp-json\/wp\/v2\/users\/2"}],"replies":[{"embeddable":true,"href":"https:\/\/www.europesays.com\/fr\/wp-json\/wp\/v2\/comments?post=566916"}],"version-history":[{"count":0,"href":"https:\/\/www.europesays.com\/fr\/wp-json\/wp\/v2\/posts\/566916\/revisions"}],"wp:featuredmedia":[{"embeddable":true,"href":"https:\/\/www.europesays.com\/fr\/wp-json\/wp\/v2\/media\/566917"}],"wp:attachment":[{"href":"https:\/\/www.europesays.com\/fr\/wp-json\/wp\/v2\/media?parent=566916"}],"wp:term":[{"taxonomy":"category","embeddable":true,"href":"https:\/\/www.europesays.com\/fr\/wp-json\/wp\/v2\/categories?post=566916"},{"taxonomy":"post_tag","embeddable":true,"href":"https:\/\/www.europesays.com\/fr\/wp-json\/wp\/v2\/tags?post=566916"}],"curies":[{"name":"wp","href":"https:\/\/api.w.org\/{rel}","templated":true}]}}