{"id":566920,"date":"2025-11-29T15:35:13","date_gmt":"2025-11-29T15:35:13","guid":{"rendered":"https:\/\/www.europesays.com\/fr\/566920\/"},"modified":"2025-11-29T15:35:13","modified_gmt":"2025-11-29T15:35:13","slug":"ce-medicament-tres-pris-apres-50-ans-pourrait-favoriser-la-depression","status":"publish","type":"post","link":"https:\/\/www.europesays.com\/fr\/566920\/","title":{"rendered":"Ce m\u00e9dicament tr\u00e8s pris apr\u00e8s 50 ans pourrait favoriser la d\u00e9pression"},"content":{"rendered":"<p>B\u00eatabloquants et d\u00e9pression : pourquoi ce signal intrigue apr\u00e8s<br \/>\n50 ans<\/p>\n<p>Fatigue qui s\u2019installe, moral en dents de scie, sommeil<br \/>\ncapricieux\u2026 Chez les plus de <strong>50 ans<\/strong>, nombre de<br \/>\ntraitements du c\u0153ur accompagnent le quotidien. Un d\u00e9tail attire<br \/>\nl\u2019attention des cardiologues et des patients : certains m\u00e9dicaments<br \/>\npourraient influencer l\u2019humeur. La question n\u2019est pas anodine, car<br \/>\nla <strong>d\u00e9pression<\/strong> touche \u00e0 la fois le mental et le<br \/>\ncorps, avec des r\u00e9percussions concr\u00e8tes sur la vie de tous les<br \/>\njours.<\/p>\n<p>Un travail de recherche venu de Su\u00e8de met sur la table un<br \/>\npossible lien entre un traitement cardiaque tr\u00e8s r\u00e9pandu et des<br \/>\nsympt\u00f4mes d\u00e9pressifs. Rien d\u2019affolant, mais suffisamment solide<br \/>\npour \u00e9veiller la vigilance des \u00e9quipes soignantes. L\u2019enjeu est<br \/>\nclair, rester prot\u00e9g\u00e9 c\u00f4t\u00e9 c\u0153ur sans assombrir le moral.<\/p>\n<p>\u00c9tude su\u00e9doise 2018-2023 : 806 patients, HADS et un l\u00e9ger<br \/>\nsignal sur l\u2019humeur<\/p>\n<p>L\u2019\u00e9tude a suivi <strong>806 patients<\/strong> ayant eu un<br \/>\ninfarctus entre 2018 et 2023. La moiti\u00e9 a re\u00e7u le m\u00e9dicament<br \/>\n\u00e9tudi\u00e9, l\u2019autre non, avec trois \u00e9valuations de l\u2019humeur : juste<br \/>\napr\u00e8s l\u2019hospitalisation, entre 6 et 10 semaines, puis entre 12 et<br \/>\n14 mois. Les chercheurs ont utilis\u00e9 l\u2019\u00e9chelle <strong>HADS<\/strong><br \/>\npour mesurer s\u00e9par\u00e9ment l\u2019anxi\u00e9t\u00e9 et la d\u00e9pression, en tenant<br \/>\ncompte de l\u2019\u00e2ge, du sexe et des ant\u00e9c\u00e9dents m\u00e9dicaux.<\/p>\n<p>R\u00e9sultat mis en avant par l\u2019\u00e9quipe : \u00ab\u00a0Nous avons constat\u00e9 que<br \/>\nles m\u00e9dicaments entra\u00eenaient des sympt\u00f4mes de d\u00e9pression l\u00e9g\u00e8rement<br \/>\nplus \u00e9lev\u00e9s chez les patients qui avaient eu une crise cardiaque\u00a0\u00bb,<br \/>\na d\u00e9clar\u00e9 le Dr Philip Leissner, selon le Journal des Femmes. Les<br \/>\nauteurs ont publi\u00e9 ces donn\u00e9es dans l\u2019<strong>European Heart<br \/>\nJournal<\/strong>. Le traitement en question appartient \u00e0 une classe<br \/>\nbien connue en cardiologie, pilier apr\u00e8s un infarctus.<\/p>\n<p>Quels m\u00e9dicaments, pour quoi faire, et comment lire ce \u00ab l\u00e9ger<br \/>\n\u00bb effet observ\u00e9<\/p>\n<p>Les m\u00e9dicaments \u00e9tudi\u00e9s \u00e9taient les<br \/>\n<strong>b\u00eatabloquants<\/strong>, largement prescrits car ils<br \/>\nralentissent les contractions du c\u0153ur. Ils aident \u00e0 pr\u00e9venir<br \/>\nl\u2019insuffisance cardiaque, l\u2019arythmie et l\u2019hypertension, et restent<br \/>\nparticuli\u00e8rement utilis\u00e9s <strong>apr\u00e8s 50 ans<\/strong>. Des noms<br \/>\nqui parlent \u00e0 beaucoup de patients : Corgard\u00a9, Trandate\u00a9, Artex\u00a9,<br \/>\nTimacor\u00a9 ou encore Visken\u00a9.<\/p>\n<p>Le signal observ\u00e9 porte sur des <strong>sympt\u00f4mes<br \/>\nd\u00e9pressifs<\/strong> \u00ab\u00a0l\u00e9g\u00e8rement\u00a0\u00bb plus \u00e9lev\u00e9s, pas sur un diagnostic<br \/>\nsyst\u00e9matique de d\u00e9pression. Autrement dit, il s\u2019agit d\u2019un d\u00e9calage<br \/>\nmodeste des scores HADS, \u00e0 surveiller, surtout quand le b\u00e9n\u00e9fice<br \/>\ncardiaque du traitement est limit\u00e9. \u00ab\u00a0Nous avons constat\u00e9 que<br \/>\ncertains patients semblent plus \u00e0 risque de d\u00e9pression. Si le<br \/>\nm\u00e9dicament n\u00a0\u00bba aucun effet sur le c\u0153ur, ils le prennent alors<br \/>\ninutilement et risquent de devenir d\u00e9pressif\u00a0\u00bb, a pr\u00e9venu le Dr<br \/>\nLeissner.<\/p>\n<p>B\u00eatabloquants apr\u00e8s 50 ans : qui est<br \/>\nconcern\u00e9 et quand en parler au m\u00e9decin ?<\/p>\n<p>Les personnes suivies apr\u00e8s un infarctus sont au premier plan,<br \/>\npuisque l\u2019essai porte sur ce contexte pr\u00e9cis. Dans la vraie vie,<br \/>\nbeaucoup de patients de plus de 50 ans prennent un b\u00eatabloquant<br \/>\npour diff\u00e9rentes raisons cardiaques. L\u2019information cl\u00e9 tient en<br \/>\ndeux points, rester prot\u00e9g\u00e9 c\u00f4t\u00e9 c\u0153ur et signaler tout changement<br \/>\nd\u2019humeur. Les auteurs \u00e9voquent une hausse \u00ab\u00a0l\u00e9g\u00e8re\u00a0\u00bb des sympt\u00f4mes,<br \/>\nce qui invite \u00e0 une lecture nuanc\u00e9e et \u00e0 un suivi rapproch\u00e9 si<br \/>\nbesoin, particul\u00eceremen au d\u00e9but du traitement.<\/p>\n<p>Des signes doivent alerter, surtout s\u2019ils s\u2019installent sur<br \/>\nplusieurs semaines. Et l\u00e0, pas de panique, on fait le point avec<br \/>\nson m\u00e9decin traitant ou son cardiologue. Cette \u00e9tude insiste<br \/>\nd\u2019ailleurs sur la coop\u00e9ration soignant patient, utile pour ajuster<br \/>\nla prise en charge et garder l\u2019\u00e9quilibre entre b\u00e9n\u00e9fices cardiaques<br \/>\net bien \u00eatre mental.<\/p>\n<ul>\n<li>Tristesse persistante, perte d\u2019int\u00e9r\u00eat ou de plaisir<\/li>\n<li>Fatigue intense, ralentissement, manque d\u2019\u00e9lan<\/li>\n<li>Troubles du sommeil, app\u00e9tit modifi\u00e9<\/li>\n<li>Pens\u00e9es n\u00e9gatives r\u00e9currentes<\/li>\n<\/ul>\n","protected":false},"excerpt":{"rendered":"B\u00eatabloquants et d\u00e9pression : pourquoi ce signal intrigue apr\u00e8s 50 ans Fatigue qui s\u2019installe, moral en dents de&hellip;\n","protected":false},"author":2,"featured_media":566921,"comment_status":"","ping_status":"","sticky":false,"template":"","format":"standard","meta":{"footnotes":""},"categories":[10],"tags":[1011,27,72,71],"class_list":{"0":"post-566920","1":"post","2":"type-post","3":"status-publish","4":"format-standard","5":"has-post-thumbnail","7":"category-sante","8":"tag-fr","9":"tag-france","10":"tag-health","11":"tag-sante"},"share_on_mastodon":{"url":"https:\/\/pubeurope.com\/@fr\/115633725488839121","error":""},"_links":{"self":[{"href":"https:\/\/www.europesays.com\/fr\/wp-json\/wp\/v2\/posts\/566920","targetHints":{"allow":["GET"]}}],"collection":[{"href":"https:\/\/www.europesays.com\/fr\/wp-json\/wp\/v2\/posts"}],"about":[{"href":"https:\/\/www.europesays.com\/fr\/wp-json\/wp\/v2\/types\/post"}],"author":[{"embeddable":true,"href":"https:\/\/www.europesays.com\/fr\/wp-json\/wp\/v2\/users\/2"}],"replies":[{"embeddable":true,"href":"https:\/\/www.europesays.com\/fr\/wp-json\/wp\/v2\/comments?post=566920"}],"version-history":[{"count":0,"href":"https:\/\/www.europesays.com\/fr\/wp-json\/wp\/v2\/posts\/566920\/revisions"}],"wp:featuredmedia":[{"embeddable":true,"href":"https:\/\/www.europesays.com\/fr\/wp-json\/wp\/v2\/media\/566921"}],"wp:attachment":[{"href":"https:\/\/www.europesays.com\/fr\/wp-json\/wp\/v2\/media?parent=566920"}],"wp:term":[{"taxonomy":"category","embeddable":true,"href":"https:\/\/www.europesays.com\/fr\/wp-json\/wp\/v2\/categories?post=566920"},{"taxonomy":"post_tag","embeddable":true,"href":"https:\/\/www.europesays.com\/fr\/wp-json\/wp\/v2\/tags?post=566920"}],"curies":[{"name":"wp","href":"https:\/\/api.w.org\/{rel}","templated":true}]}}