{"id":566925,"date":"2025-11-29T15:38:19","date_gmt":"2025-11-29T15:38:19","guid":{"rendered":"https:\/\/www.europesays.com\/fr\/566925\/"},"modified":"2025-11-29T15:38:19","modified_gmt":"2025-11-29T15:38:19","slug":"test-samsung-galaxy-tab-a11-une-tablette-abordable-qui-trace-sa-route-sans-freiner-le-budget","status":"publish","type":"post","link":"https:\/\/www.europesays.com\/fr\/566925\/","title":{"rendered":"Test Samsung Galaxy Tab A11+\u00a0: une tablette abordable qui trace sa route sans freiner le budget"},"content":{"rendered":"<p class=\"ed__a-p ed__bdy__l\">La Samsung Galaxy Tab A11+ embarque un unique module photo dorsal de 8\u00a0m\u00e9gapixels (Mpx), associ\u00e9 \u00e0 une optique grand-angle ouvrant \u00e0\u00a0f\/2. Cette configuration \u00e9tant pens\u00e9e pour des usages d\u2019appoint, l\u2019objectif ici n\u2019est pas de remplacer un v\u00e9ritable appareil photo ni la plupart des smartphones actuels.<\/p>\n<p>Module principal\u00a0: 8\u00a0Mpx, f\/2<\/p>\n<p class=\"ed__a-p ed__bdy__l\">Dans de bonnes conditions lumineuses, le r\u00e9sultat est honorable pour une tablette de ce calibre. Les couleurs sont assez fid\u00e8les, mais le lissage logiciel appliqu\u00e9 pour att\u00e9nuer le bruit num\u00e9rique aplatit les images et affecte le niveau de d\u00e9tails. On rel\u00e8ve \u00e9galement quelques artefacts et une restitution al\u00e9atoire des petits \u00e9l\u00e9ments.<\/p>\n<p>            <img loading=\"lazy\" decoding=\"async\" src=\"data:image\/svg+xml,%3Csvg xmlns='http:\/\/www.w3.org\/2000\/svg'%3E%3C\/svg%3E\" draggable=\"false\" width=\"750\" height=\"430\" class=\"ed__title-xxs\" style=\"background-color: #f2f2f2; aspect-ratio:750\/430;\"\/><br \/>\n                                            Samsung Galaxy Tab A11+, nuit<\/p>\n<p>            <img decoding=\"async\" src=\"data:image\/svg+xml,%3Csvg xmlns='http:\/\/www.w3.org\/2000\/svg'%3E%3C\/svg%3E\" draggable=\"false\" class=\"ed__title-xxs\" data-freeze-styles=\"\"\/><br \/>\n                                                    Samsung Galaxy Tab A11+, jour<\/p>\n<p>agrandir<\/p>\n<p class=\"ed__a-p ed__bdy__l\">La nuit, c\u2019est encore pire. M\u00eame si l\u2019on distingue globalement la sc\u00e8ne, le r\u00e9sultat est difficilement exploitable\u00a0: le bruit, trop marqu\u00e9, impose un lissage excessif qui brouille l\u2019image jusque dans son centre, pourtant cens\u00e9 \u00eatre le plus net. Enfin, les petits \u00e9l\u00e9ments perdent au passage leurs couleurs et les effets de moir\u00e9 disparaissent.<\/p>\n<p>Module frontal, vid\u00e9o<\/p>\n<p class=\"ed__a-p ed__bdy__l\">En fa\u00e7ade, l\u2019appareil se contente du strict minimum avec une cam\u00e9ra frontale de 5\u00a0Mpx (f\/2,2). Les selfies restent corrects, malgr\u00e9 un l\u00e9ger manque de piqu\u00e9 et une exposition hasardeuse. L\u2019appareil permet \u00e9galement de filmer en Full\u00a0HD 1080p \u00e0 30\u00a0i\/s, aussi bien pour la visioconf\u00e9rence qu\u2019avec le module arri\u00e8re. Les couleurs manquent cependant de peps et la mise au point permanente peut finir par agacer.<\/p>\n","protected":false},"excerpt":{"rendered":"La Samsung Galaxy Tab A11+ embarque un unique module photo dorsal de 8\u00a0m\u00e9gapixels (Mpx), associ\u00e9 \u00e0 une optique&hellip;\n","protected":false},"author":2,"featured_media":566926,"comment_status":"","ping_status":"","sticky":false,"template":"","format":"standard","meta":{"footnotes":""},"categories":[7],"tags":[1011,27,43,40,41,39,42,44],"class_list":{"0":"post-566925","1":"post","2":"type-post","3":"status-publish","4":"format-standard","5":"has-post-thumbnail","7":"category-sciences-et-technologies","8":"tag-fr","9":"tag-france","10":"tag-science","11":"tag-science-and-technology","12":"tag-sciences","13":"tag-sciences-et-technologies","14":"tag-technologies","15":"tag-technology"},"share_on_mastodon":{"url":"https:\/\/pubeurope.com\/@fr\/115633737300687482","error":""},"_links":{"self":[{"href":"https:\/\/www.europesays.com\/fr\/wp-json\/wp\/v2\/posts\/566925","targetHints":{"allow":["GET"]}}],"collection":[{"href":"https:\/\/www.europesays.com\/fr\/wp-json\/wp\/v2\/posts"}],"about":[{"href":"https:\/\/www.europesays.com\/fr\/wp-json\/wp\/v2\/types\/post"}],"author":[{"embeddable":true,"href":"https:\/\/www.europesays.com\/fr\/wp-json\/wp\/v2\/users\/2"}],"replies":[{"embeddable":true,"href":"https:\/\/www.europesays.com\/fr\/wp-json\/wp\/v2\/comments?post=566925"}],"version-history":[{"count":0,"href":"https:\/\/www.europesays.com\/fr\/wp-json\/wp\/v2\/posts\/566925\/revisions"}],"wp:featuredmedia":[{"embeddable":true,"href":"https:\/\/www.europesays.com\/fr\/wp-json\/wp\/v2\/media\/566926"}],"wp:attachment":[{"href":"https:\/\/www.europesays.com\/fr\/wp-json\/wp\/v2\/media?parent=566925"}],"wp:term":[{"taxonomy":"category","embeddable":true,"href":"https:\/\/www.europesays.com\/fr\/wp-json\/wp\/v2\/categories?post=566925"},{"taxonomy":"post_tag","embeddable":true,"href":"https:\/\/www.europesays.com\/fr\/wp-json\/wp\/v2\/tags?post=566925"}],"curies":[{"name":"wp","href":"https:\/\/api.w.org\/{rel}","templated":true}]}}