{"id":566927,"date":"2025-11-29T15:39:16","date_gmt":"2025-11-29T15:39:16","guid":{"rendered":"https:\/\/www.europesays.com\/fr\/566927\/"},"modified":"2025-11-29T15:39:16","modified_gmt":"2025-11-29T15:39:16","slug":"le-nouveau-t-roc-peut-il-faire-mieux-que-son-predecesseur","status":"publish","type":"post","link":"https:\/\/www.europesays.com\/fr\/566927\/","title":{"rendered":"Le nouveau T-Roc peut-il faire mieux que son pr\u00e9d\u00e9cesseur\u00a0?"},"content":{"rendered":"<p>        <a href=\"https:\/\/www.linternaute.com\/auto\/suv\/9311307-on-a-essaye-le-nouveau-t-roc-le-suv-a-succes-de-volkswagen-a-t-il-fait-des-progres\/9311341-le-t-roc-s-affirme-et-se-modernise\" class=\"app_button_nav_next jMiddleNextButton\" target=\"_blank\" rel=\"noopener\"><\/a><a href=\"https:\/\/www.linternaute.com\/auto\/suv\/9311307-on-a-essaye-le-nouveau-t-roc-le-suv-a-succes-de-volkswagen-a-t-il-fait-des-progres\/9311341-le-t-roc-s-affirme-et-se-modernise\" class=\"ccmcss_cms_figure__linkright jMiddleNextZone\" target=\"_blank\" rel=\"noopener\"><\/p>\n<p>                <\/a><\/p>\n<p>Naviguez au clavier<\/p>\n<p>                    Pr\u00e9c\u00e9dent<br \/>\n                    Suivant<br \/>\n                <a href=\"https:\/\/img-4.linternaute.com\/GXUU1TWeHZyQYD3oA9DqmyMrjXI=\/1240x\/smart\/553a079dd77541ae992539158917b2f5\/ccmcms-linternaute\/83117298.jpg\" class=\"fancy app_btn_1 app_btn--ico jZoomDiapo\" target=\"_blank\" rel=\"noopener\"><\/a><img loading=\"lazy\" decoding=\"async\" width=\"620\" height=\"414\" src=\"https:\/\/www.europesays.com\/fr\/wp-content\/uploads\/2025\/11\/83117298.jpg\" alt=\"Le nouveau T-Roc peut-il faire mieux que son pr\u00e9d\u00e9cesseur\u00a0?\"\/><\/p>\n<p class=\"app_entry_diapo__description jDiaporamaLegend\" data-length=\"520\">Dans la grande famille des <a href=\"https:\/\/www.linternaute.com\/auto\/suv\/2364299-suv-le-guide-complet-pour-faire-le-bon-choix\/\" title=\"SUV\" target=\"_blank\" rel=\"noopener\">SUV<\/a> produits par Volkswagen, le T-Roc arrive en milieu de gamme, entre les plus petits Taigo et T-Cross et les plus familiaux Tiguan et Tayron. Rang\u00e9 dans la cat\u00e9gorie des SUV urbains, le <a href=\"https:\/\/www.linternaute.com\/auto\/4x4\/1375813-volkswagen-t-roc-l-essai-complet-notre-avis-prix-date-de-sortie\/\" title=\"Volkswagen T-Roc\" target=\"_blank\" rel=\"noopener\">T-Roc<\/a> est surtout un mod\u00e8le polyvalent qui a d\u00e9j\u00e0 s\u00e9duit plus de 2.2 millions d&rsquo;acheteurs \u00e0 travers le monde depuis 2019. Sa deuxi\u00e8me g\u00e9n\u00e9ration, pr\u00eate \u00e0 arriver sur nos routes, esp\u00e8re faire au moins aussi bien.<br \/>\u00a9\u00a0 R\u00e9gis Aumont\/Linternaute<\/p>\n","protected":false},"excerpt":{"rendered":"Naviguez au clavier Pr\u00e9c\u00e9dent Suivant Dans la grande famille des SUV produits par Volkswagen, le T-Roc arrive en&hellip;\n","protected":false},"author":2,"featured_media":566928,"comment_status":"","ping_status":"","sticky":false,"template":"","format":"standard","meta":{"footnotes":""},"categories":[6],"tags":[35,68209,51761,33,34,53051,1011,27,2659,68210,7816,68211],"class_list":{"0":"post-566927","1":"post","2":"type-post","3":"status-publish","4":"format-standard","5":"has-post-thumbnail","7":"category-economie","8":"tag-business","9":"tag-cms-linternaute-9311313","10":"tag-controller-content","11":"tag-economie","12":"tag-economy","13":"tag-format-diaporama","14":"tag-fr","15":"tag-france","16":"tag-suv","17":"tag-test-auto","18":"tag-volkswagen","19":"tag-volkswagen-t-roc"},"share_on_mastodon":{"url":"https:\/\/pubeurope.com\/@fr\/115633741907683681","error":""},"_links":{"self":[{"href":"https:\/\/www.europesays.com\/fr\/wp-json\/wp\/v2\/posts\/566927","targetHints":{"allow":["GET"]}}],"collection":[{"href":"https:\/\/www.europesays.com\/fr\/wp-json\/wp\/v2\/posts"}],"about":[{"href":"https:\/\/www.europesays.com\/fr\/wp-json\/wp\/v2\/types\/post"}],"author":[{"embeddable":true,"href":"https:\/\/www.europesays.com\/fr\/wp-json\/wp\/v2\/users\/2"}],"replies":[{"embeddable":true,"href":"https:\/\/www.europesays.com\/fr\/wp-json\/wp\/v2\/comments?post=566927"}],"version-history":[{"count":0,"href":"https:\/\/www.europesays.com\/fr\/wp-json\/wp\/v2\/posts\/566927\/revisions"}],"wp:featuredmedia":[{"embeddable":true,"href":"https:\/\/www.europesays.com\/fr\/wp-json\/wp\/v2\/media\/566928"}],"wp:attachment":[{"href":"https:\/\/www.europesays.com\/fr\/wp-json\/wp\/v2\/media?parent=566927"}],"wp:term":[{"taxonomy":"category","embeddable":true,"href":"https:\/\/www.europesays.com\/fr\/wp-json\/wp\/v2\/categories?post=566927"},{"taxonomy":"post_tag","embeddable":true,"href":"https:\/\/www.europesays.com\/fr\/wp-json\/wp\/v2\/tags?post=566927"}],"curies":[{"name":"wp","href":"https:\/\/api.w.org\/{rel}","templated":true}]}}