{"id":566929,"date":"2025-11-29T15:40:15","date_gmt":"2025-11-29T15:40:15","guid":{"rendered":"https:\/\/www.europesays.com\/fr\/566929\/"},"modified":"2025-11-29T15:40:15","modified_gmt":"2025-11-29T15:40:15","slug":"le-hezbollah-exhorte-le-pape-a-rejeter-lagression-israelienne-lors-de-sa-visite-au-liban","status":"publish","type":"post","link":"https:\/\/www.europesays.com\/fr\/566929\/","title":{"rendered":"Le Hezbollah exhorte le pape \u00e0 rejeter l&rsquo;\u00abagression\u00bb isra\u00e9lienne lors de sa visite au Liban"},"content":{"rendered":"<p>\n    Dans un discours prononc\u00e9 vendredi, le chef du Hezbollah, Naim Qassem, s\u2019\u00e9tait f\u00e9licit\u00e9 de la prochaine visite du pape L\u00e9on XIV au Liban, affirmant avoir charg\u00e9 des membres de sa formation de lui remettre une lettre.<\/p>\n<p class=\"fig-paragraph\">Le Hezbollah a exhort\u00e9 samedi le pape L\u00e9on XIV \u00e0 rejeter \u00abl&rsquo;injustice et l&rsquo;agression\u00bb d&rsquo;Isra\u00ebl contre le Liban, dans un message adress\u00e9 au souverain pontife avant sa visite dans le pays,\u00a0<a href=\"https:\/\/www.lefigaro.fr\/fig-data\/visite-de-leon-xiv-en-turquie-et-au-liban-que-racontent-les-voyages-des-papes-20251127\/\" target=\"_blank\" rel=\"sponsored noopener\" data-gtm-custom-categorie=\"navigation\" data-gtm-custom-action=\"crossclick\" data-gtm-custom-label=\"Contextuel\" data-gtm-event=\"customEventSPE\">de dimanche \u00e0 mardi<\/a>.<\/p>\n<p class=\"fig-paragraph\">Le mouvement libanais pro-iranien est sorti fortement affaibli fin novembre 2024 d&rsquo;une ann\u00e9e d&rsquo;hostilit\u00e9s, dont deux mois de guerre ouverte, avec Isra\u00ebl, d\u00e9clench\u00e9e par ses attaques transfrontali\u00e8res contre le territoire isra\u00e9lien au d\u00e9but de la guerre \u00e0 Gaza. \u00abNous profitons de l&rsquo;occasion de votre visite (&#8230;) pour r\u00e9affirmer de notre c\u00f4t\u00e9 notre engagement en faveur de la coexistence\u00bb, \u00e9crit la formation, dans un message publi\u00e9 samedi sur ses r\u00e9seaux sociaux.<\/p>\n<p>                                            <a class=\"fig-a11y-skip\" href=\"#fig-a11y-skip-main-inarticle\" data-module=\"a11y-skip\" data-context=\"was @visible\"><br \/>\n    Passer la publicit\u00e9<br \/>\n<\/a>            <\/p>\n<p class=\"fig-paragraph\">\u00abNous comptons sur la position de Votre Saintet\u00e9 pour rejeter l&rsquo;injustice et l&rsquo;agression dont notre nation libanaise est victime de la part des envahisseurs sionistes et de leurs partisans\u00bb, ajoute le texte, d\u00e9non\u00e7ant encore \u00abune agression continue inacceptable\u00bb de la part d&rsquo;Isra\u00ebl.<\/p>\n<p class=\"fig-paragraph\">Malgr\u00e9 le cessez-le-feu intervenu il y a un an, l&rsquo;arm\u00e9e isra\u00e9lienne a intensifi\u00e9 ces derni\u00e8res semaines ses frappes au Liban, disant vouloir emp\u00eacher le Hezbollah de se r\u00e9armer, ce qu&rsquo;il d\u00e9ment. L&rsquo;arm\u00e9e isra\u00e9lienne a tu\u00e9 le 23 novembre lors d&rsquo;une frappe dans la banlieue de Beyrouth, le chef militaire de la formation, Haitham Ali Tabatabai.<\/p>\n<p class=\"fig-paragraph\">Dans un discours prononc\u00e9 vendredi, le chef du Hezbollah, Naim Qassem, s&rsquo;\u00e9tait f\u00e9licit\u00e9 de la prochaine visite du pape L\u00e9on XIV au Liban, affirmant avoir charg\u00e9 des membres de sa formation de lui remettre une lettre. \u00abCette visite intervient \u00e0 un moment charni\u00e8re. Nous prions pour que le Saint P\u00e8re contribue \u00e0 propager la paix au Liban, \u00e0 lib\u00e9rer le pays, et \u00e0 mettre un terme \u00e0 l&rsquo;agression\u00bb, avait-il ajout\u00e9.<\/p>\n<p class=\"fig-paragraph\">Apr\u00e8s la Turquie, pays majoritairement musulman o\u00f9 il a \u00e9voqu\u00e9 l&rsquo;importance du dialogue interconfessionnel, L\u00e9on XIV doit se rendre, de dimanche \u00e0 mardi, au Liban pour une visite tr\u00e8s attendue. Il doit notamment c\u00e9l\u00e9brer une messe en plein air sur le front de mer \u00e0 Beyrouth devant environ 120.000 personnes.<\/p>\n<p class=\"fig-paragraph\">En d\u00e9pit du r\u00f4le politique important que jouent les chr\u00e9tiens au Liban, seul \u00c9tat arabe o\u00f9 le pr\u00e9sident de la R\u00e9publique est issu de cette communaut\u00e9, ces derniers ont vu leur nombre diminuer au cours des derni\u00e8res d\u00e9cennies, notamment en raison de l&rsquo;\u00e9migration des jeunes.<\/p>\n","protected":false},"excerpt":{"rendered":"Dans un discours prononc\u00e9 vendredi, le chef du Hezbollah, Naim Qassem, s\u2019\u00e9tait f\u00e9licit\u00e9 de la prochaine visite du&hellip;\n","protected":false},"author":2,"featured_media":566930,"comment_status":"","ping_status":"","sticky":false,"template":"","format":"standard","meta":{"footnotes":""},"categories":[5],"tags":[259,11,260,1011,27,14,261,12,262,28],"class_list":{"0":"post-566929","1":"post","2":"type-post","3":"status-publish","4":"format-standard","5":"has-post-thumbnail","7":"category-international","8":"tag-actualite-internationale","9":"tag-actualites","10":"tag-affaires-etrangeres","11":"tag-fr","12":"tag-france","13":"tag-international","14":"tag-ministere-des-affaires-etrangeres","15":"tag-news","16":"tag-politique-etrangere","17":"tag-world"},"share_on_mastodon":{"url":"https:\/\/pubeurope.com\/@fr\/115633745077974453","error":""},"_links":{"self":[{"href":"https:\/\/www.europesays.com\/fr\/wp-json\/wp\/v2\/posts\/566929","targetHints":{"allow":["GET"]}}],"collection":[{"href":"https:\/\/www.europesays.com\/fr\/wp-json\/wp\/v2\/posts"}],"about":[{"href":"https:\/\/www.europesays.com\/fr\/wp-json\/wp\/v2\/types\/post"}],"author":[{"embeddable":true,"href":"https:\/\/www.europesays.com\/fr\/wp-json\/wp\/v2\/users\/2"}],"replies":[{"embeddable":true,"href":"https:\/\/www.europesays.com\/fr\/wp-json\/wp\/v2\/comments?post=566929"}],"version-history":[{"count":0,"href":"https:\/\/www.europesays.com\/fr\/wp-json\/wp\/v2\/posts\/566929\/revisions"}],"wp:featuredmedia":[{"embeddable":true,"href":"https:\/\/www.europesays.com\/fr\/wp-json\/wp\/v2\/media\/566930"}],"wp:attachment":[{"href":"https:\/\/www.europesays.com\/fr\/wp-json\/wp\/v2\/media?parent=566929"}],"wp:term":[{"taxonomy":"category","embeddable":true,"href":"https:\/\/www.europesays.com\/fr\/wp-json\/wp\/v2\/categories?post=566929"},{"taxonomy":"post_tag","embeddable":true,"href":"https:\/\/www.europesays.com\/fr\/wp-json\/wp\/v2\/tags?post=566929"}],"curies":[{"name":"wp","href":"https:\/\/api.w.org\/{rel}","templated":true}]}}