{"id":56693,"date":"2025-04-27T11:22:14","date_gmt":"2025-04-27T11:22:14","guid":{"rendered":"https:\/\/www.europesays.com\/fr\/56693\/"},"modified":"2025-04-27T11:22:14","modified_gmt":"2025-04-27T11:22:14","slug":"marseille-brest-diffusion-tv-et-en-clair-streaming-et-compos-probables","status":"publish","type":"post","link":"https:\/\/www.europesays.com\/fr\/56693\/","title":{"rendered":"Marseille &#8211; Brest : Diffusion TV et en clair, streaming et compos probables"},"content":{"rendered":"<p data-testid=\"article-teaser\">Un match crucial se pr\u00e9pare entre Marseille et Brest ce dimanche soir : enjeux europ\u00e9ens, compositions, diffusion&#8230; Voici tout ce qu\u2019il faut savoir.<\/p>\n<p>Le Stade Orange V\u00e9lodrome sera le th\u00e9\u00e2tre d\u2019une rencontre d\u00e9terminante pour la 31e journ\u00e9e de Ligue 1, ce dimanche 27 avril. L\u2019Olympique de Marseille accueille le Stade Brestois dans un duel o\u00f9 chaque point pourrait s&rsquo;av\u00e9rer d\u00e9cisif, notamment pour les ambitions europ\u00e9ennes des Phoc\u00e9ens.<\/p>\n<p>Une bataille pour l\u2019Europe<\/p>\n<p>Marseille, solidement accroch\u00e9 \u00e0 la deuxi\u00e8me place du classement avec 55 points, poursuit son objectif : d\u00e9crocher une qualification directe pour la prochaine Ligue des champions. Cependant, la pression est maximale. Monaco et Nice, \u00e0 seulement un point derri\u00e8re, ne laissent aucun r\u00e9pit aux hommes de Roberto De Zerbi. Dans une course aussi serr\u00e9e, tout faux pas pourrait co\u00fbter cher.<\/p>\n<p>De son c\u00f4t\u00e9, Brest, neuvi\u00e8me avec 44 unit\u00e9s, nourrit encore l\u2019espoir d\u2019une fin de saison folle. Malgr\u00e9 quelques contre-performances r\u00e9centes, le club breton sait qu\u2019un exploit au V\u00e9lodrome pourrait raviver la flamme europ\u00e9enne.<\/p>\n<p><a href=\"https:\/\/dazn.prf.hn\/click\/camref:1011lG4NZ\" target=\"_blank\" class=\"affiliate-button\" rel=\"noopener\"><img loading=\"lazy\" decoding=\"async\" src=\"https:\/\/www.europesays.com\/fr\/wp-content\/uploads\/2025\/04\/DAZN.png\" width=\"72\" height=\"40\" alt=\"logo\" class=\"affiliate-logo\"\/>Souscrivez un abonnement DAZN d\u00e8s aujourd&rsquo;hui<\/p>\n<p>Inscrivez-vous maintenant<\/p>\n<p><\/a>Les dynamiques avant la rencontre<\/p>\n<p>L\u2019OM aborde cette affiche avec confiance. Apr\u00e8s avoir corrig\u00e9 Montpellier sur le score sans appel de 5-1, les Marseillais semblent avoir retrouv\u00e9 leur allant apr\u00e8s plusieurs semaines sombres. En pr\u00e9paration intensive du sprint final \u00e0 Rome sous l\u2019impulsion de De Zerbi, le groupe affiche une belle unit\u00e9. Greenwood, auteur de 18 buts cette saison, s\u2019impose comme le principal atout offensif, tandis que Gouiri reste un danger constant.<\/p>\n<p>\u00c0 l\u2019inverse, Brest conna\u00eet un l\u00e9ger passage \u00e0 vide. Un nul spectaculaire \u00e0 Saint-\u00c9tienne (3-3) et une d\u00e9faite face \u00e0 Lens (1-3) lors de la r\u00e9cente journ\u00e9e ont interrompu une belle s\u00e9rie d\u2019invincibilit\u00e9. La d\u00e9fense brestoise devra \u00e9lever son niveau face \u00e0 l&rsquo;une des attaques les plus prolifiques du championnat, dans une ambiance qui s\u2019annonce bouillante.<\/p>\n<p>Horaire et lieu du match<\/p>\n<p>Marseille &#8211; Brest<\/p>\n<p>31e journ\u00e9e de Ligue 1<\/p>\n<p>Lieu : Stade Orange V\u00e9lodrome<\/p>\n<p>A 20h45, heure fran\u00e7aise<\/p>\n<p>Les compos probables du match Marseille &#8211; Brest<\/p>\n<p><strong>Marseille<\/strong> : Rulli &#8211; Kondogbia, Cornelius, Murillo &#8211; Luis Henrique, H\u00f6jbjerg, Bennacer, Merlin &#8211; Greenwood, Rabiot &#8211; Gouiri<\/p>\n<p><strong>Brest<\/strong> : Coudert &#8211; Lala, Chardonnet, Le Cardinal, Ha\u00efdara &#8211; Camara, Lees-Melou, Magnetti &#8211; Pereira Lage, Ajorque, Sima<\/p>\n<p>Sur quelle cha\u00eene suivre le match Marseille &#8211; Brest ?<\/p>\n<p>La rencontre entre l\u2019Olympique de Marseille et le Stade Brestois sera \u00e0 suivre ce dimanche 27 avril 2025 \u00e0 partir de 20h45 sur la plateforme DAZN. Il vous sera aussi possible de se connecter \u00e0 ce service et de regarder en streaming via MyCanal ou Amazon Prime.<\/p>\n","protected":false},"excerpt":{"rendered":"Un match crucial se pr\u00e9pare entre Marseille et Brest ce dimanche soir : enjeux europ\u00e9ens, compositions, diffusion&#8230; Voici&hellip;\n","protected":false},"author":2,"featured_media":56694,"comment_status":"","ping_status":"","sticky":false,"template":"","format":"standard","meta":{"footnotes":""},"categories":[2814],"tags":[1111,11,3450,1777,674,1011,27,66,884,14048,12,882,25],"class_list":{"0":"post-56693","1":"post","2":"type-post","3":"status-publish","4":"format-standard","5":"has-post-thumbnail","7":"category-marseille","8":"tag-actu","9":"tag-actualites","10":"tag-brest","11":"tag-eu","12":"tag-europe","13":"tag-fr","14":"tag-france","15":"tag-ligue-1","16":"tag-marseille","17":"tag-marseille-vs-brest","18":"tag-news","19":"tag-provence-alpes-cote-dazur","20":"tag-republique-francaise"},"share_on_mastodon":{"url":"https:\/\/pubeurope.com\/@fr\/114409671521456444","error":""},"_links":{"self":[{"href":"https:\/\/www.europesays.com\/fr\/wp-json\/wp\/v2\/posts\/56693","targetHints":{"allow":["GET"]}}],"collection":[{"href":"https:\/\/www.europesays.com\/fr\/wp-json\/wp\/v2\/posts"}],"about":[{"href":"https:\/\/www.europesays.com\/fr\/wp-json\/wp\/v2\/types\/post"}],"author":[{"embeddable":true,"href":"https:\/\/www.europesays.com\/fr\/wp-json\/wp\/v2\/users\/2"}],"replies":[{"embeddable":true,"href":"https:\/\/www.europesays.com\/fr\/wp-json\/wp\/v2\/comments?post=56693"}],"version-history":[{"count":0,"href":"https:\/\/www.europesays.com\/fr\/wp-json\/wp\/v2\/posts\/56693\/revisions"}],"wp:featuredmedia":[{"embeddable":true,"href":"https:\/\/www.europesays.com\/fr\/wp-json\/wp\/v2\/media\/56694"}],"wp:attachment":[{"href":"https:\/\/www.europesays.com\/fr\/wp-json\/wp\/v2\/media?parent=56693"}],"wp:term":[{"taxonomy":"category","embeddable":true,"href":"https:\/\/www.europesays.com\/fr\/wp-json\/wp\/v2\/categories?post=56693"},{"taxonomy":"post_tag","embeddable":true,"href":"https:\/\/www.europesays.com\/fr\/wp-json\/wp\/v2\/tags?post=56693"}],"curies":[{"name":"wp","href":"https:\/\/api.w.org\/{rel}","templated":true}]}}