{"id":566936,"date":"2025-11-29T15:45:21","date_gmt":"2025-11-29T15:45:21","guid":{"rendered":"https:\/\/www.europesays.com\/fr\/566936\/"},"modified":"2025-11-29T15:45:21","modified_gmt":"2025-11-29T15:45:21","slug":"photo-le-marche-de-noel-vert-sest-installe-pour-le-week-end-a-la-salle-des-fetes-de-gentilly-a-nancy","status":"publish","type":"post","link":"https:\/\/www.europesays.com\/fr\/566936\/","title":{"rendered":"Photo. Le March\u00e9 de No\u00ebl vert s&rsquo;est install\u00e9 pour le week-end \u00e0 la salle des f\u00eates de Gentilly, \u00e0 Nancy"},"content":{"rendered":"<p>Le march\u00e9 de No\u00ebl \u00e9co-responsable ou No\u00ebl Vert rassemble ce week-end, \u00e0 la salle des f\u00eates de Gentilly, pr\u00e8s de 60 exposants, artisans, cr\u00e9ateurs, producteurs locaux ainsi que des initiatives \u00e9co-citoyennes\u00a0 : bougies \/ savons naturels, c\u00e9ramiques, v\u00eatements et jouets de seconde main, objets recycl\u00e9s, photo booth,\u00a0 bijoux, confitures, bi\u00e8res artisanales, etc.\u00a0\u00a0<\/p>\n","protected":false},"excerpt":{"rendered":"Le march\u00e9 de No\u00ebl \u00e9co-responsable ou No\u00ebl Vert rassemble ce week-end, \u00e0 la salle des f\u00eates de Gentilly,&hellip;\n","protected":false},"author":2,"featured_media":566937,"comment_status":"","ping_status":"","sticky":false,"template":"","format":"standard","meta":{"footnotes":""},"categories":[9635],"tags":[1111,11,130,1704,1777,674,1011,27,2798,775,1702,12,15830,25],"class_list":{"0":"post-566936","1":"post","2":"type-post","3":"status-publish","4":"format-standard","5":"has-post-thumbnail","7":"category-nancy","8":"tag-actu","9":"tag-actualites","10":"tag-consommation","11":"tag-edition-nancy-et-agglomeration","12":"tag-eu","13":"tag-europe","14":"tag-fr","15":"tag-france","16":"tag-galerie-photo","17":"tag-grand-est","18":"tag-nancy","19":"tag-news","20":"tag-noel","21":"tag-republique-francaise"},"share_on_mastodon":{"url":"https:\/\/pubeurope.com\/@fr\/115633764750121721","error":""},"_links":{"self":[{"href":"https:\/\/www.europesays.com\/fr\/wp-json\/wp\/v2\/posts\/566936","targetHints":{"allow":["GET"]}}],"collection":[{"href":"https:\/\/www.europesays.com\/fr\/wp-json\/wp\/v2\/posts"}],"about":[{"href":"https:\/\/www.europesays.com\/fr\/wp-json\/wp\/v2\/types\/post"}],"author":[{"embeddable":true,"href":"https:\/\/www.europesays.com\/fr\/wp-json\/wp\/v2\/users\/2"}],"replies":[{"embeddable":true,"href":"https:\/\/www.europesays.com\/fr\/wp-json\/wp\/v2\/comments?post=566936"}],"version-history":[{"count":0,"href":"https:\/\/www.europesays.com\/fr\/wp-json\/wp\/v2\/posts\/566936\/revisions"}],"wp:featuredmedia":[{"embeddable":true,"href":"https:\/\/www.europesays.com\/fr\/wp-json\/wp\/v2\/media\/566937"}],"wp:attachment":[{"href":"https:\/\/www.europesays.com\/fr\/wp-json\/wp\/v2\/media?parent=566936"}],"wp:term":[{"taxonomy":"category","embeddable":true,"href":"https:\/\/www.europesays.com\/fr\/wp-json\/wp\/v2\/categories?post=566936"},{"taxonomy":"post_tag","embeddable":true,"href":"https:\/\/www.europesays.com\/fr\/wp-json\/wp\/v2\/tags?post=566936"}],"curies":[{"name":"wp","href":"https:\/\/api.w.org\/{rel}","templated":true}]}}