{"id":566938,"date":"2025-11-29T15:46:22","date_gmt":"2025-11-29T15:46:22","guid":{"rendered":"https:\/\/www.europesays.com\/fr\/566938\/"},"modified":"2025-11-29T15:46:22","modified_gmt":"2025-11-29T15:46:22","slug":"las-nancy-lorraine-connaitra-son-adversaire-en-32e-de-finale-lundi-soir","status":"publish","type":"post","link":"https:\/\/www.europesays.com\/fr\/566938\/","title":{"rendered":"l\u2019AS Nancy Lorraine conna\u00eetra son adversaire en 32e de finale lundi soir"},"content":{"rendered":"<p>Gr\u00e2ce \u00e0 sa qualification in extremis ce vendredi soir <a href=\"https:\/\/www.estrepublicain.fr\/sport\/2025\/11\/29\/l-as-nancy-lorraine-passe-par-un-trou-de-souris-a-sarreguemines\" target=\"_blank\" rel=\"noopener\">apr\u00e8s un match fou \u00e0 Sarreguemines (3-4)<\/a> , l\u2019ASNL va retrouver les 32e de finale de la Coupe de France lors du week-end des 20-21 d\u00e9cembre, quatre ans apr\u00e8s sa derni\u00e8re participation \u00e0 ce stade. Les clubs de L1 feront leur entr\u00e9e en lice, ce qui pourrait d\u00e9boucher potentiellement sur une belle affiche pour Nancy. Il faudra d\u00e9sormais attendre ce lundi 1er \u00a0d\u00e9cembre, \u00e0 partir de 19\u00a0h, pour conna\u00eetre l\u2019identit\u00e9 de ce futur adversaire.<\/p>\n<p>Le tirage au sort sera r\u00e9alis\u00e9 au Parc des Princes et retransmis par beIN sports, avec des \u00ab\u00a0mains innocentes\u00a0\u00bb de prestige\u00a0: les anciens attaquants Pedro Miguel Pauleta et Fr\u00e9d\u00e9ric Piquionne, la d\u00e9fenseure du PSG Jade Le Guilly, l\u2019ancienne gardienne internationale de hand Cl\u00e9op\u00e2tre Darleux ou encore le champion du monde du 10.000 m Jimmy Gressier.<\/p>\n","protected":false},"excerpt":{"rendered":"Gr\u00e2ce \u00e0 sa qualification in extremis ce vendredi soir apr\u00e8s un match fou \u00e0 Sarreguemines (3-4) , l\u2019ASNL&hellip;\n","protected":false},"author":2,"featured_media":566939,"comment_status":"","ping_status":"","sticky":false,"template":"","format":"standard","meta":{"footnotes":""},"categories":[9635],"tags":[1111,11,3703,1704,1777,674,63,1011,27,775,1702,1703,12,25,517,1700],"class_list":{"0":"post-566938","1":"post","2":"type-post","3":"status-publish","4":"format-standard","5":"has-post-thumbnail","7":"category-nancy","8":"tag-actu","9":"tag-actualites","10":"tag-asnl","11":"tag-edition-nancy-et-agglomeration","12":"tag-eu","13":"tag-europe","14":"tag-football","15":"tag-fr","16":"tag-france","17":"tag-grand-est","18":"tag-nancy","19":"tag-nancy-ville-54b","20":"tag-news","21":"tag-republique-francaise","22":"tag-sport","23":"tag-sport-lorrain"},"share_on_mastodon":{"url":"https:\/\/pubeurope.com\/@fr\/115633768537248189","error":""},"_links":{"self":[{"href":"https:\/\/www.europesays.com\/fr\/wp-json\/wp\/v2\/posts\/566938","targetHints":{"allow":["GET"]}}],"collection":[{"href":"https:\/\/www.europesays.com\/fr\/wp-json\/wp\/v2\/posts"}],"about":[{"href":"https:\/\/www.europesays.com\/fr\/wp-json\/wp\/v2\/types\/post"}],"author":[{"embeddable":true,"href":"https:\/\/www.europesays.com\/fr\/wp-json\/wp\/v2\/users\/2"}],"replies":[{"embeddable":true,"href":"https:\/\/www.europesays.com\/fr\/wp-json\/wp\/v2\/comments?post=566938"}],"version-history":[{"count":0,"href":"https:\/\/www.europesays.com\/fr\/wp-json\/wp\/v2\/posts\/566938\/revisions"}],"wp:featuredmedia":[{"embeddable":true,"href":"https:\/\/www.europesays.com\/fr\/wp-json\/wp\/v2\/media\/566939"}],"wp:attachment":[{"href":"https:\/\/www.europesays.com\/fr\/wp-json\/wp\/v2\/media?parent=566938"}],"wp:term":[{"taxonomy":"category","embeddable":true,"href":"https:\/\/www.europesays.com\/fr\/wp-json\/wp\/v2\/categories?post=566938"},{"taxonomy":"post_tag","embeddable":true,"href":"https:\/\/www.europesays.com\/fr\/wp-json\/wp\/v2\/tags?post=566938"}],"curies":[{"name":"wp","href":"https:\/\/api.w.org\/{rel}","templated":true}]}}