{"id":566952,"date":"2025-11-29T15:56:12","date_gmt":"2025-11-29T15:56:12","guid":{"rendered":"https:\/\/www.europesays.com\/fr\/566952\/"},"modified":"2025-11-29T15:56:12","modified_gmt":"2025-11-29T15:56:12","slug":"a-rennes-quatre-pompiers-decores-pour-avoir-sauve-un-homme-des-flammes","status":"publish","type":"post","link":"https:\/\/www.europesays.com\/fr\/566952\/","title":{"rendered":"\u00e0 Rennes, quatre pompiers d\u00e9cor\u00e9s pour avoir sauv\u00e9 un homme des flammes"},"content":{"rendered":"<p>                    Par<br \/>\n        <strong><br \/>\n            <a href=\"https:\/\/actu.fr\/auteur\/laurene-fertin\" title=\"Consulter tous les articles de Laur\u00e8ne Fertin\" target=\"_blank\" rel=\"noopener\">Laur\u00e8ne Fertin<\/a><br \/>\n                    <\/strong><\/p>\n<p>        Publi\u00e9 le<\/p>\n<p>            29 nov. 2025 \u00e0 16h13        <\/p>\n<p>Ils ont brav\u00e9 la pluie ce samedi 29 novembre 2025 lors de la c\u00e9r\u00e9monie de la Sainte-Barbe, au CDIS (Centre d\u2019incendie et de secours) de Rennes-Centre. Mais c\u2019est bien pour avoir brav\u00e9 les flammes, au cours de leur carri\u00e8re, que <strong>quatre soldats du feu<\/strong> ont \u00e9t\u00e9 <strong>d\u00e9cor\u00e9s<\/strong> pour leur bravoure dans <strong>un terrible incendie,<\/strong> survenu le 27\u00a0janvier dernier, dans le quartier Br\u00e9quigny. \u00ab\u2009Lorsque l\u2019on est arriv\u00e9 sur place, les flammes sortaient par les fen\u00eatres\u2009\u00bb, se souvient l\u2019adjudant-chef Xavier Maz\u00e9, qui \u00e9tait alors chef d\u2019agr\u00e8s au fourgon, <strong>cette nuit-l\u00e0.<\/strong><\/p>\n<p>La victime\u2009: un homme de 52\u00a0ans<\/p>\n<p class=\" wall-content\">Vers 4h, dans la r\u00e9sidence constitu\u00e9e de quatre \u00e9tages, situ\u00e9e<strong> square Charles-Dullin<\/strong>, c\u2019est le 1\u1d49\u02b3 niveau qui est <strong>d\u00e9vor\u00e9 par le feu.<\/strong><\/p>\n<p class=\" wall-content\">L\u2019op\u00e9ration est <strong>technique. <\/strong>Les pompiers sont emp\u00each\u00e9s par la disposition des lieux\u2009: il leur est impossible d\u2019engager les engins c\u00f4t\u00e9 fa\u00e7ade. <strong>\u00ab\u2009L\u2019acc\u00e8s se fait donc par l\u2019int\u00e9rieur\u2009\u00bb,<\/strong> compl\u00e8te l\u2019adjudant-chef.<\/p>\n<p class=\" wall-content\"><strong>La porte,<\/strong> qui est <strong>verrouill\u00e9e<\/strong>, n\u00e9cessite d\u2019\u00eatre <strong>forc\u00e9e.<\/strong><\/p>\n<blockquote class=\"ac-article-quote wall-content\">\n<p>On met alors en place un stoppeur de fum\u00e9e pour \u00e9viter que la ventilation se fasse dans l&rsquo;appartement, puis, mes \u00e9quipes s&rsquo;engagent sous contr\u00f4le pour \u00e9teindre le feu et rechercher la victime.<\/p>\n<p>    <strong>Xavier Maz\u00e9<\/strong><br \/>\n        Adjudant-chef    <\/p><\/blockquote>\n<p class=\" wall-content\">Le premier bin\u00f4me d\u2019intervention, constitu\u00e9 du caporal-chef Alexandre Le Squer et le caporal Alexandre Pambouc localisent rapidement un homme de<strong> 52\u00a0ans<\/strong>, dans la cuisine.<\/p>\n<p>Votre r\u00e9gion, votre actu !<\/p>\n<p>Recevez chaque jour les infos qui comptent pour vous.<\/p>\n<p>\t<a href=\"https:\/\/actu.fr\/newsletter\" class=\"ac-btn ac-btn--corner ac-btn--medium ac-btn--blue800\" target=\"_blank\" rel=\"noopener\">S&rsquo;incrire<\/a><br \/>\n\u00ab\u2009Accroch\u00e9 \u00e0 son r\u00e9frig\u00e9rateur\u2009\u00bb<\/p>\n<p class=\" wall-content\">\u00ab\u2009Il \u00e9tait en <strong>panique totale\u2009\u00bb, <\/strong>raconte Xavier Maz\u00e9.<\/p>\n<blockquote class=\"ac-article-quote wall-content\">\n<p>Il \u00e9tait accroch\u00e9 \u00e0 son r\u00e9frig\u00e9rateur. La chance qu&rsquo;il a eue, c&rsquo;est que les fen\u00eatres ont cass\u00e9, donc il y avait toujours une petite veine d&rsquo;air qui passait par le sol permettant d&rsquo;apporter un minimum d&rsquo;oxyg\u00e8ne.<\/p>\n<p>    <strong>Xavier Maz\u00e9<\/strong><br \/>\n        Adjudant-chef    <\/p><\/blockquote>\n<p class=\" wall-content\">La victime, tr\u00e8s <strong>choqu\u00e9e,<\/strong> refuse alors de partir avec les pompiers.\u00a0Les minutes passent et Xavier Maz\u00e9 d\u00e9cide de faire intervenir <strong>un bin\u00f4me de s\u00e9curit\u00e9<\/strong> pour appuyer l\u2019op\u00e9ration, compos\u00e9 du caporal-chef Vincent Roze et caporal Lucas Herbel.<\/p>\n<p class=\" wall-content\">\u00ab\u2009Ils ont \u00e9t\u00e9 oblig\u00e9s de le forcer \u00e0 sortir de l\u2019appartement, il restait accroch\u00e9 au r\u00e9frig\u00e9rateur qu\u2019il tra\u00eenait au sol\u2009\u00bb, abonde l\u2019adjudant-chef. Finalement,<strong> en \u00ab\u2009cinq ou six minutes\u2009\u00bb<\/strong>, l\u2019homme est tir\u00e9 d\u2019affaire.<\/p>\n<p class=\" wall-content\">Jusqu\u2019ici, <strong>on ne conna\u00eet pas l\u2019origine du feu<\/strong>. \u00ab\u2009On sait simplement qu\u2019il est parti de la chambre\u2009\u00bb, pr\u00e9cise Xavier Maz\u00e9. C\u2019est par ailleurs les habitants qui ont appel\u00e9 les secours et non l\u2019homme lui-m\u00eame, visiblement d\u00e9pass\u00e9 par les \u00e9v\u00e9nements.<\/p>\n<p>Sept autres pompiers r\u00e9compens\u00e9s<\/p>\n<p>Lors de cette c\u00e9r\u00e9monie officielle \u00e9taient notamment pr\u00e9sents :<br \/>-Gabriel Morin, sous-pr\u00e9fet \u00e0 la pr\u00e9fecture de Bretagne ;<br \/>-Nathalie App\u00e9r\u00e9, maire de Rennes ;<br \/>-Jean-Luc Chenut, pr\u00e9sident du Conseil d\u00e9partemental ;<br \/>-Marie Mesmeur, d\u00e9put\u00e9e de la 1\u02b3\u1d49 circonscription d&rsquo;Ille-et-Vilaine ; <br \/>-Micha\u00ebl Bouloux, d\u00e9put\u00e9 de la 8\u1d49 circonscription d&rsquo;Ille-et-Vilaine ;<br \/>-Eric Candas, directeur d\u00e9partemental du SDIS d&rsquo;Ille-et-Vilaine.<\/p>\n<p>Si quatre sapeurs-pompiers ont \u00e9t\u00e9 d\u00e9cor\u00e9s pour l&rsquo;incendie survenu en janvier dans le quartier de Br\u00e9quigny, sept autres ont re\u00e7u des m\u00e9dailles d&rsquo;honneur \u00e9chelon or.<\/p>\n<p>    <img   decoding=\"async\" loading=\"lazy\" src=\"https:\/\/www.europesays.com\/fr\/wp-content\/uploads\/2025\/11\/image-20251129-144146-320-960x640.jpeg\" alt=\"photo prise le 29\/11\/2025\" width=\"960\" height=\"640\"\/><br \/>\n    Au total, 11 sapeurs-pompiers ont \u00e9t\u00e9 d\u00e9cor\u00e9s ce samedi 29 novembre 2025. (\u00a9Laur\u00e8ne Fertin \/ actu Rennes)\u00ab\u2009On a r\u00e9ussi ce pour quoi on s\u2019est engag\u00e9\u2009\u00bb<\/p>\n<p class=\" wall-content\">Pour le caporal Alexandre Pambouc, et le caporal-chef Alexandre Le Squer, cette nuit \u00e9tait particuli\u00e8rement <strong>\u00e9prouvante<\/strong> car les sapeurs-pompiers \u00e9taient en r\u00e9alit\u00e9 en intervention sur un incendie \u00e0 Saint-Jacques-de-la-Lande, pr\u00e9c\u00e9demment.<\/p>\n<p class=\" wall-content\">\u00ab\u2009Cette intervention <strong>r\u00e9compense<\/strong> <strong>toutes nos heures d\u2019entra\u00eenement<\/strong>, qu\u2019ils soient physiques ou techniques\u2009\u00bb, expose, avec fiert\u00e9, le caporal-chef Alexandre Le Squer.<\/p>\n<blockquote class=\"ac-article-quote wall-content\">\n<p>On a r\u00e9ussi ce pour quoi on s&rsquo;est engag\u00e9.<\/p>\n<p>    <strong>Alexandre Le Squer<\/strong><br \/>\n        Caporal-chef     <\/p><\/blockquote>\n<p class=\" wall-content\">Une <strong>reconnaissance,<\/strong> pour les deux hommes de 30 et 26\u00a0ans, pour la premi\u00e8re fois de leur carri\u00e8re, d\u00e9cor\u00e9s. <strong>Deux mentions honorables<\/strong> pour acte de courage et de d\u00e9vouement leur ont \u00e9t\u00e9 attribu\u00e9es. <strong>Deux lettres de f\u00e9licitations<\/strong> pour acte de courage et d\u00e9vouement ont \u00e9t\u00e9 adress\u00e9es au caporal-chef Vincent Roze ainsi qu\u2019au caporal Lucas Herbel, \u00ab\u2009pour leur comportement exemplaire et la pertinence de leurs actions\u2009\u00bb.<\/p>\n<p class=\" wall-content\">Personnalisez votre actualit\u00e9 en ajoutant vos villes et m\u00e9dias en favori avec <a href=\"https:\/\/moncompte.actu.fr\" title=\"D\u00e9couvez Mon Actu\" rel=\"nofollow noopener\" data-trk=\"{&quot;cta&quot;:{&quot;action&quot;:&quot;https:\\\/\\\/moncompte.actu.fr&quot;,&quot;category&quot;:&quot;mon compte&quot;,&quot;from&quot;:&quot;article footer&quot;,&quot;name&quot;:&quot;Mon actu&quot;,&quot;type&quot;:&quot;cta&quot;}}\" target=\"_blank\">Mon Actu<\/a>.<\/p>\n","protected":false},"excerpt":{"rendered":"Par Laur\u00e8ne Fertin Publi\u00e9 le 29 nov. 2025 \u00e0 16h13 Ils ont brav\u00e9 la pluie ce samedi 29&hellip;\n","protected":false},"author":2,"featured_media":566953,"comment_status":"","ping_status":"","sticky":false,"template":"","format":"standard","meta":{"footnotes":""},"categories":[2821],"tags":[1111,11,829,1777,674,1011,27,12,1311,584,25,104],"class_list":{"0":"post-566952","1":"post","2":"type-post","3":"status-publish","4":"format-standard","5":"has-post-thumbnail","7":"category-rennes","8":"tag-actu","9":"tag-actualites","10":"tag-bretagne","11":"tag-eu","12":"tag-europe","13":"tag-fr","14":"tag-france","15":"tag-news","16":"tag-pompiers","17":"tag-rennes","18":"tag-republique-francaise","19":"tag-societe"},"share_on_mastodon":{"url":"https:\/\/pubeurope.com\/@fr\/115633808791646319","error":""},"_links":{"self":[{"href":"https:\/\/www.europesays.com\/fr\/wp-json\/wp\/v2\/posts\/566952","targetHints":{"allow":["GET"]}}],"collection":[{"href":"https:\/\/www.europesays.com\/fr\/wp-json\/wp\/v2\/posts"}],"about":[{"href":"https:\/\/www.europesays.com\/fr\/wp-json\/wp\/v2\/types\/post"}],"author":[{"embeddable":true,"href":"https:\/\/www.europesays.com\/fr\/wp-json\/wp\/v2\/users\/2"}],"replies":[{"embeddable":true,"href":"https:\/\/www.europesays.com\/fr\/wp-json\/wp\/v2\/comments?post=566952"}],"version-history":[{"count":0,"href":"https:\/\/www.europesays.com\/fr\/wp-json\/wp\/v2\/posts\/566952\/revisions"}],"wp:featuredmedia":[{"embeddable":true,"href":"https:\/\/www.europesays.com\/fr\/wp-json\/wp\/v2\/media\/566953"}],"wp:attachment":[{"href":"https:\/\/www.europesays.com\/fr\/wp-json\/wp\/v2\/media?parent=566952"}],"wp:term":[{"taxonomy":"category","embeddable":true,"href":"https:\/\/www.europesays.com\/fr\/wp-json\/wp\/v2\/categories?post=566952"},{"taxonomy":"post_tag","embeddable":true,"href":"https:\/\/www.europesays.com\/fr\/wp-json\/wp\/v2\/tags?post=566952"}],"curies":[{"name":"wp","href":"https:\/\/api.w.org\/{rel}","templated":true}]}}