{"id":566954,"date":"2025-11-29T15:57:12","date_gmt":"2025-11-29T15:57:12","guid":{"rendered":"https:\/\/www.europesays.com\/fr\/566954\/"},"modified":"2025-11-29T15:57:12","modified_gmt":"2025-11-29T15:57:12","slug":"le-detenu-qui-sest-evade-lors-dune-sortie-au-planetarium-de-rennes-sera-juge-ce-lundi-en-comparution-immediate","status":"publish","type":"post","link":"https:\/\/www.europesays.com\/fr\/566954\/","title":{"rendered":"Le d\u00e9tenu qui s&rsquo;est \u00e9vad\u00e9 lors d&rsquo;une sortie au plan\u00e9tarium de Rennes sera jug\u00e9 ce lundi en comparution imm\u00e9diate"},"content":{"rendered":"<p class=\"mb-4 text-lg md:leading-8 break-words\">Interpell\u00e9 jeudi, le d\u00e9tenu de 37 ans qui avait profit\u00e9 d&rsquo;une permission de sorter collective organis\u00e9e <a href=\"https:\/\/fr.news.yahoo.com\/d%C3%A9tenu-s%C3%A9vade-lors-dune-sortie-174507499.html\" data-ylk=\"slk:au plan\u00e9tarium de Rennes (Ille-et-Vilaine) pour s&#039;\u00e9vader;elm:context_link;itc:0;sec:content-canvas;outcm:mb_qualified_link;_E:mb_qualified_link;ct:story;\" class=\"link  yahoo-link\" target=\"_blank\" rel=\"noopener\">au plan\u00e9tarium de Rennes (Ille-et-Vilaine) pour s&rsquo;\u00e9vader<\/a> sera jug\u00e9 ce lundi 1er d\u00e9cembre en comparution imm\u00e9diate par le tribunal correctionnel de Rennes, a appris BFMTV aupr\u00e8s du parquet de Rennes vendredi.<\/p>\n<p class=\"mb-4 text-lg md:leading-8 break-words\">En attendant l&rsquo;audience, le d\u00e9tenu a \u00e9t\u00e9 plac\u00e9 en d\u00e9tention provisoire par le juge des libert\u00e9s et de la d\u00e9tention, conform\u00e9ment aux r\u00e9quisitions du parquet, a pr\u00e9cis\u00e9 ce dernier.<\/p>\n<p>Un d\u00e9tenu incarc\u00e9r\u00e9 pour des \u00ab\u00a0faits de vols\u00a0\u00bb<\/p>\n<p class=\"mb-4 text-lg md:leading-8 break-words\">Condamn\u00e9 depuis d\u00e9cembre 2024 pour des faits de vols et devant \u00eatre incarc\u00e9r\u00e9 jusqu&rsquo;en mars 2027, le d\u00e9tenu avait \u00e9chapp\u00e9 \u00e0 la vigilance des personnes charg\u00e9es de d&rsquo;encadrer une sortie au plan\u00e9tarium de Rennes organis\u00e9e le 17 novembre dernier. Il a \u00e9t\u00e9 interpell\u00e9 jeudi en d\u00e9but d&rsquo;apr\u00e8s-midi dans une aire d&rsquo;accueil de gens du voyage \u00e0 Nantes, en Loire-Atlantique.<\/p>\n<p class=\"mb-4 text-lg md:leading-8 break-words\">Selon G\u00e9rald Darmanin, ce d\u00e9tenu de 37 ans <a href=\"https:\/\/fr.news.yahoo.com\/%C3%A9vasion-%C3%A0-rennes-g%C3%A9rald-darmanin-104059758.html\" data-ylk=\"slk:s&#039;\u00e9tait d\u00e9j\u00e0 \u00e9vad\u00e9 une premi\u00e8re fois du centre p\u00e9nitentiaire de Rennes-V\u00e9zin;elm:context_link;itc:0;sec:content-canvas;outcm:mb_qualified_link;_E:mb_qualified_link;ct:story;\" class=\"link  yahoo-link\" target=\"_blank\" rel=\"noopener\">s&rsquo;\u00e9tait d\u00e9j\u00e0 \u00e9vad\u00e9 une premi\u00e8re fois du centre p\u00e9nitentiaire de Rennes-V\u00e9zin<\/a>, un pr\u00e9c\u00e9dent qui avait amen\u00e9 le garde des Sceaux \u00e0 consid\u00e9rer qu&rsquo;organiser une telle sortie sans \u00eatre encadr\u00e9e par aucune surveillant p\u00e9nitentiaire \u00e9tait une erreur.<\/p>\n<p class=\"mb-4 text-lg md:leading-8 break-words\">Le ministre de la Justice avait d\u00e9mis le 21 novembre de ses fonctions le directeur de la prison de Rennes-V\u00e9zin, estimant que le directeur de l&rsquo;\u00e9tablissement avait commis \u00ab\u00a0une faute\u00a0\u00bb.<\/p>\n<p class=\"mb-4 text-lg md:leading-8 break-words\"><a href=\"https:\/\/www.bfmtv.com\/police-justice\/le-detenu-qui-s-est-evade-lors-d-une-sortie-au-planetarium-de-rennes-sera-juge-ce-lundi-en-comparution-immediate_AN-202511290323.html#xtor=AL-68\" rel=\"nofollow noopener\" target=\"_blank\" data-ylk=\"slk:Article original publi\u00e9 sur BFMTV.com;elm:context_link;itc:0;sec:content-canvas\" class=\"link \">Article original publi\u00e9 sur BFMTV.com<\/a><\/p>\n","protected":false},"excerpt":{"rendered":"Interpell\u00e9 jeudi, le d\u00e9tenu de 37 ans qui avait profit\u00e9 d&rsquo;une permission de sorter collective organis\u00e9e au plan\u00e9tarium&hellip;\n","protected":false},"author":2,"featured_media":566955,"comment_status":"","ping_status":"","sticky":false,"template":"","format":"standard","meta":{"footnotes":""},"categories":[2821],"tags":[1111,11,829,5816,9625,1777,674,1011,27,12,584,25],"class_list":{"0":"post-566954","1":"post","2":"type-post","3":"status-publish","4":"format-standard","5":"has-post-thumbnail","7":"category-rennes","8":"tag-actu","9":"tag-actualites","10":"tag-bretagne","11":"tag-detention-provisoire","12":"tag-detenu","13":"tag-eu","14":"tag-europe","15":"tag-fr","16":"tag-france","17":"tag-news","18":"tag-rennes","19":"tag-republique-francaise"},"share_on_mastodon":{"url":"https:\/\/pubeurope.com\/@fr\/115633811987939172","error":""},"_links":{"self":[{"href":"https:\/\/www.europesays.com\/fr\/wp-json\/wp\/v2\/posts\/566954","targetHints":{"allow":["GET"]}}],"collection":[{"href":"https:\/\/www.europesays.com\/fr\/wp-json\/wp\/v2\/posts"}],"about":[{"href":"https:\/\/www.europesays.com\/fr\/wp-json\/wp\/v2\/types\/post"}],"author":[{"embeddable":true,"href":"https:\/\/www.europesays.com\/fr\/wp-json\/wp\/v2\/users\/2"}],"replies":[{"embeddable":true,"href":"https:\/\/www.europesays.com\/fr\/wp-json\/wp\/v2\/comments?post=566954"}],"version-history":[{"count":0,"href":"https:\/\/www.europesays.com\/fr\/wp-json\/wp\/v2\/posts\/566954\/revisions"}],"wp:featuredmedia":[{"embeddable":true,"href":"https:\/\/www.europesays.com\/fr\/wp-json\/wp\/v2\/media\/566955"}],"wp:attachment":[{"href":"https:\/\/www.europesays.com\/fr\/wp-json\/wp\/v2\/media?parent=566954"}],"wp:term":[{"taxonomy":"category","embeddable":true,"href":"https:\/\/www.europesays.com\/fr\/wp-json\/wp\/v2\/categories?post=566954"},{"taxonomy":"post_tag","embeddable":true,"href":"https:\/\/www.europesays.com\/fr\/wp-json\/wp\/v2\/tags?post=566954"}],"curies":[{"name":"wp","href":"https:\/\/api.w.org\/{rel}","templated":true}]}}