{"id":566960,"date":"2025-11-29T16:00:17","date_gmt":"2025-11-29T16:00:17","guid":{"rendered":"https:\/\/www.europesays.com\/fr\/566960\/"},"modified":"2025-11-29T16:00:17","modified_gmt":"2025-11-29T16:00:17","slug":"plusieurs-interpellations-apres-une-operation-anti-drogue-dans-le-quartier-des-moulins","status":"publish","type":"post","link":"https:\/\/www.europesays.com\/fr\/566960\/","title":{"rendered":"plusieurs interpellations apr\u00e8s une op\u00e9ration anti-drogue dans le quartier des Moulins"},"content":{"rendered":"<p>Le parquet de Nice (Alpes-Maritimes) d\u00e9voile le bilan d&rsquo;une op\u00e9ration antidrogue dans le quartier des Moulins. Sur un total de 10 personnes contr\u00f4l\u00e9es, la moiti\u00e9 a \u00e9t\u00e9 plac\u00e9e en garde \u00e0 vue.<\/p>\n<p>Une lutte contre la drogue. Alors que plusieurs op\u00e9rations de police ont r\u00e9guli\u00e8rement lieu \u00e0 <a href=\"https:\/\/www.bfmtv.com\/cote-d-azur\/eric-ciotti-s-indigne-de-ne-pas-avoir-ete-invite-par-gerald-darmanin-a-la-visite-de-la-maison-d-arret-de-nice_AV-202511280985.html\" title=\"\u00c9ric Ciotti s&#039;indigne de ne pas avoir \u00e9t\u00e9 invit\u00e9 par G\u00e9rald Darmanin \u00e0 la visite de la maison d\u2019arr\u00eat de Nice\" class=\"internal_link\" target=\"_blank\" rel=\"noopener\">Nice<\/a> (Alpes-Maritimes), une intervention sp\u00e9ciale s&rsquo;est d\u00e9roul\u00e9e ce vendredi 28 novembre par la DIPN 06 dans le quartier des Moulins avec des r\u00e9quisitions de contr\u00f4le d\u2019identit\u00e9.<\/p>\n<p>Au total, le parquet de Nice annonce le contr\u00f4le de 10 clients suppos\u00e9s d&rsquo;un r\u00e9seau de vente de drogue. Parmi eux, cinq personnes ont \u00e9t\u00e9 interpell\u00e9s et plac\u00e9s en garde \u00e0 vue, quatre pour usage de stup\u00e9fiants et une pour conduite sous l\u2019emprise de produits stup\u00e9fiants.<\/p>\n<p><img decoding=\"async\" src=\"https:\/\/www.europesays.com\/fr\/wp-content\/uploads\/2025\/05\/principale-24_1.png\"  alt=\"Y a-t-il un lien entre la fusillade \u00e0 Nice et le narcotrafic?\" title=\"Y a-t-il un lien entre la fusillade \u00e0 Nice et le narcotrafic?\"\/>Y a-t-il un lien entre la fusillade \u00e0 Nice et le narcotrafic?<\/p>\n<p>\u00c0 l\u2019issue des mesures de garde \u00e0 vue, des d\u00e9f\u00e8rements devant le d\u00e9l\u00e9gu\u00e9 du procureur ont \u00e9t\u00e9 d\u00e9cid\u00e9s. Ces d\u00e9cisions de justice ont ainsi ordonn\u00e9 des interdictions de para\u00eetre dans le quartier des Moulins pendant six mois avec diffusion au fichier des personnes recherch\u00e9es et des obligations de suivre un stage en vue de la prise en charge des addictions.<\/p>\n<blockquote class=\"embed embed_quote\"><p>\u00ab\u00a0Cinq autres clients ont fait l\u2019objet d\u2019une amende forfaitaire d\u00e9lictuelle\u00a0\u00bb, pr\u00e9cise le parquet de Nice.<\/p><\/blockquote>\n<p>\u00ab\u00a0Ces op\u00e9rations qui incluent d\u00e9sormais le placement en garde \u00e0 vue et la pr\u00e9sentation imm\u00e9diate \u00e0 un d\u00e9l\u00e9gu\u00e9 du procureur visent \u00e0 sanctionner et responsabiliser les acheteurs de stup\u00e9fiants en favorisant la prise en charge des addictions lorsqu\u2019elle est n\u00e9cessaire\u00a0\u00bb, ajoute le communiqu\u00e9.<\/p>\n<p>Pr\u00e8s de 120 proc\u00e9dures pour conduite sous stup\u00e9fiants<\/p>\n<p>Depuis la mise en place de la loi du 9 juillet dernier, qui vise \u00e0 lutter contre <a href=\"https:\/\/www.bfmtv.com\/auto\/la-loi-ne-detournera-plus-les-yeux-le-delit-d-homicide-routier-adopte-par-le-parlement_AD-202507020650.html\" title=\"&quot;La loi ne d\u00e9tournera plus les yeux&quot;: le d\u00e9lit d&#039;homicide routier adopt\u00e9 par le Parlement\" class=\"internal_link\" target=\"_blank\" rel=\"noopener\">la violence routi\u00e8re<\/a>, la peine d&#8217;emprisonnement encourue pour les personnes conduisant sous l&#8217;emprise de produits stup\u00e9fiants a \u00e9t\u00e9 port\u00e9e de 2 \u00e0 3 ans.<\/p>\n<p>Depuis le d\u00e9but de l&rsquo;ann\u00e9e 2025, le tribunal de Nice, fait \u00e9tat chaque mois de 118 personnes ayant fait l\u2019objet d\u2019une proc\u00e9dure pour conduite sous stup\u00e9fiants, une donn\u00e9e en hausse de 37% par rapport \u00e0 2023, en lien avec la multiplication des contr\u00f4les.<\/p>\n<p>D\u00e9sormais, les contrevenants se voient automatiquement annuler leur permis de conduire, ainsi que la confiscation du v\u00e9hicule utilis\u00e9. Plusieurs mis en cause en situation de r\u00e9cidive ont \u00e9t\u00e9 incarc\u00e9r\u00e9s \u00e0 la suite de leur interpellation, pr\u00e9cise de le parquet de Nice.<\/p>\n<p>Partager <\/p>\n","protected":false},"excerpt":{"rendered":"Le parquet de Nice (Alpes-Maritimes) d\u00e9voile le bilan d&rsquo;une op\u00e9ration antidrogue dans le quartier des Moulins. Sur un&hellip;\n","protected":false},"author":2,"featured_media":364589,"comment_status":"","ping_status":"","sticky":false,"template":"","format":"standard","meta":{"footnotes":""},"categories":[2819],"tags":[1111,11,1777,674,1011,27,12,2401,882,25],"class_list":{"0":"post-566960","1":"post","2":"type-post","3":"status-publish","4":"format-standard","5":"has-post-thumbnail","7":"category-nice","8":"tag-actu","9":"tag-actualites","10":"tag-eu","11":"tag-europe","12":"tag-fr","13":"tag-france","14":"tag-news","15":"tag-nice","16":"tag-provence-alpes-cote-dazur","17":"tag-republique-francaise"},"share_on_mastodon":{"url":"https:\/\/pubeurope.com\/@fr\/115633824914598556","error":""},"_links":{"self":[{"href":"https:\/\/www.europesays.com\/fr\/wp-json\/wp\/v2\/posts\/566960","targetHints":{"allow":["GET"]}}],"collection":[{"href":"https:\/\/www.europesays.com\/fr\/wp-json\/wp\/v2\/posts"}],"about":[{"href":"https:\/\/www.europesays.com\/fr\/wp-json\/wp\/v2\/types\/post"}],"author":[{"embeddable":true,"href":"https:\/\/www.europesays.com\/fr\/wp-json\/wp\/v2\/users\/2"}],"replies":[{"embeddable":true,"href":"https:\/\/www.europesays.com\/fr\/wp-json\/wp\/v2\/comments?post=566960"}],"version-history":[{"count":0,"href":"https:\/\/www.europesays.com\/fr\/wp-json\/wp\/v2\/posts\/566960\/revisions"}],"wp:featuredmedia":[{"embeddable":true,"href":"https:\/\/www.europesays.com\/fr\/wp-json\/wp\/v2\/media\/364589"}],"wp:attachment":[{"href":"https:\/\/www.europesays.com\/fr\/wp-json\/wp\/v2\/media?parent=566960"}],"wp:term":[{"taxonomy":"category","embeddable":true,"href":"https:\/\/www.europesays.com\/fr\/wp-json\/wp\/v2\/categories?post=566960"},{"taxonomy":"post_tag","embeddable":true,"href":"https:\/\/www.europesays.com\/fr\/wp-json\/wp\/v2\/tags?post=566960"}],"curies":[{"name":"wp","href":"https:\/\/api.w.org\/{rel}","templated":true}]}}