{"id":566974,"date":"2025-11-29T16:10:27","date_gmt":"2025-11-29T16:10:27","guid":{"rendered":"https:\/\/www.europesays.com\/fr\/566974\/"},"modified":"2025-11-29T16:10:27","modified_gmt":"2025-11-29T16:10:27","slug":"la-madeleine-la-place-du-marche-renovee-accueille-enfin-de-la-vegetation","status":"publish","type":"post","link":"https:\/\/www.europesays.com\/fr\/566974\/","title":{"rendered":"La Madeleine. La place du march\u00e9 r\u00e9nov\u00e9e accueille (enfin) de la v\u00e9g\u00e9tation"},"content":{"rendered":"<p>                    Par<br \/>\n        <strong><br \/>\n            <a href=\"https:\/\/actu.fr\/auteur\/margot-nicodeme\" title=\"Consulter tous les articles de Margot Nicod\u00e8me\" target=\"_blank\" rel=\"noopener\">Margot Nicod\u00e8me<\/a><br \/>\n                    <\/strong><\/p>\n<p>        Publi\u00e9 le<\/p>\n<p>            29 nov. 2025 \u00e0 15h56        <\/p>\n<p>La place du march\u00e9, officiellement<b> la place des Fusill\u00e9s et D\u00e9port\u00e9s<\/b>, \u00e0 <a href=\"https:\/\/actu.fr\/hauts-de-france\/la-madeleine_59368\" target=\"_blank\" rel=\"noopener\">La Madeleine<\/a> (Nord) se pare enfin d\u2019un peu de <b>verdure<\/b>. Inaugur\u00e9 <a href=\"https:\/\/actu.fr\/hauts-de-france\/la-madeleine_59368\/la-madeleine-la-nouvelle-place-du-marche-se-devoile-avec-son-chemin-deau-et-sa-hall-aux-miroirs_62862331.html\" target=\"_blank\" rel=\"noopener\">en juillet 2025, apr\u00e8s plus d\u2019un an de travaux<\/a>, le c\u0153ur de ville fra\u00eechement r\u00e9am\u00e9nag\u00e9 avait d\u2019abord pu surprendre, parce que visuellement tr\u00e8s min\u00e9ral. Des \u00e9criteaux indiquaient toutefois que des espaces terreux, en bordure, seraient \u00ab\u00a0plant\u00e9s \u00e0 l\u2019automne, pour respecter la saisonnalit\u00e9 de pousse des v\u00e9g\u00e9taux\u00a0\u00bb. <b>Cette v\u00e9g\u00e9talisation <\/b>a d\u00e9but\u00e9 ce vendredi 28 novembre, et ce sont des \u00e9coliers de Rostand qui ont jou\u00e9 les petits jardiniers.\u00a0<\/p>\n<p>    <img   decoding=\"async\" loading=\"lazy\" class=\"size-large\" src=\"https:\/\/www.europesays.com\/fr\/wp-content\/uploads\/2025\/11\/b420f093fa2961920f093fa290d20fv-960x640.jpg\" alt=\"Ce sont pr\u00e8s de 300 arbustes, entre vendredi et samedi, qui ont \u00e9t\u00e9 plant\u00e9s.\" width=\"960\" height=\"640\"\/><br \/>\n    Ce sont pr\u00e8s de 300 arbustes, entre vendredi et samedi, qui ont \u00e9t\u00e9 plant\u00e9s. \u00a9Margot Nicod\u00e8me300 arbustes plant\u00e9s aux abords de la place du march\u00e9, et un arbre en hommage \u00e0 Ilan Halimi<\/p>\n<p class=\" wall-content\">Des \u00e9l\u00e8ves de CM2 qui, en milieu d\u2019apr\u00e8s-midi, ont mis beaucoup d\u2019entrain <b>\u00e0 planter des arbustes<\/b>, du c\u00f4t\u00e9 de la rue Georges-Pompidou. Un atelier nature ludique et instructif, qui entre dans \u00ab\u00a0<b>le sch\u00e9ma verdissement de la ville<\/b>\u00ab\u00a0, font savoir Violette Massiet et Arnaud Poutrain, respectivement adjoints aux \u00e9coles et \u00e0 la qualit\u00e9 de l\u2019espace public. Ils ajoutent qu\u2019\u00e0 terme, cette place du march\u00e9 sera gratifi\u00e9e de 1 360 m\u00b2 d\u2019espaces plant\u00e9s, contre 320 m\u00b2 <a href=\"https:\/\/actu.fr\/hauts-de-france\/la-madeleine_59368\/la-madeleine-nouvelle-halle-chemin-deau-arbres-la-metamorphose-de-la-place-du-marche-a-commence_61146047.html\" target=\"_blank\" rel=\"noopener\">dans son ancienne version<\/a>.<\/p>\n<p>    <img   decoding=\"async\" loading=\"lazy\" class=\"size-large\" src=\"https:\/\/www.europesays.com\/fr\/wp-content\/uploads\/2025\/11\/be1be093fa296132be093fa29372bev-960x640.jpg\" alt=\"Les \u00e9coliers de Rostand s'en sont donn\u00e9 \u00e0 c\u0153ur joie, le vendredi 28 novembre apr\u00e8s-midi.\" width=\"960\" height=\"640\"\/><br \/>\n    Les \u00e9coliers de Rostand s\u2019en sont donn\u00e9 \u00e0 c\u0153ur joie, le vendredi 28 novembre apr\u00e8s-midi. \u00a9Margot Nicod\u00e8me<\/p>\n<p class=\" wall-content\">L\u2019objectif, au d\u00e9but du mandat, \u00e9tait de planter environ 600 arbres, \u00ab\u00a0on sera plut\u00f4t \u00e0 900 \u2013 950 \u00e0 la fin des 6 ans\u00a0\u00bb, se r\u00e9jouit Arnaud Poutrain. Parmi ceux-l\u00e0, le <b>Ginkgo Biloba <\/b>qui a \u00e9t\u00e9 install\u00e9 dans ces m\u00eames espaces de terre qui bordent la place, cet apr\u00e8s-midi du vendredi. <b>Cet arbre qui devrait atteindre les 12-13 m\u00e8tres de haut<\/b> selon les paysagistes d\u2019Id Verde, fournisseurs de tous ces v\u00e9g\u00e9taux, a une symbolique particuli\u00e8re. En effet, il rend hommage \u00e0 <a href=\"https:\/\/actu.fr\/ile-de-france\/bagneux_92007\/hauts-de-seine-il-y-a-15-ans-ilan-halimi-etait-enleve-et-sequestre-par-le-gang-des-barbares_38852159.html\" target=\"_blank\" rel=\"noopener\">Ilan Halimi<\/a>, jeune homme enlev\u00e9 et assassin\u00e9 en 2006 parce qu\u2019il \u00e9tait juif.\u00a0<\/p>\n<p>    <img   decoding=\"async\" loading=\"lazy\" class=\"size-large\" src=\"https:\/\/www.europesays.com\/fr\/wp-content\/uploads\/2025\/11\/70ade093fa29664ade093fa2948adev-960x640.jpg\" alt=\"Un Ginkgo, qui devrait les 12-13 m\u00e8tres, a \u00e9t\u00e9 plant\u00e9 en hommage \u00e0 Ilan Halimi.\" width=\"960\" height=\"640\"\/><br \/>\n    Un Ginkgo, qui devrait les 12-13 m\u00e8tres, a \u00e9t\u00e9 plant\u00e9 en hommage \u00e0 Ilan Halimi. \u00a9Margot Nicod\u00e8me<\/p>\n<p>Votre r\u00e9gion, votre actu !<\/p>\n<p>Recevez chaque jour les infos qui comptent pour vous.<\/p>\n<p>\t<a href=\"https:\/\/actu.fr\/newsletter\" class=\"ac-btn ac-btn--corner ac-btn--medium ac-btn--blue800\" target=\"_blank\" rel=\"noopener\">S&rsquo;incrire<\/a><\/p>\n<p class=\" wall-content\">Apr\u00e8s plus d\u2019une heure sur place, il est temps pour les enfants de r\u00e9int\u00e9grer la salle de classe. \u00ab\u00a0\u00c7a nous a fait du bien, car on comprend mieux la nature\u00a0\u00bb, glisse Chlo\u00e9, visiblement ravie des informations distill\u00e9es par l\u2019\u00e9quipe de paysagistes. Sa camarade L\u00e9na, elle, ajoute, avec sa pelle en main, \u00ab\u00a0que c\u2019est quand m\u00eame dur, de creuser la terre\u2026\u00a0\u00bb Les 300 spir\u00e9es plant\u00e9es vendredi et samedi viendront colorer de leurs fleurs roses et blanches le cadre, d\u00e8s le printemps prochain.<\/p>\n<p class=\" wall-content\">Pour rappel, les travaux de la place des Fusill\u00e9s et D\u00e9port\u00e9s ont co\u00fbt\u00e9 4,5 millions d\u2019euros et ont \u00e9t\u00e9 financ\u00e9s par <a href=\"https:\/\/actu.fr\/tag\/metropole-europeenne-de-lille\" target=\"_blank\" rel=\"noopener\">la M\u00e9tropole de Lille<\/a>. Le verdissement va se poursuivre avec l\u2019aboutissement de l\u2019all\u00e9e v\u00e9g\u00e9talis\u00e9e, avec de grands arbres de part et d\u2019autre, sur l\u2019axe parall\u00e8le \u00e0 la place. Ce tron\u00e7on ombrag\u00e9 doit se terminer en d\u00e9cembre 2025.\u00a0<\/p>\n<p class=\" wall-content\">Personnalisez votre actualit\u00e9 en ajoutant vos villes et m\u00e9dias en favori avec <a href=\"https:\/\/moncompte.actu.fr\" title=\"D\u00e9couvez Mon Actu\" rel=\"nofollow noopener\" data-trk=\"{&quot;cta&quot;:{&quot;action&quot;:&quot;https:\\\/\\\/moncompte.actu.fr&quot;,&quot;category&quot;:&quot;mon compte&quot;,&quot;from&quot;:&quot;article footer&quot;,&quot;name&quot;:&quot;Mon actu&quot;,&quot;type&quot;:&quot;cta&quot;}}\" target=\"_blank\">Mon Actu<\/a>.<\/p>\n","protected":false},"excerpt":{"rendered":"Par Margot Nicod\u00e8me Publi\u00e9 le 29 nov. 2025 \u00e0 15h56 La place du march\u00e9, officiellement la place des&hellip;\n","protected":false},"author":2,"featured_media":566975,"comment_status":"","ping_status":"","sticky":false,"template":"","format":"standard","meta":{"footnotes":""},"categories":[2815],"tags":[1111,11,4019,436,1777,674,1011,27,811,1307,12,25,104,1352],"class_list":{"0":"post-566974","1":"post","2":"type-post","3":"status-publish","4":"format-standard","5":"has-post-thumbnail","7":"category-lille","8":"tag-actu","9":"tag-actualites","10":"tag-ecoles","11":"tag-environnement","12":"tag-eu","13":"tag-europe","14":"tag-fr","15":"tag-france","16":"tag-hauts-de-france","17":"tag-lille","18":"tag-news","19":"tag-republique-francaise","20":"tag-societe","21":"tag-urbanisme"},"share_on_mastodon":{"url":"https:\/\/pubeurope.com\/@fr\/115633864864687930","error":""},"_links":{"self":[{"href":"https:\/\/www.europesays.com\/fr\/wp-json\/wp\/v2\/posts\/566974","targetHints":{"allow":["GET"]}}],"collection":[{"href":"https:\/\/www.europesays.com\/fr\/wp-json\/wp\/v2\/posts"}],"about":[{"href":"https:\/\/www.europesays.com\/fr\/wp-json\/wp\/v2\/types\/post"}],"author":[{"embeddable":true,"href":"https:\/\/www.europesays.com\/fr\/wp-json\/wp\/v2\/users\/2"}],"replies":[{"embeddable":true,"href":"https:\/\/www.europesays.com\/fr\/wp-json\/wp\/v2\/comments?post=566974"}],"version-history":[{"count":0,"href":"https:\/\/www.europesays.com\/fr\/wp-json\/wp\/v2\/posts\/566974\/revisions"}],"wp:featuredmedia":[{"embeddable":true,"href":"https:\/\/www.europesays.com\/fr\/wp-json\/wp\/v2\/media\/566975"}],"wp:attachment":[{"href":"https:\/\/www.europesays.com\/fr\/wp-json\/wp\/v2\/media?parent=566974"}],"wp:term":[{"taxonomy":"category","embeddable":true,"href":"https:\/\/www.europesays.com\/fr\/wp-json\/wp\/v2\/categories?post=566974"},{"taxonomy":"post_tag","embeddable":true,"href":"https:\/\/www.europesays.com\/fr\/wp-json\/wp\/v2\/tags?post=566974"}],"curies":[{"name":"wp","href":"https:\/\/api.w.org\/{rel}","templated":true}]}}