{"id":566978,"date":"2025-11-29T16:12:14","date_gmt":"2025-11-29T16:12:14","guid":{"rendered":"https:\/\/www.europesays.com\/fr\/566978\/"},"modified":"2025-11-29T16:12:14","modified_gmt":"2025-11-29T16:12:14","slug":"le-33e-carre-des-ecrivains-cest-ce-samedi-au-centre-bourse-a-marseille","status":"publish","type":"post","link":"https:\/\/www.europesays.com\/fr\/566978\/","title":{"rendered":"Le 33e Carr\u00e9 des \u00e9crivains, c&rsquo;est ce samedi au Centre Bourse \u00e0 Marseille"},"content":{"rendered":"<p>Rendez-vous devenu incontournable \u00e0 quelques semaines de No\u00ebl, la 33e \u00e9dition du <a href=\"https:\/\/www.laprovence.com\/article\/region\/9639720357156914\/marseille-les-ecrivains-ont-rendez-vous-au-centre-bourse-ce-samedi-112-auteurs-en-dedicace\" target=\"_blank\" rel=\"noopener\">Carr\u00e9 des \u00e9crivains<\/a> se tient ce samedi 29\u00a0novembre, de 14h \u00e0 18h au rez-de-chauss\u00e9e du <a href=\"https:\/\/www.laprovence.com\/article\/region\/1384655375990615\/normal-action-chaussea-lidl-a-marseille-le-centre-bourse-nouveau-repaire-des-mini-prix\" target=\"_blank\" rel=\"noopener\">Centre Bourse<\/a>. Invit\u00e9s par le comit\u00e9 du Vieux-Marseille, historiens, journalistes, biographes, romanciers, po\u00e8tes, photographes, dessinateurs\u2026 tous amoureux de Marseille, viennent \u00e0 la rencontre du public pour pr\u00e9senter et d\u00e9dicacer leurs ouvrages.<\/p>\n<p>Parmi les 108 auteurs pr\u00e9sents, on retrouvera notamment Robert Dagany, <a href=\"https:\/\/www.laprovence.com\/article\/region\/28961675345514\/le-journaliste-maurice-gouiran-raconte-l-histoire-du-village-du-rove-faconne-par-ses-bergers\" target=\"_blank\" rel=\"noopener\">Maurice Gouiran<\/a>, Ren\u00e9e Dray-Bensoussan, Patrick Coulomb, <a href=\"https:\/\/www.laprovence.com\/article\/region\/4660690127900314\/ces-marseillaises-presque-ordinaires-qui-ont-laisse-une-trace-dans-lhistoire\" target=\"_blank\" rel=\"noopener\">H\u00e9l\u00e8ne Echinard<\/a>, G\u00e9rard Detaille, ou encore <a href=\"https:\/\/www.laprovence.com\/article\/spectacles\/3180123\/malika-moine-met-du-coeur-a-louvrage.html\" target=\"_blank\" rel=\"noopener\">Malika Moine<\/a>, Robert Rossi et Fran\u00e7ois Thomazeau.<\/p>\n<p>Le prix des Marseillais remis \u00e0 15h<\/p>\n<p>C\u2019est \u00e0 15h que sera remis le prix des Marseillais, d\u00e9cern\u00e9 cette ann\u00e9e \u00e0 R\u00e9gis Bertrand et Jean-Robert Cain pour leur ouvrage publi\u00e9 aux \u00e9ditions Images plurielles, La Chartreuse de Marseille, son \u00e9glise et ses \u0153uvres d\u2019art.<\/p>\n<p>Plusieurs milliers de visiteurs sont attendus jusqu\u2019\u00e0 18h \u00e0 cette manifestation gratuite et unique en France, qui, explique le pr\u00e9sident du comit\u00e9 du Vieux-Marseille, Yves Davin, \u00ab\u00a0a pour but de faire mieux conna\u00eetre la ville, son histoire et son patrimoine aux Marseillais en accueillant les auteurs qui \u00e9crivent sur Marseille.\u00a0\u00bb<\/p>\n<p>Ce sera aussi l\u2019ultime jour pour d\u00e9couvrir, si vous n\u2019avez pas eu l\u2019occasion de le faire depuis son accrochage, le 17\u00a0novembre dernier, l\u2019exposition sur \u00ab\u00a0Le Vieux-Port, d\u2019une rive \u00e0 l\u2019autre\u00a0\u00bb, reprenant les \u00e9l\u00e9ments patrimoniaux et l\u2019histoire du Vieux-Port, accompagn\u00e9e d\u2019une publication r\u00e9alis\u00e9e par les membres du comit\u00e9 du Vieux-Marseille, qui \u0153uvre depuis\u00a01911 \u00e0 promouvoir le patrimoine marseillais.<\/p>\n<p>Samedi 29 novembre, de 14h \u00e0 18h, au Centre Bourse, Marseille. Gratuit.<\/p>\n","protected":false},"excerpt":{"rendered":"Rendez-vous devenu incontournable \u00e0 quelques semaines de No\u00ebl, la 33e \u00e9dition du Carr\u00e9 des \u00e9crivains se tient ce&hellip;\n","protected":false},"author":2,"featured_media":566979,"comment_status":"","ping_status":"","sticky":false,"template":"","format":"standard","meta":{"footnotes":""},"categories":[2814],"tags":[17,68212,1111,11,2511,68213,3335,251,154,2006,1777,674,1011,27,884,12,882,25,3982],"class_list":{"0":"post-566978","1":"post","2":"type-post","3":"status-publish","4":"format-standard","5":"has-post-thumbnail","7":"category-marseille","8":"tag-17","9":"tag-33e","10":"tag-actu","11":"tag-actualites","12":"tag-cest","13":"tag-carre","14":"tag-centre","15":"tag-culture","16":"tag-des","17":"tag-ecrivains","18":"tag-eu","19":"tag-europe","20":"tag-fr","21":"tag-france","22":"tag-marseille","23":"tag-news","24":"tag-provence-alpes-cote-dazur","25":"tag-republique-francaise","26":"tag-samedi"},"share_on_mastodon":{"url":"https:\/\/pubeurope.com\/@fr\/115633871135360071","error":""},"_links":{"self":[{"href":"https:\/\/www.europesays.com\/fr\/wp-json\/wp\/v2\/posts\/566978","targetHints":{"allow":["GET"]}}],"collection":[{"href":"https:\/\/www.europesays.com\/fr\/wp-json\/wp\/v2\/posts"}],"about":[{"href":"https:\/\/www.europesays.com\/fr\/wp-json\/wp\/v2\/types\/post"}],"author":[{"embeddable":true,"href":"https:\/\/www.europesays.com\/fr\/wp-json\/wp\/v2\/users\/2"}],"replies":[{"embeddable":true,"href":"https:\/\/www.europesays.com\/fr\/wp-json\/wp\/v2\/comments?post=566978"}],"version-history":[{"count":0,"href":"https:\/\/www.europesays.com\/fr\/wp-json\/wp\/v2\/posts\/566978\/revisions"}],"wp:featuredmedia":[{"embeddable":true,"href":"https:\/\/www.europesays.com\/fr\/wp-json\/wp\/v2\/media\/566979"}],"wp:attachment":[{"href":"https:\/\/www.europesays.com\/fr\/wp-json\/wp\/v2\/media?parent=566978"}],"wp:term":[{"taxonomy":"category","embeddable":true,"href":"https:\/\/www.europesays.com\/fr\/wp-json\/wp\/v2\/categories?post=566978"},{"taxonomy":"post_tag","embeddable":true,"href":"https:\/\/www.europesays.com\/fr\/wp-json\/wp\/v2\/tags?post=566978"}],"curies":[{"name":"wp","href":"https:\/\/api.w.org\/{rel}","templated":true}]}}