{"id":566986,"date":"2025-11-29T16:18:13","date_gmt":"2025-11-29T16:18:13","guid":{"rendered":"https:\/\/www.europesays.com\/fr\/566986\/"},"modified":"2025-11-29T16:18:13","modified_gmt":"2025-11-29T16:18:13","slug":"des-bouchons-exceptionnels-sur-les-routes-dile-de-france","status":"publish","type":"post","link":"https:\/\/www.europesays.com\/fr\/566986\/","title":{"rendered":"des bouchons \u00ab\u00a0exceptionnels\u00a0\u00bb sur les routes d&rsquo;\u00cele-de-France"},"content":{"rendered":"<p>                    Par<br \/>\n        <strong><br \/>\n            <a href=\"https:\/\/actu.fr\/auteur\/thomas-martin\" title=\"Consulter tous les articles de Thomas Martin\" target=\"_blank\" rel=\"noopener\">Thomas Martin<\/a><br \/>\n                    <\/strong><\/p>\n<p>        Publi\u00e9 le<\/p>\n<p>            29 nov. 2025 \u00e0 17h09        <\/p>\n<p>Difficile de circuler ce samedi 29 novembre sur les routes d\u2019\u00cele-de-France. A 17h, Sytadin indique <strong>240 km de bouchons autour de Paris<\/strong>, soit un niveau jug\u00e9 exceptionnel pour la p\u00e9riode. En temps normal, il devrait se situer aux alentours des 100 km. Un niveau largement d\u00e9pass\u00e9 comme c\u2019est souvent le cas les jours de <a href=\"https:\/\/actu.fr\/tag\/pluie\" target=\"_blank\" rel=\"noopener\">pluie<\/a>.\u00a0<\/p>\n<p class=\" wall-content\">En cet fin d\u2019apr\u00e8s-midi, le site recense plusieurs <a href=\"https:\/\/actu.fr\/tag\/accident\" target=\"_blank\" rel=\"noopener\">accidents<\/a> de la <a href=\"https:\/\/actu.fr\/tag\/circulation\" target=\"_blank\" rel=\"noopener\">circulation<\/a> et des pannes qui n\u2019arrangent rien.\u00a0<\/p>\n<p class=\" wall-content\">La circulation sur les routes franciliennes aura \u00e9t\u00e9 compliqu\u00e9e tout au long de la semaine avec, par exemple, <a href=\"https:\/\/actu.fr\/societe\/la-circulation-frole-la-saturation-sur-les-routes-de-paris-et-d-ile-de-france-les-bouchons-s-envolent_63477307.html\" target=\"_blank\" rel=\"noopener\">plus de 400 km de ralentissements<\/a> enregistr\u00e9s le 24 novembre.\u00a0\u00a0<\/p>\n<p>    <img   decoding=\"async\" loading=\"lazy\" src=\"https:\/\/www.europesays.com\/fr\/wp-content\/uploads\/2025\/11\/image-43-960x640.png\" alt=\"Les bouchons en \u00cele-de-France en fin d'apr\u00e8s-midi ce samedi\" width=\"960\" height=\"640\"\/><br \/>\n    Les bouchons en \u00cele-de-France en fin d\u2019apr\u00e8s-midi ce samedi (\u00a9Sytadin)<\/p>\n<p class=\" wall-content\">Personnalisez votre actualit\u00e9 en ajoutant vos villes et m\u00e9dias en favori avec <a href=\"https:\/\/moncompte.actu.fr\" title=\"D\u00e9couvez Mon Actu\" rel=\"nofollow noopener\" data-trk=\"{&quot;cta&quot;:{&quot;action&quot;:&quot;https:\\\/\\\/moncompte.actu.fr&quot;,&quot;category&quot;:&quot;mon compte&quot;,&quot;from&quot;:&quot;article footer&quot;,&quot;name&quot;:&quot;Mon actu&quot;,&quot;type&quot;:&quot;cta&quot;}}\" target=\"_blank\">Mon Actu<\/a>.<\/p>\n","protected":false},"excerpt":{"rendered":"Par Thomas Martin Publi\u00e9 le 29 nov. 2025 \u00e0 17h09 Difficile de circuler ce samedi 29 novembre sur&hellip;\n","protected":false},"author":2,"featured_media":561786,"comment_status":"","ping_status":"","sticky":false,"template":"","format":"standard","meta":{"footnotes":""},"categories":[1592],"tags":[1111,11,3542,1777,674,1011,27,662,12,626,4013,4459,25,104],"class_list":{"0":"post-566986","1":"post","2":"type-post","3":"status-publish","4":"format-standard","5":"has-post-thumbnail","7":"category-ile-de-france","8":"tag-actu","9":"tag-actualites","10":"tag-circulation","11":"tag-eu","12":"tag-europe","13":"tag-fr","14":"tag-france","15":"tag-ile-de-france","16":"tag-news","17":"tag-paris","18":"tag-peripherique","19":"tag-pluie","20":"tag-republique-francaise","21":"tag-societe"},"share_on_mastodon":{"url":"https:\/\/pubeurope.com\/@fr\/115633895657285275","error":""},"_links":{"self":[{"href":"https:\/\/www.europesays.com\/fr\/wp-json\/wp\/v2\/posts\/566986","targetHints":{"allow":["GET"]}}],"collection":[{"href":"https:\/\/www.europesays.com\/fr\/wp-json\/wp\/v2\/posts"}],"about":[{"href":"https:\/\/www.europesays.com\/fr\/wp-json\/wp\/v2\/types\/post"}],"author":[{"embeddable":true,"href":"https:\/\/www.europesays.com\/fr\/wp-json\/wp\/v2\/users\/2"}],"replies":[{"embeddable":true,"href":"https:\/\/www.europesays.com\/fr\/wp-json\/wp\/v2\/comments?post=566986"}],"version-history":[{"count":0,"href":"https:\/\/www.europesays.com\/fr\/wp-json\/wp\/v2\/posts\/566986\/revisions"}],"wp:featuredmedia":[{"embeddable":true,"href":"https:\/\/www.europesays.com\/fr\/wp-json\/wp\/v2\/media\/561786"}],"wp:attachment":[{"href":"https:\/\/www.europesays.com\/fr\/wp-json\/wp\/v2\/media?parent=566986"}],"wp:term":[{"taxonomy":"category","embeddable":true,"href":"https:\/\/www.europesays.com\/fr\/wp-json\/wp\/v2\/categories?post=566986"},{"taxonomy":"post_tag","embeddable":true,"href":"https:\/\/www.europesays.com\/fr\/wp-json\/wp\/v2\/tags?post=566986"}],"curies":[{"name":"wp","href":"https:\/\/api.w.org\/{rel}","templated":true}]}}