{"id":566987,"date":"2025-11-29T16:19:18","date_gmt":"2025-11-29T16:19:18","guid":{"rendered":"https:\/\/www.europesays.com\/fr\/566987\/"},"modified":"2025-11-29T16:19:18","modified_gmt":"2025-11-29T16:19:18","slug":"le-president-renverse-est-arrive-a-brazzaville-un-parti-dopposition-denonce-un-raid-contre-son-siege-dans-la-capitale","status":"publish","type":"post","link":"https:\/\/www.europesays.com\/fr\/566987\/","title":{"rendered":"le pr\u00e9sident renvers\u00e9 est arriv\u00e9 \u00e0 Brazzaville\u00a0; un parti d\u2019opposition d\u00e9nonce un raid contre son si\u00e8ge dans la capitale"},"content":{"rendered":"<p>                      <img loading=\"lazy\" decoding=\"async\" src=\"https:\/\/www.europesays.com\/fr\/wp-content\/uploads\/2025\/11\/a88b80d_ftp-import-images-1-zi1ebc475lkj-5553408-01-06.jpg\" alt=\"Une voiture de patrouille de la police de Guin\u00e9e-Bissau, lors d\u2019incidents survenus \u00e0 Bissau, le 29\u00a0novembre 2025.\"   width=\"664\" height=\"443\"\/>    Une voiture de patrouille de la police de Guin\u00e9e-Bissau, lors d\u2019incidents survenus \u00e0 Bissau, le 29\u00a0novembre 2025.  PATRICK MEINHARDT\/AFP                        <\/p>\n<p class=\"article__paragraph  \">Umaro Sissoco Embalo, le pr\u00e9sident de Guin\u00e9e-Bissau renvers\u00e9 par une junte, est arriv\u00e9 samedi 29\u00a0novembre \u00e0 Brazzaville, capitale du Congo, a appris l\u2019Agence France-Presse (AFP) de sources gouvernementales. Bri\u00e8vement arr\u00eat\u00e9 par les militaires mercredi, puis parti au S\u00e9n\u00e9gal jeudi, M.\u00a0Embalo \u00ab\u00a0est arriv\u00e9 \u00e0 Brazzaville pour y rester\u00a0\u00bb, a affirm\u00e9 une autre source proche de la pr\u00e9sidence congolaise.<\/p>\n<p>                                          Lire aussi |  Article r\u00e9serv\u00e9 \u00e0 nos abonn\u00e9s  <a href=\"https:\/\/www.lemonde.fr\/afrique\/article\/2025\/11\/26\/en-guinee-bissau-des-militaires-affirment-avoir-pris-le-controle-total-du-pays_6654991_3212.html\" class=\"js-article-read-also catcher--favoris__link\" data-premium=\"1\" id=\"article-title-3448406\" target=\"_blank\" rel=\"noopener\">En Guin\u00e9e-Bissau, des militaires affirment avoir pris le \u00ab\u00a0contr\u00f4le total\u00a0\u00bb du pays<\/a>    <\/p>\n<p>   Lire plus tard  <\/p>\n<p class=\"article__paragraph  \">Mercredi, des militaires ont annonc\u00e9 avoir renvers\u00e9 Umaro Sissoco Embalo\u00a0et suspendu les \u00e9lections pr\u00e9sidentielle et l\u00e9gislatives du 23\u00a0novembre. Les r\u00e9sultats devaient \u00eatre annonc\u00e9s cette semaine dans ce pays lusophone d\u2019Afrique de l\u2019Ouest, \u00e0 l\u2019histoire jalonn\u00e9e de putschs et de tentatives. La junte a depuis nomm\u00e9 un pr\u00e9sident d\u2019une transition cens\u00e9e durer un an et un premier ministre.<\/p>\n<p class=\"article__paragraph  \">Le principal opposant bissau-guin\u00e9en, Domingos Simoes Pereira \u2013 dirigeant du Parti africain pour l\u2019ind\u00e9pendance de la Guin\u00e9e et du Cap-Vert (PAIGC), parti ayant men\u00e9 la Guin\u00e9e-Bissau \u00e0 l\u2019ind\u00e9pendance en\u00a01974 \u2013, avait \u00e9t\u00e9 \u00e9cart\u00e9 de la pr\u00e9sidentielle du 23\u00a0novembre. Le parti avait ensuite soutenu le candidat d\u2019opposition Fernando Dias, devenu le principal adversaire de M.\u00a0Embalo lors du scrutin. M.\u00a0Pereira a \u00e9t\u00e9 arr\u00eat\u00e9 mercredi en Guin\u00e9e-Bissau, selon des proches et un collaborateur.<\/p>\n<p class=\"article__paragraph  \">Dans une d\u00e9claration jeudi \u00e0 l\u2019AFP, M.\u00a0Dias affirme avoir largement remport\u00e9 la pr\u00e9sidentielle au premier tour et accuse M. Embalo d\u2019avoir \u00ab\u00a0organis\u00e9\u00a0\u00bb le coup d\u2019Etat pour emp\u00eacher son accession au pouvoir. M.\u00a0Dias affirme \u00eatre \u00ab\u00a0en s\u00e9curit\u00e9\u00a0\u00bb et se cacher dans le pays.<\/p>\n<p>                                     Lire aussi |  Article r\u00e9serv\u00e9 \u00e0 nos abonn\u00e9s  <a href=\"https:\/\/www.lemonde.fr\/afrique\/article\/2025\/11\/27\/en-guinee-bissau-il-n-est-pas-impossible-que-ce-putsch-soit-une-operation-de-manipulation_6655146_3212.html\" class=\"js-article-read-also catcher--favoris__link\" data-premium=\"1\" id=\"article-title-3448504\" target=\"_blank\" rel=\"noopener\">En Guin\u00e9e Bissau, \u00ab\u00a0il n\u2019est pas impossible que ce putsch soit une op\u00e9ration de manipulation\u00a0\u00bb<\/a>    <\/p>\n<p>   Lire plus tard  <\/p>\n<p>                        Le si\u00e8ge du PAIGC \u00ab\u00a0envahi\u00a0\u00bb par des \u00ab\u00a0miliciens arm\u00e9s\u00a0\u00bb                  <\/p>\n<p class=\"article__paragraph  \">Le PAIGC a par ailleurs d\u00e9nonc\u00e9 samedi l\u2019\u00ab\u00a0envahissement\u00a0\u00bb de son si\u00e8ge dans la capitale. Dans un communiqu\u00e9, le parti affirme que son si\u00e8ge a \u00e9t\u00e9 \u00ab\u00a0ill\u00e9galement envahi par des groupes miliciens fortement arm\u00e9s\u00a0\u00bb samedi. Selon le PAIGC, ces derniers ont \u00ab\u00a0proc\u00e9d\u00e9 \u00e0 l\u2019expulsion de toutes les personnes qui s\u2019y trouvaient, \u00e0 l\u2019effraction des portes de bureaux et \u00e0 la grave violation de l\u2019int\u00e9grit\u00e9 des installations\u00a0\u00bb.<\/p>\n<p class=\"article__paragraph  \">Le parti d\u00e9nonce aussi une \u00ab\u00a0intol\u00e9rable violation des principes fondamentaux de l\u2019Etat de droit\u00a0\u00bb. \u00ab\u00a0La destruction, l\u2019occupation forc\u00e9e et l\u2019usurpation des installations d\u2019un parti politique l\u00e9galement constitu\u00e9 et reconnu engendrent une responsabilit\u00e9 civile, criminelle et politique pour tous leurs auteurs, mat\u00e9riels ou moraux\u00a0\u00bb, rel\u00e8ve-t-il. \u00ab\u00a0Il s\u2019impose de questionner la v\u00e9ritable motivation sous-jacente \u00e0 une telle action du r\u00e9gime, consid\u00e9rant que le PAIGC n\u2019est pas impliqu\u00e9 dans l\u2019actuel processus \u00e9lectoral\u00a0\u00bb, affirme encore le communiqu\u00e9.<\/p>\n<p class=\"article__paragraph  \">Par ailleurs, des \u00e9chauffour\u00e9es mineures ont eu lieu samedi dans un quartier p\u00e9riph\u00e9rique de Bissau, non loin du si\u00e8ge de campagne de Fernando Dias, ont constat\u00e9 des journalistes de l\u2019AFP. Des jeunes ont incendi\u00e9 des pneus, disparaissant peu apr\u00e8s. Les forces de l\u2019ordre s\u00e9curisent actuellement toute la zone et aucun manifestant n\u2019\u00e9tait plus visible sur les lieux.<\/p>\n<p>                                     Lire aussi |  Article r\u00e9serv\u00e9 \u00e0 nos abonn\u00e9s  <a href=\"https:\/\/www.lemonde.fr\/afrique\/article\/2025\/11\/28\/en-guinee-bissau-le-general-horta-n-tam-auteur-d-un-etrange-coup-d-etat_6655212_3212.html\" class=\"js-article-read-also catcher--favoris__link\" data-premium=\"1\" id=\"article-title-3448501\" target=\"_blank\" rel=\"noopener\">En Guin\u00e9e-Bissau, le g\u00e9n\u00e9ral Horta N\u2019Tam, auteur d\u2019un \u00e9trange coup d\u2019Etat<\/a>    <\/p>\n<p>   Lire plus tard  <\/p>\n<p class=\"author__detail\">  Le Monde avec AFP  <\/p>\n<p>                <a href=\"https:\/\/www.lemonde.fr\/syndication\/\" class=\"reuse__content\" title=\"R\u00e9utiliser ce contenu\" target=\"_blank\" rel=\"noopener\">R\u00e9utiliser ce contenu<\/a>      <\/p>\n","protected":false},"excerpt":{"rendered":"Une voiture de patrouille de la police de Guin\u00e9e-Bissau, lors d\u2019incidents survenus \u00e0 Bissau, le 29\u00a0novembre 2025. PATRICK&hellip;\n","protected":false},"author":2,"featured_media":566988,"comment_status":"","ping_status":"","sticky":false,"template":"","format":"standard","meta":{"footnotes":""},"categories":[1888],"tags":[1111,1928,11,1927,1777,674,1011,27,12,1926,626,1925,25],"class_list":{"0":"post-566987","1":"post","2":"type-post","3":"status-publish","4":"format-standard","5":"has-post-thumbnail","7":"category-paris","8":"tag-actu","9":"tag-actu-paris","10":"tag-actualites","11":"tag-actualites-paris","12":"tag-eu","13":"tag-europe","14":"tag-fr","15":"tag-france","16":"tag-news","17":"tag-news-paris","18":"tag-paris","19":"tag-paris-news","20":"tag-republique-francaise"},"share_on_mastodon":{"url":"https:\/\/pubeurope.com\/@fr\/115633899416532057","error":""},"_links":{"self":[{"href":"https:\/\/www.europesays.com\/fr\/wp-json\/wp\/v2\/posts\/566987","targetHints":{"allow":["GET"]}}],"collection":[{"href":"https:\/\/www.europesays.com\/fr\/wp-json\/wp\/v2\/posts"}],"about":[{"href":"https:\/\/www.europesays.com\/fr\/wp-json\/wp\/v2\/types\/post"}],"author":[{"embeddable":true,"href":"https:\/\/www.europesays.com\/fr\/wp-json\/wp\/v2\/users\/2"}],"replies":[{"embeddable":true,"href":"https:\/\/www.europesays.com\/fr\/wp-json\/wp\/v2\/comments?post=566987"}],"version-history":[{"count":0,"href":"https:\/\/www.europesays.com\/fr\/wp-json\/wp\/v2\/posts\/566987\/revisions"}],"wp:featuredmedia":[{"embeddable":true,"href":"https:\/\/www.europesays.com\/fr\/wp-json\/wp\/v2\/media\/566988"}],"wp:attachment":[{"href":"https:\/\/www.europesays.com\/fr\/wp-json\/wp\/v2\/media?parent=566987"}],"wp:term":[{"taxonomy":"category","embeddable":true,"href":"https:\/\/www.europesays.com\/fr\/wp-json\/wp\/v2\/categories?post=566987"},{"taxonomy":"post_tag","embeddable":true,"href":"https:\/\/www.europesays.com\/fr\/wp-json\/wp\/v2\/tags?post=566987"}],"curies":[{"name":"wp","href":"https:\/\/api.w.org\/{rel}","templated":true}]}}