{"id":566989,"date":"2025-11-29T16:20:25","date_gmt":"2025-11-29T16:20:25","guid":{"rendered":"https:\/\/www.europesays.com\/fr\/566989\/"},"modified":"2025-11-29T16:20:25","modified_gmt":"2025-11-29T16:20:25","slug":"paris-un-homme-menace-de-faire-exploser-le-bataclan-dans-un-appel-a-la-salle-de-spectacle","status":"publish","type":"post","link":"https:\/\/www.europesays.com\/fr\/566989\/","title":{"rendered":"Paris : Un homme menace de \u00ab faire exploser \u00bb le Bataclan dans un appel \u00e0 la salle de spectacle"},"content":{"rendered":"<p class=\"mb-4 text-lg md:leading-8 break-words\"><strong>enqu\u00eate &#8211; C\u2019est le deuxi\u00e8me appelle de ce genre que re\u00e7oit le Bataclan en moins d\u2019un mois<\/strong><\/p>\n<p class=\"mb-4 text-lg md:leading-8 break-words\">Canular ou r\u00e9elle menace\u00a0? Un homme, non identifi\u00e9 \u00e0 l\u2019heure actuelle, a appel\u00e9 le <a href=\"https:\/\/www.20minutes.fr\/dossier\/bataclan?at_medium=RSS%20feed&amp;at_campaign=ynews&amp;utm_source=yahoo&amp;utm_medium=rss&amp;utm_campaign=news_feed&amp;utm_content=in_article_link\" rel=\"nofollow noopener\" target=\"_blank\" data-ylk=\"slk:Bataclan;elm:context_link;itc:0;sec:content-canvas\" class=\"link \">Bataclan <\/a>(11e\u00a0arrondissement) vendredi apr\u00e8s-midi et a indiqu\u00e9 avoir \u00ab\u00a0\u00e9t\u00e9 orient\u00e9 par Yuki pour venir [dans la salle] et tout faire exploser\u00a0\u00bb, \u00ab\u00a0https:\/\/www.leparisien.fr\/faits-divers\/paris-un-homme-appelle-le-bataclan-et-menace-de-tout-faire-exploser-29-11-2025-DSK6OOLQONHN5HDTXVKTXKXTGQ.php?at_medium=RSS%20feed&amp;at_campaign=ynews&amp;utm_source=yahoo&amp;utm_medium=rss&amp;utm_campaign=news_feed&amp;utm_content=in_article_link\u00a0\u00bb&gt;d\u2019apr\u00e8s Le Parisien, qui cite une source polici\u00e8re. Il aurait ensuite raccroch\u00e9.<\/p>\n<p class=\"mb-4 text-lg md:leading-8 break-words\">Les forces de l\u2019ordre, d\u00e9p\u00each\u00e9es sur place, ont inspect\u00e9 les lieux. Le num\u00e9ro affich\u00e9 lors de l\u2019appel n\u2019a pas encore identifi\u00e9. Une <a href=\"https:\/\/www.20minutes.fr\/dossier\/plainte?at_medium=RSS%20feed&amp;at_campaign=ynews&amp;utm_source=yahoo&amp;utm_medium=rss&amp;utm_campaign=news_feed&amp;utm_content=in_article_link\" rel=\"nofollow noopener\" target=\"_blank\" data-ylk=\"slk:plainte;elm:context_link;itc:0;sec:content-canvas\" class=\"link \">plainte <\/a>devrait \u00eatre d\u00e9pos\u00e9e, selon le quotidien parisien. D\u2019apr\u00e8s sa source, la salle de spectacle a re\u00e7u un appel similaire le 3\u00a0novembre, mais ni la voix, ni le num\u00e9ro n\u2019\u00e9taient les m\u00eames.<\/p>\n<p class=\"mb-4 text-lg md:leading-8 break-words\"><a href=\"https:\/\/www.20minutes.fr\/faits_divers\/4188727-20251129-paris-homme-menace-faire-exploser-bataclan-appel-salle-spectacle?at_medium=RSS%20feed&amp;at_campaign=ynews&amp;utm_source=yahoo&amp;utm_medium=rss&amp;utm_campaign=news_feed&amp;utm_content=read_more_link&quot;\" rel=\"nofollow noopener\" target=\"_blank\" data-ylk=\"slk:Lire la suite sur 20minutes;elm:context_link;itc:0;sec:content-canvas\" class=\"link \">Lire la suite sur 20minutes<\/a><\/p>\n<p>\u00c0 lire aussi :<br \/><a href=\"https:\/\/www.20minutes.fr\/justice\/4188615-20251128-justice-precise-peut-pretendre-victime-terrorisme?at_medium=RSS%20feed&amp;at_campaign=ynews&amp;utm_source=yahoo&amp;utm_medium=rss&amp;utm_campaign=news_feed&amp;utm_content=related_content_link\" rel=\"nofollow noopener\" target=\"_blank\" data-ylk=\"slk:La Justice pr\u00e9cise qui peut (et ne peut pas) pr\u00e9tendre au statut de victime du terrorisme;elm:context_link;itc:0;sec:content-canvas\" class=\"link \">La Justice pr\u00e9cise qui peut (et ne peut pas) pr\u00e9tendre au statut de victime du terrorisme<\/a><br \/><a href=\"https:\/\/www.20minutes.fr\/arts-stars\/television\/audiences_tv\/4185649-20251114-commemorations-13-novembre-rassemble-pres-4-millions-francais-devant-tf1-france-2?at_medium=RSS%20feed&amp;at_campaign=ynews&amp;utm_source=yahoo&amp;utm_medium=rss&amp;utm_campaign=news_feed&amp;utm_content=related_content_link\" rel=\"nofollow noopener\" target=\"_blank\" data-ylk=\"slk:Les comm\u00e9morations du 13-Novembre ont rassembl\u00e9 pr\u00e8s de 4\u00a0millions de Fran\u00e7ais devant TF1 et France 2;elm:context_link;itc:0;sec:content-canvas\" class=\"link \">Les comm\u00e9morations du 13-Novembre ont rassembl\u00e9 pr\u00e8s de 4\u00a0millions de Fran\u00e7ais devant TF1 et France 2<\/a><\/p>\n","protected":false},"excerpt":{"rendered":"enqu\u00eate &#8211; C\u2019est le deuxi\u00e8me appelle de ce genre que re\u00e7oit le Bataclan en moins d\u2019un mois Canular&hellip;\n","protected":false},"author":2,"featured_media":566990,"comment_status":"","ping_status":"","sticky":false,"template":"","format":"standard","meta":{"footnotes":""},"categories":[1888],"tags":[1111,1928,11,1927,18543,1777,674,3160,1011,27,48161,12,1926,626,1925,25],"class_list":{"0":"post-566989","1":"post","2":"type-post","3":"status-publish","4":"format-standard","5":"has-post-thumbnail","7":"category-paris","8":"tag-actu","9":"tag-actu-paris","10":"tag-actualites","11":"tag-actualites-paris","12":"tag-bataclan","13":"tag-eu","14":"tag-europe","15":"tag-forces-de-lordre","16":"tag-fr","17":"tag-france","18":"tag-le-quotidien","19":"tag-news","20":"tag-news-paris","21":"tag-paris","22":"tag-paris-news","23":"tag-republique-francaise"},"share_on_mastodon":{"url":"https:\/\/pubeurope.com\/@fr\/115633902376767826","error":""},"_links":{"self":[{"href":"https:\/\/www.europesays.com\/fr\/wp-json\/wp\/v2\/posts\/566989","targetHints":{"allow":["GET"]}}],"collection":[{"href":"https:\/\/www.europesays.com\/fr\/wp-json\/wp\/v2\/posts"}],"about":[{"href":"https:\/\/www.europesays.com\/fr\/wp-json\/wp\/v2\/types\/post"}],"author":[{"embeddable":true,"href":"https:\/\/www.europesays.com\/fr\/wp-json\/wp\/v2\/users\/2"}],"replies":[{"embeddable":true,"href":"https:\/\/www.europesays.com\/fr\/wp-json\/wp\/v2\/comments?post=566989"}],"version-history":[{"count":0,"href":"https:\/\/www.europesays.com\/fr\/wp-json\/wp\/v2\/posts\/566989\/revisions"}],"wp:featuredmedia":[{"embeddable":true,"href":"https:\/\/www.europesays.com\/fr\/wp-json\/wp\/v2\/media\/566990"}],"wp:attachment":[{"href":"https:\/\/www.europesays.com\/fr\/wp-json\/wp\/v2\/media?parent=566989"}],"wp:term":[{"taxonomy":"category","embeddable":true,"href":"https:\/\/www.europesays.com\/fr\/wp-json\/wp\/v2\/categories?post=566989"},{"taxonomy":"post_tag","embeddable":true,"href":"https:\/\/www.europesays.com\/fr\/wp-json\/wp\/v2\/tags?post=566989"}],"curies":[{"name":"wp","href":"https:\/\/api.w.org\/{rel}","templated":true}]}}