{"id":566991,"date":"2025-11-29T16:21:17","date_gmt":"2025-11-29T16:21:17","guid":{"rendered":"https:\/\/www.europesays.com\/fr\/566991\/"},"modified":"2025-11-29T16:21:17","modified_gmt":"2025-11-29T16:21:17","slug":"quinte-du-dimanche-30-novembre-2025-a-vincennes-les-pronostics","status":"publish","type":"post","link":"https:\/\/www.europesays.com\/fr\/566991\/","title":{"rendered":"Quint\u00e9 du dimanche 30 novembre 2025 \u00e0 Vincennes : les pronostics"},"content":{"rendered":"<p class=\"article-p mdl\">Retrouvez les pronostics de Dominique Cordier pour le Quint\u00e9 du dimanche 30 novembre 2025 \u00e0 Vincennes, la Finale du Grand National du Trot, le Prix Maurice de Folleville. <strong>D\u00e9part \u00e0 15h15. 18 partants. Tirelire de 1.000.000 euros. <\/strong>Trot attel\u00e9. Course nationale. Groupe II. 2.850 m\u00e8tres. Grande piste. Trotteurs de 5 \u00e0 10 ans.&#13;<\/p>\n<p class=\"article-p mdl\">La course est superbe, les rapports le seront aussi\u2026&#13;<\/p>\n<p class=\"article-p mdl\">M\u00eame s\u2019il semble \u00e9voluer l\u00e9g\u00e8rement en dessous de son meilleur niveau, la confiance est obligatoire dans les chances du<strong> 12 Hulysse Digeo<\/strong>, capable d\u2019accrocher une nouvelle \u00e9toile \u00e0 son placard.&#13;<\/p>\n<p class=\"article-p mdl\">Bon finisseur dans le Prix des C\u00e9vennes de <strong>Jushua Tree<\/strong>, le <strong>17 Orchestro <\/strong>descend de cat\u00e9gorie. A noter qu\u2019il est driv\u00e9 ici par Eric Raffin, son driver habituel Matthieu Abrivard se retrouvant sur le <strong>14 Gr\u00e2ce du Digeon<\/strong>\u2026&#13;<\/p>\n<p class=\"article-p mdl\">L\u2019outsider de RTL est ici le <strong>11 Hubble du Vivier<\/strong>, que pilote Jean-Michel Bazire. Lui vient de se classer \u00e0 l\u2019arriv\u00e9e d\u2019un Quint\u00e9 couru sur la distance classique : tous les espoirs lui sont permis \u00e0 ce niveau.&#13;<\/p>\n<p class=\"article-p mdl\">En pleine forme avec deux succ\u00e8s de rang \u00e0 Laval et Rouen-Mauquenchy, le <strong>13 Harley Gema<\/strong> (compagne d\u2019entra\u00eenement de<strong> Indy de Gyr<\/strong>, laur\u00e9at du GNT 2025 et absent ici) ne peut pas \u00eatre \u00e9cart\u00e9 non plus.&#13;<\/p>\n<p class=\"article-p mdl\">Attention enfin au plus riche du premier \u00e9chelon, le <strong>10 Illusion Jipad<\/strong>, avec cette fois Paul Ploquin.<\/p>\n<p>            Les pronostics<\/p>\n<p class=\"article-p mdl\">12. Hulysse Digeo&#13;<br \/>17. Orchestro&#13;<br \/>16. Hannibal Tuilerie&#13;<br \/>11. Hubble du Vivier&#13;<br \/>13. Harley Gema&#13;<br \/>9. Jingle du Pont&#13;<br \/>10. Illusion Jipad<\/p>\n<p>    L&rsquo;outsider de RTL<\/p>\n<p class=\"article-p mdl\">11. Hubble du Vivier<\/p>\n<p>    R\u00e9sultats du vendredi 28 novembre 2025 en nocturne \u00e0 Vincennes<\/p>\n<p class=\"article-p mdl\">G\u00ean\u00e9, le favori est disqualifi\u00e9 en fin de parcours, l\u2019outsider de RTL est 5e.<\/p>\n<p>    La r\u00e9daction vous recommande<\/p>\n<p class=\"s-newsletter__title\">\n                L\u2019actualit\u00e9 par la r\u00e9daction de RTL dans votre bo\u00eete mail.\n            <\/p>\n<p class=\"s-newsletter__subtitle\">\n                Gr\u00e2ce \u00e0 votre compte RTL abonnez-vous \u00e0 la newsletter RTL info pour suivre toute l&rsquo;actualit\u00e9 au quotidien\n            <\/p>\n<p>\n                                    Lire la suite\n                                <\/p>\n","protected":false},"excerpt":{"rendered":"Retrouvez les pronostics de Dominique Cordier pour le Quint\u00e9 du dimanche 30 novembre 2025 \u00e0 Vincennes, la Finale&hellip;\n","protected":false},"author":2,"featured_media":3836,"comment_status":"","ping_status":"","sticky":false,"template":"","format":"standard","meta":{"footnotes":""},"categories":[1888],"tags":[11,2621,2622,1777,674,107,2619,1011,27,12,626,2623,362,25],"class_list":{"0":"post-566991","1":"post","2":"type-post","3":"status-publish","4":"format-standard","5":"has-post-thumbnail","7":"category-paris","8":"tag-actualites","9":"tag-chevaux","10":"tag-courses","11":"tag-eu","12":"tag-europe","13":"tag-fil-info","14":"tag-fil-sport","15":"tag-fr","16":"tag-france","17":"tag-news","18":"tag-paris","19":"tag-quinte","20":"tag-replay","21":"tag-republique-francaise"},"share_on_mastodon":{"url":"https:\/\/pubeurope.com\/@fr\/115633906375273079","error":""},"_links":{"self":[{"href":"https:\/\/www.europesays.com\/fr\/wp-json\/wp\/v2\/posts\/566991","targetHints":{"allow":["GET"]}}],"collection":[{"href":"https:\/\/www.europesays.com\/fr\/wp-json\/wp\/v2\/posts"}],"about":[{"href":"https:\/\/www.europesays.com\/fr\/wp-json\/wp\/v2\/types\/post"}],"author":[{"embeddable":true,"href":"https:\/\/www.europesays.com\/fr\/wp-json\/wp\/v2\/users\/2"}],"replies":[{"embeddable":true,"href":"https:\/\/www.europesays.com\/fr\/wp-json\/wp\/v2\/comments?post=566991"}],"version-history":[{"count":0,"href":"https:\/\/www.europesays.com\/fr\/wp-json\/wp\/v2\/posts\/566991\/revisions"}],"wp:featuredmedia":[{"embeddable":true,"href":"https:\/\/www.europesays.com\/fr\/wp-json\/wp\/v2\/media\/3836"}],"wp:attachment":[{"href":"https:\/\/www.europesays.com\/fr\/wp-json\/wp\/v2\/media?parent=566991"}],"wp:term":[{"taxonomy":"category","embeddable":true,"href":"https:\/\/www.europesays.com\/fr\/wp-json\/wp\/v2\/categories?post=566991"},{"taxonomy":"post_tag","embeddable":true,"href":"https:\/\/www.europesays.com\/fr\/wp-json\/wp\/v2\/tags?post=566991"}],"curies":[{"name":"wp","href":"https:\/\/api.w.org\/{rel}","templated":true}]}}