{"id":567012,"date":"2025-11-29T16:33:16","date_gmt":"2025-11-29T16:33:16","guid":{"rendered":"https:\/\/www.europesays.com\/fr\/567012\/"},"modified":"2025-11-29T16:33:16","modified_gmt":"2025-11-29T16:33:16","slug":"coupe-de-france-8e-tour-lexploit-de-biesheim-qualifie-face-au-red-star-1-1-9-8-tab","status":"publish","type":"post","link":"https:\/\/www.europesays.com\/fr\/567012\/","title":{"rendered":"Coupe de France (8e tour). L&rsquo;exploit de Biesheim qualifi\u00e9 face au Red Star (1-1, 9-8, tab)"},"content":{"rendered":"<p>Dans une premi\u00e8re p\u00e9riode \u00e9quilibr\u00e9e, l&rsquo;ASC Biesheim a su prendre l&rsquo;avantage sur un penalty obtenu par Valbon et converti par Reppert (35e). Si Glao (41e) et Diop (44e) ont eu l&rsquo;occasion de doubler la mise, Gentner a aussi sauv\u00e9 la baraque \u00e0 deux reprises (26e, 41e). En seconde p\u00e9riode, Benali a remis les compteurs \u00e0 z\u00e9ro de la t\u00eate (54e) alors que le milieu rh\u00e9nan Diop a trouv\u00e9 le poteau de Beunardeau (61e). Si l&rsquo;ASCB a \u00e9t\u00e9 sauv\u00e9e par sa barre (81e), Seye (84e) et Reppert (89e) ont eu la balle de match au bout du pied. Apr\u00e8s une insoutenable sance de tirs au but, Gentner a fini par repousser la 10e tentative audonienne pour qualifier l&rsquo;ASCB. Quel exploit face au troisi\u00e8me de Ligue 2\u00a0!<\/p>\n<p>&#13;<br \/>\n              Julien-Thomas Will &#8211; &#13;<br \/>\n        &#13;<br \/>\n          Aujourd&rsquo;hui \u00e0 13:00&#13;<br \/>\n    &#13;<br \/>\n                  | mis \u00e0 jour aujourd&rsquo;hui \u00e0 17:22&#13;<br \/>\n              &#8211; Temps de lecture : &#13;<br \/>\n  &#13;\n<\/p>\n<ul class=\"galerieContent carousel-wrapper__slides\" id=\"9291d787-e00d-412e-a99f-8a24128e4f7d\">        &#13;<\/p>\n<li class=\"carousel-wrapper__slides--slide item\" id=\"slide-1\">&#13;<br \/>\n                                    &#13;<br \/>\n                        <a class=\"chocolat-image GA-tracking\" data-ga_type=\"click\" data-ga_category=\"D\u00e9tail\" data-ga_action=\"zoomer\" data-ga_label=\"aggrandir image\" href=\"https:\/\/cdn-s-www.dna.fr\/images\/A9867402-1774-4006-9EFD-0F4551B4CD74\/NW_raw\/biesheim-s-offre-un-exploit-monumental-a-l-issue-d-une-seance-de-tirs-au-but-epique-photo-antonin-utz-1764433271.jpg\" title=\"Biesheim s&#039;offre un exploit monumental \u00e0 l&#039;issue d&#039;une s\u00e9ance de tirs au but \u00e9pique\u00a0! Photo Antonin Utz\" target=\"_blank\" rel=\"noopener\">&#13;<br \/>\n                            <img decoding=\"async\" src=\"https:\/\/www.europesays.com\/fr\/wp-content\/uploads\/2025\/11\/biesheim-s-offre-un-exploit-monumental-a-l-issue-d-une-seance-de-tirs-au-but-epique-photo-antonin-ut.jpeg\"   alt=\"Biesheim s'offre un exploit monumental \u00e0 l'issue d'une s\u00e9ance de tirs au but \u00e9pique\u00a0! Photo Antonin Utz\" fetchpriority=\"high\" data-mobile=\"NW_detail_M|1764433271\" data-base=\"NW_detail|1764433271\"\/>&#13;<br \/>\n                        <\/a>&#13;<\/p>\n<p>Biesheim s&rsquo;offre un exploit monumental \u00e0 l&rsquo;issue d&rsquo;une s\u00e9ance de tirs au but \u00e9pique\u00a0! Photo Antonin Utz<\/p>\n<p>                        &#13;<br \/>\n                                           &#13;\n                <\/li>\n<p>&#13;<br \/>\n            &#13;<\/p>\n<li class=\"carousel-wrapper__slides--slide item slideWithPub\" id=\"slide-2\">&#13;<br \/>\n                        &#13;<br \/>\n                            <a class=\"chocolat-image\" title=\"Publicit\u00e9\" href=\"data:image\/gif;base64,R0lGODlhAQABAAD\/ACwAAAAAAQABAAACADs=\">&#13;<br \/>\n                                <img decoding=\"async\" src=\"data:image\/gif;base64,R0lGODlhAQABAAD\/ACwAAAAAAQABAAACADs=\" alt=\"Publicit\u00e9\" loading=\"lazy\" fetchpriority=\"low\"\/>&#13;<br \/>\n                            <\/a>&#13;<br \/>\n                        &#13;\n                    <\/li>\n<p>&#13;<\/p>\n<li class=\"carousel-wrapper__slides--slide item\" id=\"slide-3\">&#13;<br \/>\n                                    &#13;<br \/>\n                        <a class=\"chocolat-image GA-tracking\" data-ga_type=\"click\" data-ga_category=\"D\u00e9tail\" data-ga_action=\"zoomer\" data-ga_label=\"aggrandir image\" href=\"https:\/\/cdn-s-www.dna.fr\/images\/E8891223-0BBC-4C8D-AE87-EE4543B4325E\/NW_raw\/daniel-glao-et-biesheim-peuvent-ils-realiser-l-exploit-face-a-une-equipe-de-ligue-2-photo-vincent-voegtlin-1764284625.jpg\" title=\"Daniel Glao et Biesheim peuvent-ils r\u00e9aliser l&#039;exploit face \u00e0 une \u00e9quipe de Ligue 2 ? Photo\u00a0Vincent Voegtlin\" target=\"_blank\" rel=\"noopener\">&#13;<br \/>\n                            <img decoding=\"async\" src=\"https:\/\/www.europesays.com\/fr\/wp-content\/uploads\/2025\/11\/daniel-glao-et-biesheim-peuvent-ils-realiser-l-exploit-face-a-une-equipe-de-ligue-2-photo-vincent-vo.jpeg\"   alt=\"Daniel Glao et Biesheim peuvent-ils r\u00e9aliser l'exploit face \u00e0 une \u00e9quipe de Ligue 2 ? Photo\u00a0Vincent Voegtlin\" loading=\"lazy\" fetchpriority=\"low\" data-mobile=\"NW_detail_M|1764284625\" data-base=\"NW_detail|1764284625\"\/>&#13;<br \/>\n                        <\/a>&#13;<\/p>\n<p>Daniel Glao et Biesheim peuvent-ils r\u00e9aliser l&rsquo;exploit face \u00e0 une \u00e9quipe de Ligue 2 ? Photo\u00a0Vincent Voegtlin<\/p>\n<p>                        &#13;<br \/>\n                                           &#13;\n                <\/li>\n<p>&#13;<br \/>\n            &#13;\n                <\/ul>\n","protected":false},"excerpt":{"rendered":"Dans une premi\u00e8re p\u00e9riode \u00e9quilibr\u00e9e, l&rsquo;ASC Biesheim a su prendre l&rsquo;avantage sur un penalty obtenu par Valbon et&hellip;\n","protected":false},"author":2,"featured_media":567013,"comment_status":"","ping_status":"","sticky":false,"template":"","format":"standard","meta":{"footnotes":""},"categories":[4],"tags":[328,11,68214,68215,3545,107,63,1011,27,1637,3544,12,25,517],"class_list":{"0":"post-567012","1":"post","2":"type-post","3":"status-publish","4":"format-standard","5":"has-post-thumbnail","7":"category-france","8":"tag-a-la-une","9":"tag-actualites","10":"tag-asc-biesheim","11":"tag-biesheim","12":"tag-direct-sport","13":"tag-fil-info","14":"tag-football","15":"tag-fr","16":"tag-france","17":"tag-haut-rhin","18":"tag-matchs-en-direct","19":"tag-news","20":"tag-republique-francaise","21":"tag-sport"},"share_on_mastodon":{"url":"https:\/\/pubeurope.com\/@fr\/115633955324672135","error":""},"_links":{"self":[{"href":"https:\/\/www.europesays.com\/fr\/wp-json\/wp\/v2\/posts\/567012","targetHints":{"allow":["GET"]}}],"collection":[{"href":"https:\/\/www.europesays.com\/fr\/wp-json\/wp\/v2\/posts"}],"about":[{"href":"https:\/\/www.europesays.com\/fr\/wp-json\/wp\/v2\/types\/post"}],"author":[{"embeddable":true,"href":"https:\/\/www.europesays.com\/fr\/wp-json\/wp\/v2\/users\/2"}],"replies":[{"embeddable":true,"href":"https:\/\/www.europesays.com\/fr\/wp-json\/wp\/v2\/comments?post=567012"}],"version-history":[{"count":0,"href":"https:\/\/www.europesays.com\/fr\/wp-json\/wp\/v2\/posts\/567012\/revisions"}],"wp:featuredmedia":[{"embeddable":true,"href":"https:\/\/www.europesays.com\/fr\/wp-json\/wp\/v2\/media\/567013"}],"wp:attachment":[{"href":"https:\/\/www.europesays.com\/fr\/wp-json\/wp\/v2\/media?parent=567012"}],"wp:term":[{"taxonomy":"category","embeddable":true,"href":"https:\/\/www.europesays.com\/fr\/wp-json\/wp\/v2\/categories?post=567012"},{"taxonomy":"post_tag","embeddable":true,"href":"https:\/\/www.europesays.com\/fr\/wp-json\/wp\/v2\/tags?post=567012"}],"curies":[{"name":"wp","href":"https:\/\/api.w.org\/{rel}","templated":true}]}}