{"id":567021,"date":"2025-11-29T16:42:14","date_gmt":"2025-11-29T16:42:14","guid":{"rendered":"https:\/\/www.europesays.com\/fr\/567021\/"},"modified":"2025-11-29T16:42:14","modified_gmt":"2025-11-29T16:42:14","slug":"aubameyang-plus-rapide-que-mbappe-cest-prouve","status":"publish","type":"post","link":"https:\/\/www.europesays.com\/fr\/567021\/","title":{"rendered":"Aubameyang plus rapide que Mbapp\u00e9, c\u2019est prouv\u00e9"},"content":{"rendered":"<p><b>Selon les chiffres d\u00e9voil\u00e9s par l\u2019UEFA, Pierre-Emerick Aubameyang fait partie des joueurs les plus rapides en <a href=\"https:\/\/www.foot01.com\/ligue-des-champions\" title=\"Ligue des Champions\" target=\"_blank\" rel=\"noopener\">Ligue des Champions<\/a> cette saison. L\u2019attaquant de l\u2019Olympique de Marseille a \u00e9t\u00e9 flash\u00e9 \u00e0 une vitesse sup\u00e9rieure \u00e0 celle d\u2019autres fl\u00e8ches comme Nuno Mendes, Achraf Hakimi ou encore Kylian Mbapp\u00e9.<\/b>A 36 ans, Pierre-Emerick Aubameyang n\u2019a pas perdu ses qualit\u00e9s athl\u00e9tiques. L\u2019attaquant de <a href=\"https:\/\/www.foot01.com\/equipe\/marseille\/\" target=\"_blank\" rel=\"noopener\">l\u2019Olympique de Marseille<\/a> l\u2019a encore prouv\u00e9 contre Newcastle (2-1) mardi. Sur le premier de ses deux buts, l\u2019international gabonais a surpris le gardien Nick Pope \u00e0 la course. On ignore si cet appel en profondeur est \u00e0 l\u2019origine de son classement. En tout cas, selon les chiffres donn\u00e9s par l\u2019UEFA, le Marseillais fait partie des joueurs les plus rapides en Ligue des Champions cette saison. L\u2019ancien joueur de l\u2019AS Saint-Etienne a \u00e9t\u00e9 flash\u00e9 \u00e0 35,8 km et occupe la quatri\u00e8me place.<\/p>\n<p>Juste devant lui, l\u2019ailier du Paris Saint-Germain Bradley Barcola (35,9 km\/h) compl\u00e8te le podium o\u00f9 se trouvent l\u2019attaquant de la Juventus Turin Lo\u00efs Openda (36,2 km\/h) et le leader Landry Dimata. M\u00e9connue, la fus\u00e9e belgo-congolaise de Pafos arrive largement en t\u00eate avec une vitesse calcul\u00e9e \u00e0 39,6 km\/h ! Difficile de dire si Pierre-Emerick Aubameyang peut l\u2019imiter. En tout cas, l\u2019avant-centre de l\u2019Olympique de Marseille devance d\u2019autres joueurs r\u00e9put\u00e9s pour leur rapidit\u00e9, \u00e0 l\u2019image des lat\u00e9raux parisiens Nuno Mendes (35,3 km\/h) et Achraf Hakimi (34,6 km\/h), ou encore le buteur du Real Madrid Kylian Mbapp\u00e9 seulement 22e (34,5 km\/h).<\/p>\n<p><b>Le top 10 des joueurs les plus rapides en C1 cette saison :<\/b><\/p>\n<p>1. Landry Dimata (Pafos) \u2013 39,6 km\/h<\/p>\n<p>2. Lo\u00efs Openda (Juventus Turin) \u2013 36,2 km\/h<\/p>\n<p>3. Bradley Barcola (PSG) \u2013 35,9km\/h<\/p>\n<p>4. Pierre-Emerick Aubameyang (OM) \u2013 35,8 km\/h<\/p>\n<p>5. Federico Valverde (Real Madrid) &#8211; 35,8 km\/h<\/p>\n<p>6. Karim Adeyemi (Borussia Dortmund) \u2013 35,6 km\/h<\/p>\n<p>7. Jeremie Frimpong (Liverpool) &#8211; 35,6 km\/h<\/p>\n<p>8. Nicolas P\u00e9p\u00e9 (Villarreal) &#8211; 35,4 km\/h<\/p>\n<p>9. Ismail Jakobs (Galatasaray) \u2013 35,4 km\/h<\/p>\n<p>10. Nuno Mendes (PSG) &#8211; 35,3 km\/h<\/p>\n","protected":false},"excerpt":{"rendered":"Selon les chiffres d\u00e9voil\u00e9s par l\u2019UEFA, Pierre-Emerick Aubameyang fait partie des joueurs les plus rapides en Ligue des&hellip;\n","protected":false},"author":2,"featured_media":567022,"comment_status":"","ping_status":"","sticky":false,"template":"","format":"standard","meta":{"footnotes":""},"categories":[1410],"tags":[63,1011,27,447,149,60],"class_list":{"0":"post-567021","1":"post","2":"type-post","3":"status-publish","4":"format-standard","5":"has-post-thumbnail","7":"category-football","8":"tag-football","9":"tag-fr","10":"tag-france","11":"tag-ligue-des-champions","12":"tag-om","13":"tag-sports"},"share_on_mastodon":{"url":"https:\/\/pubeurope.com\/@fr\/115633988911822317","error":""},"_links":{"self":[{"href":"https:\/\/www.europesays.com\/fr\/wp-json\/wp\/v2\/posts\/567021","targetHints":{"allow":["GET"]}}],"collection":[{"href":"https:\/\/www.europesays.com\/fr\/wp-json\/wp\/v2\/posts"}],"about":[{"href":"https:\/\/www.europesays.com\/fr\/wp-json\/wp\/v2\/types\/post"}],"author":[{"embeddable":true,"href":"https:\/\/www.europesays.com\/fr\/wp-json\/wp\/v2\/users\/2"}],"replies":[{"embeddable":true,"href":"https:\/\/www.europesays.com\/fr\/wp-json\/wp\/v2\/comments?post=567021"}],"version-history":[{"count":0,"href":"https:\/\/www.europesays.com\/fr\/wp-json\/wp\/v2\/posts\/567021\/revisions"}],"wp:featuredmedia":[{"embeddable":true,"href":"https:\/\/www.europesays.com\/fr\/wp-json\/wp\/v2\/media\/567022"}],"wp:attachment":[{"href":"https:\/\/www.europesays.com\/fr\/wp-json\/wp\/v2\/media?parent=567021"}],"wp:term":[{"taxonomy":"category","embeddable":true,"href":"https:\/\/www.europesays.com\/fr\/wp-json\/wp\/v2\/categories?post=567021"},{"taxonomy":"post_tag","embeddable":true,"href":"https:\/\/www.europesays.com\/fr\/wp-json\/wp\/v2\/tags?post=567021"}],"curies":[{"name":"wp","href":"https:\/\/api.w.org\/{rel}","templated":true}]}}