{"id":567025,"date":"2025-11-29T16:44:20","date_gmt":"2025-11-29T16:44:20","guid":{"rendered":"https:\/\/www.europesays.com\/fr\/567025\/"},"modified":"2025-11-29T16:44:20","modified_gmt":"2025-11-29T16:44:20","slug":"photographe-professeur-ecrivain-chanteur-pierre-bessagnet-de-lavardens-expose-en-decembre-a-fleurance","status":"publish","type":"post","link":"https:\/\/www.europesays.com\/fr\/567025\/","title":{"rendered":"Photographe, professeur, \u00e9crivain, chanteur\u2026 : Pierre Bessagnet, de Lavardens, expose en d\u00e9cembre \u00e0 Fleurance"},"content":{"rendered":"<p>\n                                                                    l&rsquo;essentiel<br \/>\n                                                                Le photographe de Lavardens Pierre Bessagnet est l\u2019invit\u00e9 d\u2019honneur du salon Phot\u2019Art de Fleurance, samedi 6 et dimanche 7 d\u00e9cembre.\n                            <\/p>\n<p>Le Lavardenais Pierre Bessagnet exposera \u00e0 Fleurance samedi 6 et dimanche 7 d\u00e9cembre, \u00e0 l\u2019occasion des Rencontres photographiques du salon Phot\u2019Art organis\u00e9 par le Photo-Club de Gascogne qui l\u2019a invit\u00e9. L\u2019exposition sera ouverte de 10 heures \u00e0 18 heures. L\u2019artiste sera lui-m\u00eame pr\u00e9sent uniquement dimanche 7 d\u00e9cembre, de 10 heures \u00e0 12 heures, dans la salle Eloi-Castaing.<\/p>\n<p>Pierre Bessagnet tient un appareil photo entre les mains depuis l\u2019\u00e2ge de 18 ans. Il a commenc\u00e9 la photographie en noir et blanc et en couleur argentique, avant de passer au num\u00e9rique. Il r\u00e9sume ainsi l\u2019esprit de sa prochaine exposition \u00e0 Fleurance : \u00ab\u00a0J\u2019ai \u00e9t\u00e9 aux quatre coins du monde, notamment au Vietnam, \u00e0 Cuba, au Chili, aux Etats-Unis et bien s\u00fbr \u00e0 Lavardens. Dans les ann\u00e9es 1980-1990, j\u2019ai dirig\u00e9 une structure de production audiovisuelle \u00e0 Auch. Dans ce cadre, j\u2019ai r\u00e9alis\u00e9 deux films, portraits d\u2019artistes gersois ou install\u00e9s dans le Gers : en 1986, \u00ab\u00a0Chambas dans l\u2019ar\u00e8ne\u00a0\u00bb, sur le peintre Jean-Paul Chambas, n\u00e9 \u00e0 Vic-Fezensac, et en 1988, \u00ab\u00a0Guy Lafitte\u00a0\u00bb, sur le c\u00e9l\u00e8bre saxophoniste de jazz. Ce film a \u00e9t\u00e9 diffus\u00e9 sur \u00ab\u00a0M6&Prime; en 1989 et tourn\u00e9 \u00e0 Tournan, Marciac et New York\u00a0\u00bb.<\/p>\n<p>Professeur, \u00e9crivain, chanteur<\/p>\n<p>N\u00e9 en Indochine, Pierre Bessagnet n\u2019avait qu\u2019un mois lors de son arriv\u00e9e \u00e0 Lavardens. Son p\u00e8re, Yvan Bessagnet, alors militaire en Indochine, \u00e9tait revenu en France avec son \u00e9pouse et leurs 4 enfants. La famille s\u2019installa \u00e0 Lavardens, o\u00f9 na\u00eetront 6 autres enfants. Pierre Bessagnet a \u00e9t\u00e9 professeur de fran\u00e7ais, notamment \u00e0 Toulouse, \u00e0 l\u2019Institut universitaire de formation des ma\u00eetres, o\u00f9 il formait les futurs professeurs des \u00e9coles. Il a publi\u00e9 en 2023 \u00ab\u00a0L\u2019Histoire d\u2019une famille. Les Bessagnet de Lavardens\u00a0\u00bb. Il a travaill\u00e9 plus d\u2019un an \u00e0 la r\u00e9alisation de cet ouvrage, se lan\u00e7ant dans des recherches, notamment g\u00e9n\u00e9alogiques, et recueillant documents et t\u00e9moignages. Il est aussi l\u2019auteur d\u2019une nouvelle, \u00ab\u00a0La Disparition d\u2019Ernest\u00a0\u00bb, publi\u00e9e par l\u2019association Le 122 \u00e0 Lectoure.<\/p>\n<p>\u00ab\u00a0A 70 ans, ce sera ma seconde participation \u00e0 une exposition. Mieux Phot\u2019Art que jamais\u00a0\u00bb, glisse-t-il avec un sourire. Pierre Bessagnet n\u2019est pas \u00e0 court de talents : \u00ab\u00a0Je chante en amateur dans un groupe sp\u00e9cialis\u00e9 dans les polyphonies corses. Mon groupe de polyphonies corses Cantu di Luna se produira en l\u2019\u00e9glise de Saint-Clar dimanche 7 d\u00e9cembre, \u00e0 17 heures\u00a0\u00bb.<\/p>\n","protected":false},"excerpt":{"rendered":"l&rsquo;essentiel Le photographe de Lavardens Pierre Bessagnet est l\u2019invit\u00e9 d\u2019honneur du salon Phot\u2019Art de Fleurance, samedi 6 et&hellip;\n","protected":false},"author":2,"featured_media":567026,"comment_status":"","ping_status":"","sticky":false,"template":"","format":"standard","meta":{"footnotes":""},"categories":[1358],"tags":[1348,1384,1385,1386,58,59,1011,27],"class_list":{"0":"post-567025","1":"post","2":"type-post","3":"status-publish","4":"format-standard","5":"has-post-thumbnail","7":"category-arts-et-design","8":"tag-arts","9":"tag-arts-and-design","10":"tag-arts-et-design","11":"tag-design","12":"tag-divertissement","13":"tag-entertainment","14":"tag-fr","15":"tag-france"},"share_on_mastodon":{"url":"https:\/\/pubeurope.com\/@fr\/115633996671792517","error":""},"_links":{"self":[{"href":"https:\/\/www.europesays.com\/fr\/wp-json\/wp\/v2\/posts\/567025","targetHints":{"allow":["GET"]}}],"collection":[{"href":"https:\/\/www.europesays.com\/fr\/wp-json\/wp\/v2\/posts"}],"about":[{"href":"https:\/\/www.europesays.com\/fr\/wp-json\/wp\/v2\/types\/post"}],"author":[{"embeddable":true,"href":"https:\/\/www.europesays.com\/fr\/wp-json\/wp\/v2\/users\/2"}],"replies":[{"embeddable":true,"href":"https:\/\/www.europesays.com\/fr\/wp-json\/wp\/v2\/comments?post=567025"}],"version-history":[{"count":0,"href":"https:\/\/www.europesays.com\/fr\/wp-json\/wp\/v2\/posts\/567025\/revisions"}],"wp:featuredmedia":[{"embeddable":true,"href":"https:\/\/www.europesays.com\/fr\/wp-json\/wp\/v2\/media\/567026"}],"wp:attachment":[{"href":"https:\/\/www.europesays.com\/fr\/wp-json\/wp\/v2\/media?parent=567025"}],"wp:term":[{"taxonomy":"category","embeddable":true,"href":"https:\/\/www.europesays.com\/fr\/wp-json\/wp\/v2\/categories?post=567025"},{"taxonomy":"post_tag","embeddable":true,"href":"https:\/\/www.europesays.com\/fr\/wp-json\/wp\/v2\/tags?post=567025"}],"curies":[{"name":"wp","href":"https:\/\/api.w.org\/{rel}","templated":true}]}}