{"id":567033,"date":"2025-11-29T16:49:14","date_gmt":"2025-11-29T16:49:14","guid":{"rendered":"https:\/\/www.europesays.com\/fr\/567033\/"},"modified":"2025-11-29T16:49:14","modified_gmt":"2025-11-29T16:49:14","slug":"si-on-suit-ce-rythme-on-peut-tenir-une-semaine-maximum-en-pleine-campagne-de-vaccination-contre-la-grippe-le-cri-dalerte-des-pharmaciens","status":"publish","type":"post","link":"https:\/\/www.europesays.com\/fr\/567033\/","title":{"rendered":"\u00ab\u00a0Si on suit ce rythme, on peut tenir une semaine maximum\u00a0\u00bb\u00a0: en pleine campagne de vaccination contre la grippe, le cri d\u2019alerte des pharmaciens"},"content":{"rendered":"<p>\n                                                                L\u2019Union des syndicats de pharmaciens d\u2019officine (USPO) a appel\u00e9 le gouvernement \u00e0 d\u00e9bloquer de nouvelles doses de vaccin contre la grippe, alors que la demande explose par rapport \u00e0 la m\u00eame p\u00e9riode en 2024. La ministre de la Sant\u00e9 St\u00e9phanie Rist s\u2019est voulue rassurante, assurant le progressif rassortiment dans les pharmacies de France.\n                            <\/p>\n<p>Victimes de leur succ\u00e8s. Cette ann\u00e9e,<a href=\"https:\/\/www.midilibre.fr\/2025\/10\/13\/nouveau-vaccin-risques-mortalite-ce-quil-faut-savoir-avant-la-campagne-de-vaccination-contre-la-grippe-lancee-ce-lundi-12981299.php\" target=\"_blank\" rel=\"noopener\"> la campagne de vaccination contre la grippe <\/a>va bon train, si bien que le nombre de doses disponibles commence dangereusement \u00e0 se tarir, d\u2019apr\u00e8s Pierre-Olivier Variot, pr\u00e9sident de l\u2019Union des syndicats de pharmaciens d\u2019officine (USPO) interrog\u00e9 par\u00a0<a href=\"https:\/\/www.franceinfo.fr\/sante\/maladie\/grippe\/les-doses-de-vaccins-contre-la-grippe-seront-bientot-epuisees-alerte-l-union-des-syndicats-de-pharmaciens-d-officine_7646225.html\" target=\"_blank\" rel=\"noopener\">france info.<\/a><\/p>\n<p>Pr\u00e8s de 10\u00a0millions d\u2019injections contre 8,2 l\u2019an pass\u00e9<\/p>\n<p>Selon ce dernier, pr\u00e8s de 9,5\u00a0millions de doses ont \u00e9t\u00e9 inject\u00e9es depuis le d\u00e9but de la campagne vaccinale, le 14\u00a0octobre, <a href=\"https:\/\/www.midilibre.fr\/2025\/04\/17\/hospitalisations-morts-duree-les-chiffres-exceptionnels-dune-epidemie-de-grippe-particulierement-rude-cette-annee-12642723.php\" target=\"_blank\" rel=\"noopener\">contre 8,2\u00a0millions \u00e0 la m\u00eame \u00e9poque l\u2019an dernier.<\/a> \u00ab\u00a0Il\u00a0reste \u00e0 peu pr\u00e8s 1,5\u00a0million de doses dans les frigos des pharmaciens, a-t-il indiqu\u00e9 ce samedi matin aupr\u00e8s de nos confr\u00e8res. Si on suit le m\u00eame rythme d\u2019injection, on peut tenir quatre, cinq jours, une semaine maximum\u00a0\u00bb.<\/p>\n<p>L\u2019\u00c9tat va lib\u00e9rer \u00ab\u00a0progressivement\u00a0\u00bb des doses<\/p>\n<p>Olivier Variot en appelle d\u00e9sormais \u00e0 l\u2019\u00c9tat, le sommant de d\u00e9bloquer le stock de s\u00e9curit\u00e9. Un appel vraisemblablement entendu dans les plus hautes sph\u00e8res, puisque la ministre de la Sant\u00e9 St\u00e9phanie Rist a indiqu\u00e9, ce samedi midi sur X, \u00ab\u00a0suivre de tr\u00e8s pr\u00e8s les besoins du terrain et la disponibilit\u00e9 des doses\u00a0\u00bb.<\/p>\n<blockquote data-class=\"twitter-tweet\">\n<p lang=\"fr\" dir=\"ltr\">Pour accompagner la p\u00e9riode des f\u00eates et \u00e9viter toute tension, nous lib\u00e9rerons progressivement les doses suppl\u00e9mentaires d\u00e9j\u00e0 s\u00e9curis\u00e9es, afin de continuer \u00e0 r\u00e9pondre aux besoins partout sur le territoire.<\/p>\n<p>\u2014 St\u00e9phanie RIST (@stephanie_rist) <a href=\"https:\/\/twitter.com\/stephanie_rist\/status\/1994734016826937765?ref_src=twsrc%5Etfw\" target=\"_blank\" rel=\"noopener\">November 29, 2025<\/a><\/p><\/blockquote>\n<p>Et d\u2019assurer, aussi, que\u00a0\u00ab\u00a0pour accompagner la p\u00e9riode des f\u00eates et \u00e9viter toute tension, (l\u2019\u00c9tat) lib\u00e9rera progressivement les doses suppl\u00e9mentaires d\u00e9j\u00e0 s\u00e9curis\u00e9es, afin de continuer \u00e0 r\u00e9pondre aux besoins partout sur le territoire\u00a0\u00bb.<\/p>\n<p>    Quel public pour la vaccination\u00a0?<\/p>\n<p>La campagne de vaccination contre la grippe saisonni\u00e8re s\u2019adresse \u00e0 tous, car la grippe peut toucher tout le monde. N\u00e9anmoins, certains profils sont davantage \u00e0 \u00ab\u00a0risque\u00a0\u00bb. Il s\u2019agit, d\u2019apr\u00e8s le minist\u00e8re de la Sant\u00e9,<\/p>\n<ul>\n<li>des personnes \u00e2g\u00e9es de 65 ans et plus\u00a0;<\/li>\n<li>des personnes (adultes et enfants) atteintes de certaines maladies chroniques\u00a0;<\/li>\n<li>des femmes enceintes\u00a0;<\/li>\n<li>des personnes ob\u00e8ses avec un indice de masse corporelle \u226540\u00a0Kg\/m2\u00a0;<\/li>\n<li>des personnes s\u00e9journant dans un \u00e9tablissement de sant\u00e9 de soins de suite ou dans un \u00e9tablissement m\u00e9dico-social d\u2019h\u00e9bergement.<\/li>\n<\/ul>\n<p>Alors que certaines r\u00e9gions \u2013 la Normandie, la Nouvelle Aquitaine et l\u2019\u00cele de France \u2013 sont en situation\u00a0\u00ab\u00a0pr\u00e9-\u00e9pid\u00e9mique\u00a0\u00bb, les professionnels appellent en tout cas chacun \u00e0 se vacciner avant les f\u00eates et les grands rassemblements.<\/p>\n<p>                                                                                                                                                                                                        <script async src=\"https:\/\/platform.twitter.com\/widgets.js\" charset=\"utf-8\"><\/script><\/p>\n","protected":false},"excerpt":{"rendered":"L\u2019Union des syndicats de pharmaciens d\u2019officine (USPO) a appel\u00e9 le gouvernement \u00e0 d\u00e9bloquer de nouvelles doses de vaccin&hellip;\n","protected":false},"author":2,"featured_media":567034,"comment_status":"","ping_status":"","sticky":false,"template":"","format":"standard","meta":{"footnotes":""},"categories":[10],"tags":[1011,27,72,71],"class_list":{"0":"post-567033","1":"post","2":"type-post","3":"status-publish","4":"format-standard","5":"has-post-thumbnail","7":"category-sante","8":"tag-fr","9":"tag-france","10":"tag-health","11":"tag-sante"},"share_on_mastodon":{"url":"https:\/\/pubeurope.com\/@fr\/115634016706032358","error":""},"_links":{"self":[{"href":"https:\/\/www.europesays.com\/fr\/wp-json\/wp\/v2\/posts\/567033","targetHints":{"allow":["GET"]}}],"collection":[{"href":"https:\/\/www.europesays.com\/fr\/wp-json\/wp\/v2\/posts"}],"about":[{"href":"https:\/\/www.europesays.com\/fr\/wp-json\/wp\/v2\/types\/post"}],"author":[{"embeddable":true,"href":"https:\/\/www.europesays.com\/fr\/wp-json\/wp\/v2\/users\/2"}],"replies":[{"embeddable":true,"href":"https:\/\/www.europesays.com\/fr\/wp-json\/wp\/v2\/comments?post=567033"}],"version-history":[{"count":0,"href":"https:\/\/www.europesays.com\/fr\/wp-json\/wp\/v2\/posts\/567033\/revisions"}],"wp:featuredmedia":[{"embeddable":true,"href":"https:\/\/www.europesays.com\/fr\/wp-json\/wp\/v2\/media\/567034"}],"wp:attachment":[{"href":"https:\/\/www.europesays.com\/fr\/wp-json\/wp\/v2\/media?parent=567033"}],"wp:term":[{"taxonomy":"category","embeddable":true,"href":"https:\/\/www.europesays.com\/fr\/wp-json\/wp\/v2\/categories?post=567033"},{"taxonomy":"post_tag","embeddable":true,"href":"https:\/\/www.europesays.com\/fr\/wp-json\/wp\/v2\/tags?post=567033"}],"curies":[{"name":"wp","href":"https:\/\/api.w.org\/{rel}","templated":true}]}}