{"id":567041,"date":"2025-11-29T16:55:21","date_gmt":"2025-11-29T16:55:21","guid":{"rendered":"https:\/\/www.europesays.com\/fr\/567041\/"},"modified":"2025-11-29T16:55:21","modified_gmt":"2025-11-29T16:55:21","slug":"lidl-cree-le-buzz-avec-le-retour-du-monsieur-cuisine-et-une-avalanche-daccessoires-de-cuisine-a-prix-casses","status":"publish","type":"post","link":"https:\/\/www.europesays.com\/fr\/567041\/","title":{"rendered":"Lidl cr\u00e9e le buzz avec le retour du Monsieur Cuisine et une avalanche d\u2019accessoires de cuisine \u00e0 prix cass\u00e9s"},"content":{"rendered":"<p>Chez apero-bordeaux.fr, nous sommes toujours \u00e0 l\u2019aff\u00fbt des meilleures offres en cuisine, particuli\u00e8rement celles de Lidl. D\u00e9couvrez les nouveaut\u00e9s \u00e0 ne pas manquer \u00e0 partir du <strong>lundi 01\/12<\/strong>. Explorez les produits phares s\u00e9lectionn\u00e9s pour vous ce mois-ci.<\/p>\n<p>Robot Monsieur Cuisine Smart<\/p>\n<p>Le robot Monsieur Cuisine Smart est \u00e0 l\u2019honneur ce mois-ci avec une <strong>offre exceptionnelle<\/strong>. Propos\u00e9 \u00e0 <strong>349\u20ac<\/strong> avec l\u2019application Lidl Plus (au lieu de 399\u20ac), ce robot est \u00e9quip\u00e9 d\u2019un \u00e9cran tactile intuitif et d\u2019une capacit\u00e9 d\u2019environ 4,5 litres. Parfait pour pr\u00e9parer vos repas avec facilit\u00e9, il comprend plusieurs accessoires pour une utilisation optimale en cuisine.<\/p>\n<p>Accessoire Silvercrest pour Monsieur Cuisine<\/p>\n<p>Compl\u00e9tez votre robot avec les accessoires Silvercrest. Ces outils, disponibles d\u00e8s <strong>17,99\u20ac<\/strong>, sont <a href=\"https:\/\/www.apero-bordeaux.fr\/explorez-les-tresors-culinaires-caches-de-gironde-cinq-tables-incontournables\/\" target=\"_blank\" rel=\"noopener\">con\u00e7us pour am\u00e9liorer votre exp\u00e9rience culinaire avec Monsieur Cuisine Smart<\/a>. Chaque ustensile s\u2019adapte parfaitement pour vous offrir une pr\u00e9cision et une efficacit\u00e9 maximales lors de la pr\u00e9paration de vos plats.<\/p>\n<p>Appareil \u00e0 Pop-Corn Silvercrest<\/p>\n<p>Transformez vos soir\u00e9es cin\u00e9ma avec l\u2019<strong>appareil \u00e0 pop-corn Silvercrest<\/strong>, disponible pour seulement <strong>24,99\u20ac<\/strong>. Non seulement cet appareil vous permet de r\u00e9aliser du pop-corn savoureux, mais il est \u00e9galement id\u00e9al pour griller des amandes, le tout avec une simplicit\u00e9 d\u2019utilisation gr\u00e2ce \u00e0 son design ergonomique.<\/p>\n<p>Tapis de Cuisine Livarno Home<\/p>\n<p>Apportez une touche d\u2019\u00e9l\u00e9gance \u00e0 votre cuisine avec le tapis Livarno Home. Disponible pour <strong>11,99\u20ac<\/strong>, ce tapis de dimensions 65 x 180 cm est con\u00e7u avec un dessous en latex antid\u00e9rapant pour plus de s\u00e9curit\u00e9. Id\u00e9al pour prot\u00e9ger vos sols tout en ajoutant une note d\u00e9corative \u00e0 votre espace culinaire.<\/p>\n<p><img loading=\"lazy\" alt=\"\" decoding=\"async\" width=\"1024\" height=\"816\" src=\"data:image\/svg+xml,%3Csvg%20xmlns=\" http:=\"\" data-lazy- data-lazy- data-lazy-src=\"https:\/\/www.europesays.com\/fr\/wp-content\/uploads\/2025\/11\/capture-decran-2025-11-29-103929-1-1024x816.jpg\"\/><\/p>\n<p>Plat \u00e0 four\/moules \u00e0 souffl\u00e9 Silvercrest<\/p>\n<p>D\u00e9couvrez le plat \u00e0 four polyvalent et les moules \u00e0 souffl\u00e9 de <strong>Silvercrest<\/strong>, id\u00e9aux pour toutes vos cr\u00e9ations culinaires. Profitez d\u2019<a href=\"https:\/\/www.apero-bordeaux.fr\/ufc-que-choisir-devoile-les-3-meilleurs-airfryer-de-2025-le-n3-est-a-moins-de-100-euros-en-ce-moment\/\" target=\"_blank\" rel=\"noopener\">une cuisson homog\u00e8ne gr\u00e2ce \u00e0 son mat\u00e9riau<\/a> de haute qualit\u00e9. Disponible \u00e0 seulement <strong>5,99\u20ac<\/strong>, ou <strong>4,99\u20ac<\/strong> avec la carte Lidl Plus, il s\u2019agit d\u2019un incontournable pour vos repas.<\/p>\n<p>Couteaux de cuisine Silvercrest<\/p>\n<p>Le set de couteaux de cuisine Silvercrest offre une pr\u00e9cision de coupe exceptionnelle. Comprenant un couteau polyvalent et un couteau \u00e0 pain, cet ensemble est parfait pour toutes vos pr\u00e9parations. Son prix attractif de <strong>3,99\u20ac<\/strong> fait de cet ensemble un choix judicieux pour \u00e9quiper votre cuisine.<\/p>\n<p>Appareil \u00e0 raclette et fondue Silvercrest<\/p>\n<p>Profitez d\u2019un repas convivial et chaleureux avec l\u2019appareil \u00e0 raclette et fondue Silvercrest, d\u2019une puissance de <strong>1400 W<\/strong>. Cet appareil est parfait pour les amateurs de fromage fondu. Disponible d\u00e8s maintenant \u00e0 <strong>39,99\u20ac<\/strong>, il promet de sublimer vos soir\u00e9es d\u2019hiver.<\/p>\n<p>Appareil \u00e0 fondue Silvercrest<\/p>\n<p>Le mod\u00e8le fondue de Silvercrest, avec une capacit\u00e9 de <strong>3L<\/strong> et une puissance de <strong>1500 W<\/strong>, est id\u00e9al pour les grandes tabl\u00e9es. Propos\u00e9 \u00e0 <strong>24,99\u20ac<\/strong>, il s\u2019affirme comme l\u2019\u00e9quipement parfait pour des moments gourmands et partag\u00e9s.<\/p>\n<p>Ustensiles de cuisine Silvercrest<\/p>\n<p>Agr\u00e9mentez votre cuisine avec les ustensiles pratiques de Silvercrest, disponibles au prix de <strong>2,29\u20ac<\/strong>. Ces accessoires, allant de l\u2019\u00e9plucheur au coupe-pomme, facilitent vos pr\u00e9parations culinaires au quotidien, offrant efficacit\u00e9 et simplicit\u00e9.<\/p>\n<p>Couverts en acier inoxydable Silvercrest<\/p>\n<p>\u00c9l\u00e9gants et r\u00e9sistants, les couverts en acier inoxydable de Silvercrest sont propos\u00e9s en sets de 24 pi\u00e8ces pour six personnes. \u00c0 seulement <strong>14,89\u20ac<\/strong>, ces couverts sont parfaits pour embellir vos tables et accompagner vos repas avec style.<\/p>\n<p><img loading=\"lazy\" alt=\"\" decoding=\"async\" width=\"1024\" height=\"824\" src=\"data:image\/svg+xml,%3Csvg%20xmlns=\" http:=\"\" data-lazy- data-lazy- data-lazy-src=\"https:\/\/www.europesays.com\/fr\/wp-content\/uploads\/2025\/11\/capture-decran-2025-11-29-103923-1-1024x824.jpg\"\/><\/p>\n<p>Silvercrest\u00ae Faitouts Premium<\/p>\n<p>D\u00e9couvrez le set de faitouts Silvercrest\u00ae Premium, id\u00e9al pour toutes vos cr\u00e9ations culinaires. Compos\u00e9 de 5 pi\u00e8ces robustes et \u00e9l\u00e9gantes, ce set est compatible avec tous les types de feux, y compris l\u2019induction. Profitez d\u2019une cuisine uniforme gr\u00e2ce \u00e0 sa conception en acier inoxydable de haute qualit\u00e9. Ce set est disponible pour seulement <strong>59 \u20ac<\/strong>, une v\u00e9ritable aubaine pour les amateurs de cuisine raffin\u00e9e.<\/p>\n<p>Silvercrest\u00ae Po\u00eale en acier inoxydable Premium<\/p>\n<p>La po\u00eale en acier inoxydable Silvercrest\u00ae est un incontournable pour saisir et cuire parfaitement vos plats pr\u00e9f\u00e9r\u00e9s. Avec son diam\u00e8tre de 28 cm, elle est parfaite pour une <a href=\"https:\/\/www.apero-bordeaux.fr\/escalopes-dinde-panees-airfryer-recette-facile-rapide-diner-delicieux\/\" target=\"_blank\" rel=\"noopener\">cuisson rapide et uniforme<\/a>. Compatible avec tous les feux, y compris l\u2019induction, elle est propos\u00e9e au prix attractif de seulement <strong>14,99 \u20ac<\/strong>.<\/p>\n<p>Livarno Home Autocuiseur<\/p>\n<p>L\u2019autocuiseur Livarno Home est con\u00e7u pour simplifier vos pr\u00e9parations culinaires gr\u00e2ce \u00e0 sa capacit\u00e9 de 6 litres et son panier vapeur inclus. Mesurant 22 cm de diam\u00e8tre, il est id\u00e9al pour cuisiner pour toute la famille. Sa s\u00e9curit\u00e9 et efficacit\u00e9 vous sont offertes au prix exceptionnel de <strong>34,99 \u20ac<\/strong>.<\/p>\n<p>Silvercrest\u00ae Moulin \u00e0 sel\/poivre \u00e9lectrique<\/p>\n<p>Ajoutez une touche d\u2019\u00e9l\u00e9gance \u00e0 vos repas avec ce moulin \u00e0 sel\/poivre \u00e9lectrique Silvercrest\u00ae. Sa finition en acier inoxydable garantit une durabilit\u00e9 et un style irr\u00e9prochable. Facile \u00e0 utiliser, il est disponible pour seulement <strong>7,99 \u20ac<\/strong>.<\/p>\n<p>Silvercrest\u00ae Mixeur plongeant Premium<\/p>\n<p>Le mixeur plongeant Silvercrest\u00ae Premium, puissant avec ses 1000 W, vous permettra de r\u00e9aliser des soupes, sauces et smoothies avec facilit\u00e9. Son design \u00e9l\u00e9gant en acier et son bol inclus rendent cet outil indispensable dans votre cuisine pour seulement <strong>19,99 \u20ac<\/strong>.<\/p>\n<p>Silvercrest\u00ae Passoires en acier inoxydable<\/p>\n<p>Cet ensemble de passoires en acier inoxydable Silvercrest\u00ae comprend trois tailles diff\u00e9rentes, id\u00e9ales pour rincer et \u00e9goutter vos ingr\u00e9dients. Elles sont d\u00e9sormais en promotion \u00e0 <strong>3,99 \u20ac<\/strong> au lieu de 4,99 \u20ac, offrant une r\u00e9duction de 20%.<\/p>\n<p>Silvercrest\u00ae Hachoir multifonction<\/p>\n<p>Simplifiez vos pr\u00e9parations avec le hachoir multifonction Silvercrest\u00ae. Son bol en verre vous permet de surveiller le processus de m\u00e9lange et d\u2019hachage sans effort. Un atout pour votre cuisine \u00e0 seulement <strong>14,99 \u20ac<\/strong>.<\/p>\n<p><img loading=\"lazy\" alt=\"\" decoding=\"async\" width=\"1024\" height=\"827\" src=\"data:image\/svg+xml,%3Csvg%20xmlns=\" http:=\"\" data-lazy- data-lazy- data-lazy-src=\"https:\/\/www.europesays.com\/fr\/wp-content\/uploads\/2025\/11\/capture-decran-2025-11-29-103919-1-1024x827.jpg\"\/><\/p>\n<p>Silvercrest Cafeti\u00e8re \u00e0 Filtre Thermique<\/p>\n<p>D\u00e9couvrez la <strong>cafeti\u00e8re \u00e0 filtre thermique Silvercrest<\/strong>, id\u00e9ale pour les amateurs de caf\u00e9. Avec une puissance de 900 W, elle est con\u00e7ue pour pr\u00e9parer jusqu\u2019\u00e0 10 tasses. Dot\u00e9e d\u2019un minuteur 24h et de 3 intensit\u00e9s de caf\u00e9, elle s\u2019adapte \u00e0 vos besoins. Disponible \u00e0 un prix attractif de <strong>34,99 \u20ac<\/strong>, cette cafeti\u00e8re est un choix parfait pour votre cuisine.<\/p>\n<p>Silvercrest Grille-pain Double<\/p>\n<p>Le <strong>grille-pain double Silvercrest<\/strong> est un appareil indispensable pour vos petits d\u00e9jeuners. Avec une puissance de 850 W, il garantit une torr\u00e9faction uniforme de vos tranches de pain. Profitez de sa technologie \u00e0 seulement <strong>19,89 \u20ac<\/strong> et commencez vos journ\u00e9es avec des toasts parfaitement grill\u00e9s.<\/p>\n<p>Silvercrest Bouilloire<\/p>\n<p>\u00c9quipez votre cuisine avec la <strong>bouilloire Silvercrest<\/strong>, d\u2019une capacit\u00e9 maximale de 1,7 L et une puissance de 3 000 W, elle permet une \u00e9bullition rapide. Disponible en ligne et en magasin, elle est au prix de <strong>19,89 \u20ac<\/strong>, <a href=\"https:\/\/www.apero-bordeaux.fr\/a-moins-de-15e-cet-accessoire-lidl-valide-par-lufc-que-choisir-fait-le-bonheur-des-buveurs-de-the-et-cafe\/\" target=\"_blank\" rel=\"noopener\">un excellent rapport qualit\u00e9-prix pour vos boissons chaudes<\/a> favorites.<\/p>\n<p>Silvercrest Presse-agrumes<\/p>\n<p>Le <strong>presse-agrumes Silvercrest<\/strong> est parfait pour obtenir des jus frais et vitamin\u00e9s chaque matin. Avec un c\u00f4ne de pressage adaptable \u00e0 diff\u00e9rentes tailles d\u2019agrumes et une capacit\u00e9 de 280 ml, il est propos\u00e9 \u00e0 seulement <strong>17,99 \u20ac<\/strong>. Savourez des jus d\u00e9licieux et sains en toute simplicit\u00e9.<\/p>\n<p>Silvercrest Mousseur \u00e0 Lait<\/p>\n<p>Transformez vos caf\u00e9s en v\u00e9ritables cappuccinos avec le <strong>mousseur \u00e0 lait Silvercrest<\/strong>. Dot\u00e9 de 4 programmes au choix et d\u2019une puissance de 500 W, cet appareil vous permet de cr\u00e9er des mousses onctueuses pour seulement <strong>19,99 \u20ac<\/strong>. Un accessoire incontournable pour les amateurs de caf\u00e9.<\/p>\n<p><img loading=\"lazy\" alt=\"\" decoding=\"async\" width=\"1024\" height=\"836\" src=\"data:image\/svg+xml,%3Csvg%20xmlns=\" http:=\"\" data-lazy- data-lazy- data-lazy-src=\"https:\/\/www.europesays.com\/fr\/wp-content\/uploads\/2025\/11\/capture-decran-2025-11-29-103915-1024x836.jpg\"\/><\/p>\n<p>                         <a href=\"https:\/\/www.apero-bordeaux.fr\/author\/denis-racine\/\" class=\"url\" title=\"Denis Racine\" target=\"_blank\" rel=\"noopener\"> <img loading=\"lazy\" decoding=\"async\" alt=\"Denis Racine\" src=\"data:image\/svg+xml,%3Csvg%20xmlns=\" http:=\"\" data-lazy- class=\"avatar avatar-250 photo\" height=\"250\" width=\"250\" data-lazy-src=\"https:\/\/www.europesays.com\/fr\/wp-content\/uploads\/2025\/09\/user-avatar-1-250x250.png\"\/><\/a> <\/p>\n<p>Passionn\u00e9 de vin et de terroir fran\u00e7ais chez Apero Bordeaux<\/p>\n<p>Bonjour, je m&rsquo;appelle Denis et j&rsquo;ai 41 ans. Grand passionn\u00e9 de vin et de produits du terroir fran\u00e7ais, je partage mes connaissances pour vous aider \u00e0 faire les meilleurs choix en mati\u00e8re de bouteilles et d&rsquo;accords mets-vins. \u00c0 travers mes conseils, je vous accompagne dans la d\u00e9couverte de crus d\u2019exception et de produits authentiques, pour sublimer chaque repas et c\u00e9l\u00e9brer le savoir-faire de nos r\u00e9gions. Parce qu\u2019un bon vin s\u2019appr\u00e9cie encore plus lorsqu\u2019il est bien choisi et bien accompagn\u00e9 !<\/p>\n<p> <a href=\"https:\/\/www.apero-bordeaux.fr\/author\/denis-racine\/\" class=\"url\" title=\"Denis Racine\" target=\"_blank\" rel=\"noopener\"><img loading=\"lazy\" decoding=\"async\" alt=\"Denis Racine\" src=\"data:image\/svg+xml,%3Csvg%20xmlns=\" http:=\"\" data-lazy- class=\"avatar avatar-250 photo\" height=\"250\" width=\"250\" data-lazy-src=\"https:\/\/www.europesays.com\/fr\/wp-content\/uploads\/2025\/09\/user-avatar-1-250x250.png\"\/><\/a>Les derniers articles par Denis Racine (<a href=\"https:\/\/www.apero-bordeaux.fr\/author\/denis-racine\/\" target=\"_blank\" rel=\"noopener\">tout voir<\/a>)  <\/p>\n","protected":false},"excerpt":{"rendered":"Chez apero-bordeaux.fr, nous sommes toujours \u00e0 l\u2019aff\u00fbt des meilleures offres en cuisine, particuli\u00e8rement celles de Lidl. D\u00e9couvrez les&hellip;\n","protected":false},"author":2,"featured_media":567042,"comment_status":"","ping_status":"","sticky":false,"template":"","format":"standard","meta":{"footnotes":""},"categories":[6],"tags":[35,33,34,1011,27],"class_list":{"0":"post-567041","1":"post","2":"type-post","3":"status-publish","4":"format-standard","5":"has-post-thumbnail","7":"category-economie","8":"tag-business","9":"tag-economie","10":"tag-economy","11":"tag-fr","12":"tag-france"},"share_on_mastodon":{"url":"","error":""},"_links":{"self":[{"href":"https:\/\/www.europesays.com\/fr\/wp-json\/wp\/v2\/posts\/567041","targetHints":{"allow":["GET"]}}],"collection":[{"href":"https:\/\/www.europesays.com\/fr\/wp-json\/wp\/v2\/posts"}],"about":[{"href":"https:\/\/www.europesays.com\/fr\/wp-json\/wp\/v2\/types\/post"}],"author":[{"embeddable":true,"href":"https:\/\/www.europesays.com\/fr\/wp-json\/wp\/v2\/users\/2"}],"replies":[{"embeddable":true,"href":"https:\/\/www.europesays.com\/fr\/wp-json\/wp\/v2\/comments?post=567041"}],"version-history":[{"count":0,"href":"https:\/\/www.europesays.com\/fr\/wp-json\/wp\/v2\/posts\/567041\/revisions"}],"wp:featuredmedia":[{"embeddable":true,"href":"https:\/\/www.europesays.com\/fr\/wp-json\/wp\/v2\/media\/567042"}],"wp:attachment":[{"href":"https:\/\/www.europesays.com\/fr\/wp-json\/wp\/v2\/media?parent=567041"}],"wp:term":[{"taxonomy":"category","embeddable":true,"href":"https:\/\/www.europesays.com\/fr\/wp-json\/wp\/v2\/categories?post=567041"},{"taxonomy":"post_tag","embeddable":true,"href":"https:\/\/www.europesays.com\/fr\/wp-json\/wp\/v2\/tags?post=567041"}],"curies":[{"name":"wp","href":"https:\/\/api.w.org\/{rel}","templated":true}]}}