{"id":567043,"date":"2025-11-29T16:56:13","date_gmt":"2025-11-29T16:56:13","guid":{"rendered":"https:\/\/www.europesays.com\/fr\/567043\/"},"modified":"2025-11-29T16:56:13","modified_gmt":"2025-11-29T16:56:13","slug":"ce-classement-des-medias-delinquants-de-la-semaine-revele-le-pire-de-ladministration-trump","status":"publish","type":"post","link":"https:\/\/www.europesays.com\/fr\/567043\/","title":{"rendered":"Ce classement des \u00ab\u00a0m\u00e9dias d\u00e9linquants de la semaine\u00a0\u00bb r\u00e9v\u00e8le le pire de l\u2019administration Trump"},"content":{"rendered":"<p>        <img decoding=\"async\" loading=\"lazy\" src=\"https:\/\/www.europesays.com\/fr\/wp-content\/uploads\/2025\/11\/8383e10_upload-1-wxj6cvoxp47e-afp-20251127-86dh8hf-v1-highres-uscrimenationalguard.jpg\"  width=\"728\" height=\"410\" alt=\"La Maison Blanche, \u00e0 Washington, le 27\u00a0novembre 2025.\"\/>  <\/p>\n<p>MANDEL NGAN \/ AFP<\/p>\n<p>La Maison Blanche, \u00e0 Washington, le 27\u00a0novembre 2025.<\/p>\n<p>      <strong>EN BREF<\/strong> <strong>\u2022 <\/strong>L\u2019administration Trump lance une section \u00ab\u00a0M\u00e9dia d\u00e9linquant de la semaine\u00a0\u00bb sur le site de la Maison Blanche.<br \/><strong>\u2022 <\/strong>Les grands m\u00e9dias CBS News, le Boston Globe et The Independent sont les premiers m\u00e9dias \u00e9pingl\u00e9s.<br \/><strong>\u2022 <\/strong>La Maison Blanche a aussi \u00e9tabli un \u00ab\u00a0Panth\u00e9on de la honte\u00a0\u00bb, affirmant que certains m\u00e9dias sont des \u00ab\u00a0r\u00e9cidivistes\u00a0\u00bb de la d\u00e9sinformation.                         <\/p>\n<p class=\"asset asset-text\">L\u2019administration Trump n\u2019est plus \u00e0 une \u00e9normit\u00e9 pr\u00e8s. Elle a inaugur\u00e9 vendredi 28\u00a0novembre une nouvelle section sur le site Internet de la Maison Blanche, intitul\u00e9e le \u00ab\u00a0M\u00e9dia d\u00e9linquant de la semaine\u00a0\u00bb.<\/p>\n<p class=\"asset asset-text\"><a href=\"https:\/\/www.whitehouse.gov\/mediabias\/?query-47-page=3&amp;cst\" target=\"_blank\" rel=\"noopener\" title=\"Nouvelle fen\u00eatre\">Sur cette page<\/a> s\u2019affiche d\u2019embl\u00e9e et en gros les termes \u00ab\u00a0Trompeurs\u00a0; partiaux\u00a0; d\u00e9masqu\u00e9s\u00a0\u00bb, suivis d\u2019une liste de m\u00e9dias et de journalistes \u00e9pingl\u00e9s par la Maison Blanche. CBS News, le Boston Globe et The Independent ont \u00ab\u00a0l\u2019honneur\u00a0\u00bb d\u2019\u00eatre les premiers m\u00e9dias cit\u00e9s.<\/p>\n<p class=\"asset asset-text\">Le site affirme que ces m\u00e9dias ont \u00e9t\u00e9 sanctionn\u00e9s pour avoir rapport\u00e9 des faits qui \u00ab\u00a0d\u00e9forment et exag\u00e8rent les appels du pr\u00e9sident Trump \u00e0 la responsabilisation des d\u00e9mocrates\u00a0\u00bb, comme le rapporte <a href=\"https:\/\/www.hollywoodreporter.com\/news\/politics-news\/white-house-trump-media-offender-of-the-week-website-1236437600\/\" target=\"_blank\" rel=\"noopener\" title=\"Nouvelle fen\u00eatre\">The Hollywood Reporter<\/a>. Plus pr\u00e9cis\u00e9ment, la Maison Blanche accuse ces diff\u00e9rents m\u00e9dias d\u2019avoir d\u00e9form\u00e9 \u00ab\u00a0l\u2019appel de Trump \u00e0 ce que les membres du Congr\u00e8s soient tenus responsables d\u2019incitation \u00e0 la s\u00e9dition, en affirmant qu\u2019il avait appel\u00e9 \u00e0 leur \u201cex\u00e9cution\u201d\u00a0\u00bb.<\/p>\n<p> La lecture de ce contenu est susceptible d\u2019entra\u00eener un d\u00e9p\u00f4t de cookies de la part de l\u2019op\u00e9rateur tiers qui l\u2019h\u00e9berge. Compte-tenu des choix que vous avez exprim\u00e9s en mati\u00e8re de d\u00e9p\u00f4t de cookies, nous avons bloqu\u00e9 l\u2019affichage de ce contenu. Si vous souhaitez y acc\u00e9der, vous devez accepter la cat\u00e9gorie de cookies \u201cContenus tiers\u201d en cliquant sur le bouton ci-dessous. <\/p>\n<p> Lire la Vid\u00e9o        <\/p>\n<p class=\"asset asset-text\">Une r\u00e9f\u00e9rence \u00e0 la publication d\u2019une vid\u00e9o plus t\u00f4t dans la semaine dans laquelle le s\u00e9nateur d\u00e9mocrate Mark Kelly, et cinq autres membres du Congr\u00e8s, affirmaient aupr\u00e8s des troupes qu\u2019elles pouvaient d\u00e9sob\u00e9ir \u00e0 des ordres ill\u00e9gaux et leur rappelaient leur serment de d\u00e9fendre la Constitution.<\/p>\n<p class=\"asset asset-text\">Le pr\u00e9sident avait d\u00e9nonc\u00e9 sur Truth Social un \u00ab\u00a0COMPORTEMENT S\u00c9DITIEUX AU PLUS HAUT NIVEAU\u00a0\u00bb, ajoutant que \u00ab\u00a0chacun de ces tra\u00eetres \u00e0 notre pays devrait \u00eatre ARR\u00caT\u00c9 ET JUG\u00c9 EN JUSTICE\u00a0\u00bb. \u00ab\u00a0PENDEZ-LES\u00a0! GEORGE WASHINGTON L\u2019AURAIT FAIT\u00a0!\u00a0\u00bb, <a href=\"https:\/\/www.huffingtonpost.fr\/international\/video\/trump-menace-des-elus-democrates-de-la-peine-de-mort-l-une-d-eux-visee-par-une-alerte-a-la-bombe_257430.html\" target=\"_blank\" rel=\"noopener\">avait-il m\u00eame tonn\u00e9<\/a>. De quoi provoquer la bronca dans l\u2019opposition.<\/p>\n<p>    \u00ab\u00a0Panth\u00e9on de la honte\u00a0\u00bb    <\/p>\n<p class=\"asset asset-text\">Sur ses r\u00e9seaux sociaux, la Maison Blanche <a href=\"https:\/\/www.huffingtonpost.fr\/international\/article\/donald-trump-adoucit-un-peu-ses-propos-visant-les-democrates-qui-appellent-a-la-desobeissance_257437.html\" target=\"_blank\" rel=\"noopener\">avait d\u00fb pr\u00e9ciser apr\u00e8s coup<\/a>\u00a0: \u00ab\u00a0Les d\u00e9mocrates et les m\u00e9dias qui diffusent de fausses informations ont insinu\u00e9 que le pr\u00e9sident Trump avait donn\u00e9 des ordres ill\u00e9gaux aux militaires. Tous les ordres donn\u00e9s par le pr\u00e9sident Trump \u00e9taient l\u00e9gaux. Il est dangereux pour des membres du Congr\u00e8s en exercice d\u2019inciter \u00e0 l\u2019insubordination au sein de l\u2019arm\u00e9e am\u00e9ricaine, et le pr\u00e9sident Trump a exig\u00e9 qu\u2019ils rendent des comptes.\u00a0\u00bb<\/p>\n<p class=\"asset asset-text\">Sur la page web nouvellement cr\u00e9\u00e9e par la Maison Blanche, la vid\u00e9o de Mark Kelly est d\u2019ailleurs mise en avant. Outre ceux d\u00e9j\u00e0 cit\u00e9s, d\u2019autres m\u00e9dias sont par ailleurs brocard\u00e9s par la Maison Blanche dans un \u00ab\u00a0Panth\u00e9on de la honte\u00a0\u00bb toujours sur la m\u00eame page\u00a0: le Washington Post, CBS News, CNN, MSNBC&#8230;<\/p>\n<p class=\"asset asset-text\">La page nomme \u00e9galement plusieurs m\u00e9dias \u00ab\u00a0r\u00e9cidivistes\u00a0\u00bb qui \u00ab\u00a0ne se contentent pas de se tromper\u00a0\u00bb, mais le \u00ab\u00a0font sans cesse\u00a0\u00bb. Ici, la liste est encore plus longue\u00a0: Axios, le New York Times, KTLA Los Angeles, People, Politico, le Los Angeles Times, The Daily Beast, The Hill, la BBC, ABC News, USA Today&#8230; Une section permet \u00e9galement aux visiteurs de s\u00e9lectionner l\u2019un de ces m\u00e9dias dans un menu d\u00e9roulant afin de consulter l\u2019\u00ab\u00a0infraction\u00a0\u00bb pr\u00e9cise qui lui est reproch\u00e9e.<\/p>\n<p class=\"asset asset-text\">\u00ab\u00a0La Maison Blanche de Donald Trump tient les Fake News responsables comme jamais auparavant\u00a0\u00bb, s\u2019est vant\u00e9e la porte-parole <a href=\"https:\/\/www.huffingtonpost.fr\/international\/video\/a-la-maison-blanche-l-ambiance-en-salle-de-presse-a-bien-change-et-ca-n-a-rien-d-anodin_249904.html\" target=\"_blank\" rel=\"noopener\">Karoline Leavitt<\/a> sur X. De quoi inqui\u00e9ter encore un peu plus sur la libert\u00e9 de la presse aux \u00c9tats-Unis.<\/p>\n","protected":false},"excerpt":{"rendered":"MANDEL NGAN \/ AFP La Maison Blanche, \u00e0 Washington, le 27\u00a0novembre 2025. EN BREF \u2022 L\u2019administration Trump lance&hellip;\n","protected":false},"author":2,"featured_media":567044,"comment_status":"","ping_status":"","sticky":false,"template":"","format":"standard","meta":{"footnotes":""},"categories":[5],"tags":[11,73,1011,27,14,78,500,12,28],"class_list":{"0":"post-567043","1":"post","2":"type-post","3":"status-publish","4":"format-standard","5":"has-post-thumbnail","7":"category-international","8":"tag-actualites","9":"tag-etats-unis","10":"tag-fr","11":"tag-france","12":"tag-international","13":"tag-maison-blanche","14":"tag-medias","15":"tag-news","16":"tag-world"},"share_on_mastodon":{"url":"https:\/\/pubeurope.com\/@fr\/115634047908887000","error":""},"_links":{"self":[{"href":"https:\/\/www.europesays.com\/fr\/wp-json\/wp\/v2\/posts\/567043","targetHints":{"allow":["GET"]}}],"collection":[{"href":"https:\/\/www.europesays.com\/fr\/wp-json\/wp\/v2\/posts"}],"about":[{"href":"https:\/\/www.europesays.com\/fr\/wp-json\/wp\/v2\/types\/post"}],"author":[{"embeddable":true,"href":"https:\/\/www.europesays.com\/fr\/wp-json\/wp\/v2\/users\/2"}],"replies":[{"embeddable":true,"href":"https:\/\/www.europesays.com\/fr\/wp-json\/wp\/v2\/comments?post=567043"}],"version-history":[{"count":0,"href":"https:\/\/www.europesays.com\/fr\/wp-json\/wp\/v2\/posts\/567043\/revisions"}],"wp:featuredmedia":[{"embeddable":true,"href":"https:\/\/www.europesays.com\/fr\/wp-json\/wp\/v2\/media\/567044"}],"wp:attachment":[{"href":"https:\/\/www.europesays.com\/fr\/wp-json\/wp\/v2\/media?parent=567043"}],"wp:term":[{"taxonomy":"category","embeddable":true,"href":"https:\/\/www.europesays.com\/fr\/wp-json\/wp\/v2\/categories?post=567043"},{"taxonomy":"post_tag","embeddable":true,"href":"https:\/\/www.europesays.com\/fr\/wp-json\/wp\/v2\/tags?post=567043"}],"curies":[{"name":"wp","href":"https:\/\/api.w.org\/{rel}","templated":true}]}}