{"id":567055,"date":"2025-11-29T17:06:21","date_gmt":"2025-11-29T17:06:21","guid":{"rendered":"https:\/\/www.europesays.com\/fr\/567055\/"},"modified":"2025-11-29T17:06:21","modified_gmt":"2025-11-29T17:06:21","slug":"top-14-le-sort-sacharne-sur-thomas-fortunel-louvreur-de-montauban-sorti-apres-25-minutes-de-jeu-contre-toulon","status":"publish","type":"post","link":"https:\/\/www.europesays.com\/fr\/567055\/","title":{"rendered":"Top 14\u00a0: le sort s\u2019acharne sur Thomas Fortunel, l\u2019ouvreur de Montauban, sorti apr\u00e8s 25 minutes de jeu contre Toulon"},"content":{"rendered":"<p>\n                                                                    l&rsquo;essentiel<br \/>\n                                                                Pour son retour \u00e0 la comp\u00e9tition avec son club de l\u2019US Montauban, Thomas Fortunel n\u2019aura pass\u00e9 que 25 minutes sur la pelouse. L\u2019ouvreur a \u00e9t\u00e9 victime d\u2019un plaquage appuy\u00e9 de David Ribbans \u00e0 la r\u00e9ception d\u2019une chandelle.\n                            <\/p>\n<p>Pour son retour \u00e0 la comp\u00e9tition face \u00e0 Toulon, samedi 29\u00a0novembre 2025, pour la 11e journ\u00e9e de Top 14, Thomas Fortunel esp\u00e9rait \u00e9videmment mieux. Mais le demi d\u2019ouveerture de l\u2019US Montauban a d\u00fb quitter ses partenaires \u00e0 la 25e minute de jeu.<\/p>\n<p class=\"std-elt__inline\">\n        <strong>\u00c0 lire aussi :<\/strong><br \/>\n        <a href=\"https:\/\/www.ladepeche.fr\/2025\/10\/31\/rugby-top-14-pourquoi-thomas-fortunel-nest-pas-dans-le-xv-de-depart-de-montauban-a-bayonne-13026275.php\" target=\"_blank\" rel=\"noopener\">Rugby (Top 14). Pourquoi Thomas Fortunel n&rsquo;est pas dans le XV de d\u00e9part de Montauban \u00e0 Bayonne<\/a>\n    <\/p>\n<p>L\u2019ancien Castrais et Grenoblois, n\u00e9 en Tarn-et-Garonne, est sorti touch\u00e9 et remplac\u00e9 par le jeune Romain Fonnicola. La faute \u00e0 une action qui s\u2019est d\u00e9roul\u00e9e au quart d\u2019heure de jeu. Le num\u00e9ro\u00a010 casqu\u00e9 est \u00e0 la r\u00e9ception d\u2019une chandelle dans ses 40 m\u00e8tres.<\/p>\n<p>Un plaquage dans le dos sous une chandelle<\/p>\n<p>Sur l\u2019action, le deuxi\u00e8me ligne du RCT David Ribbans met la pression. Fortunel rel\u00e2che le ballon. Mais le capitaine varois n\u2019arr\u00eate pas son action et vient percuter dans le dos l\u2019enfant de l\u2019Honor-de-Cos.<\/p>\n<p class=\"std-elt__inline\">\n        <strong>\u00c0 lire aussi :<\/strong><br \/>\n        <a href=\"https:\/\/www.ladepeche.fr\/2025\/11\/29\/top-14-la-belle-ovation-du-stade-mayol-pour-le-retour-de-sebastien-tillous-borde-avec-montauban-13081439.php\" target=\"_blank\" rel=\"noopener\">Top 14\u00a0: la belle ovation du stade Mayol de Toulon pour le retour de S\u00e9bastien Tillous-Borde avec Montauban<\/a>\n    <\/p>\n<p>Sur l\u2019action, les Toulonnais vont inscrire un essai par Mathieu Sma\u00efli, le troisi\u00e8me de l\u2019apr\u00e8s-midi (21-0 \u00e0 ce moment-l\u00e0). Fortunel, lui, reste de tr\u00e8s longues secondes au sol, sans que les arbitres de la rencontre ne souhaitent revoir l\u2019action engag\u00e9e.<\/p>\n<p>10 minutes \u00e0 serrer les dents<\/p>\n<p>Apr\u00e8s 10 minutes \u00e0 tenter de r\u00e9sister, Thomas Fortunel est finalement coach\u00e9 par son staff. Andr\u00e9 Hough, ancien ouvreur de m\u00e9tier et d\u00e9sormais entra\u00eeneur des arri\u00e8res de l\u2019USM, est all\u00e9 r\u00e9conforter son joueur \u00e0 sa sortie du terrain.<\/p>\n<p>Depuis l\u2019ouverture du Top 14, \u00ab\u00a0Fortu\u00a0\u00bb comme il est surnomm\u00e9, est victime d\u2019une avalanche de blessures. Lors du match d\u2019ouverture contre le Stade fran\u00e7ais, il est sorti avant la demi-heure, victime d\u2019une commotion apr\u00e8s un plaquage haut du troisi\u00e8me ligne Romain Briatte.<\/p>\n<p>De nombreux p\u00e9pins cette saison<\/p>\n<p>Ensuite, \u00e0 chaque fois qu\u2019il \u00e9tait inscrit sur la feuille de match, le trentenaire form\u00e9 \u00e0 Montauban a connu des p\u00e9pins physiques lors des derni\u00e8res s\u00e9ances de la semaine (main, adducteurs\u2026) qui ont retard\u00e9 son retour dans l\u2019\u00c9lite.<\/p>\n<p>Il est \u00e0 craindre, une nouvelle fois, que Thomas Fortunel soit absent plusieurs semaines. Il pourrait manquer la Challenge Cup (d\u00e9placement \u00e0 Parme le 6\u00a0d\u00e9cembre, r\u00e9ception des Ospreys le 13). Reste \u00e0 savoir s\u2019il sera remis sur pied pour la venue de Pau en championnat, le 20\u00a0d\u00e9cembre.<\/p>\n","protected":false},"excerpt":{"rendered":"l&rsquo;essentiel Pour son retour \u00e0 la comp\u00e9tition avec son club de l\u2019US Montauban, Thomas Fortunel n\u2019aura pass\u00e9 que&hellip;\n","protected":false},"author":2,"featured_media":567056,"comment_status":"","ping_status":"","sticky":false,"template":"","format":"standard","meta":{"footnotes":""},"categories":[9619],"tags":[1111,11,1777,674,1011,27,12,882,25,2310],"class_list":{"0":"post-567055","1":"post","2":"type-post","3":"status-publish","4":"format-standard","5":"has-post-thumbnail","7":"category-toulon","8":"tag-actu","9":"tag-actualites","10":"tag-eu","11":"tag-europe","12":"tag-fr","13":"tag-france","14":"tag-news","15":"tag-provence-alpes-cote-dazur","16":"tag-republique-francaise","17":"tag-toulon"},"share_on_mastodon":{"url":"https:\/\/pubeurope.com\/@fr\/115634083250800502","error":""},"_links":{"self":[{"href":"https:\/\/www.europesays.com\/fr\/wp-json\/wp\/v2\/posts\/567055","targetHints":{"allow":["GET"]}}],"collection":[{"href":"https:\/\/www.europesays.com\/fr\/wp-json\/wp\/v2\/posts"}],"about":[{"href":"https:\/\/www.europesays.com\/fr\/wp-json\/wp\/v2\/types\/post"}],"author":[{"embeddable":true,"href":"https:\/\/www.europesays.com\/fr\/wp-json\/wp\/v2\/users\/2"}],"replies":[{"embeddable":true,"href":"https:\/\/www.europesays.com\/fr\/wp-json\/wp\/v2\/comments?post=567055"}],"version-history":[{"count":0,"href":"https:\/\/www.europesays.com\/fr\/wp-json\/wp\/v2\/posts\/567055\/revisions"}],"wp:featuredmedia":[{"embeddable":true,"href":"https:\/\/www.europesays.com\/fr\/wp-json\/wp\/v2\/media\/567056"}],"wp:attachment":[{"href":"https:\/\/www.europesays.com\/fr\/wp-json\/wp\/v2\/media?parent=567055"}],"wp:term":[{"taxonomy":"category","embeddable":true,"href":"https:\/\/www.europesays.com\/fr\/wp-json\/wp\/v2\/categories?post=567055"},{"taxonomy":"post_tag","embeddable":true,"href":"https:\/\/www.europesays.com\/fr\/wp-json\/wp\/v2\/tags?post=567055"}],"curies":[{"name":"wp","href":"https:\/\/api.w.org\/{rel}","templated":true}]}}