{"id":567057,"date":"2025-11-29T17:07:11","date_gmt":"2025-11-29T17:07:11","guid":{"rendered":"https:\/\/www.europesays.com\/fr\/567057\/"},"modified":"2025-11-29T17:07:11","modified_gmt":"2025-11-29T17:07:11","slug":"professeur-syndicaliste-defenseur-du-droit-du-travail-gilet-jaune-le-montpellierain-richard-abauzit-est-decede","status":"publish","type":"post","link":"https:\/\/www.europesays.com\/fr\/567057\/","title":{"rendered":"Professeur, syndicaliste, d\u00e9fenseur du droit du travail, gilet jaune\u00a0: le Montpelli\u00e9rain Richard Abauzit est d\u00e9c\u00e9d\u00e9"},"content":{"rendered":"<p>\n                                                                Cet ancien enseignant, tr\u00e8s attach\u00e9 \u00e0 la justice sociale, s\u2019est \u00e9teint \u00e0 l\u2019\u00e2ge de 76 ans. Ceux qui l\u2019ont crois\u00e9 dans son quartier de Clemenceau ou lors de mobilisations ne l\u2019oublieront pas.\n                            <\/p>\n<p>Figure du quartier Clemenceau, inspecteur du travail, professeur des \u00e9coles, militant, syndicaliste\u2026 Richard Abauzit est d\u00e9c\u00e9d\u00e9 ce jeudi 27\u00a0novembre, \u00e0 l\u2019\u00e2ge de 76 ans, victime d\u2019une longue\u00a0maladie.<\/p>\n<p>Ceux qui l\u2019ont crois\u00e9 n\u2019oublieront pas cet homme barbu aux cheveux dans le vent. Sp\u00e9cialiste du droit du travail, il avait particip\u00e9 \u00e0 d\u2019innombrables actions depuis plus de trente ans dans les quartiers sud et ouest de Montpellier.<\/p>\n<p>Et s\u2019il avait pris sa retraite, il restait mobilis\u00e9 pour davantage de justice sociale. Gilet jaune pendant de longues ann\u00e9es, il repr\u00e9sentait le mouvement sur le rond-point des Pr\u00e9s-d\u2019Ar\u00e8nes, qui \u00e9tait rest\u00e9 le dernier mobilis\u00e9.<\/p>\n<p>Attach\u00e9 \u00e0 son quartier de Clemenceau<\/p>\n<p>Il avait men\u00e9 et gagn\u00e9 un dernier combat pour obtenir la relaxe de deux gilets jaunes verbalis\u00e9s par la police le 11\u00a0mai 2020, premier jour du d\u00e9confinement, lorsque le mouvement avait repris le rond-point.<\/p>\n<p>\u00ab\u00a0La libert\u00e9 d\u2019expression se restreint mais heureusement, il reste la justice\u00a0\u00bb, constatait-il alors.<\/p>\n<p>Il \u00e9tait aussi mobilis\u00e9 pour la d\u00e9fense des services publics, bataillant d\u00e8s 2005 pour ne pas voir dispara\u00eetre le coll\u00e8ge Clemenceau, son quartier, mais aussi pour d\u00e9fendre le projet de jardin public le long de l\u2019avenue \u00e9ponyme, la ligne 5 du tramway\u2026<\/p>\n<p>Un ardent d\u00e9fenseur du droit du travail<\/p>\n<p>Richard Abauzit fut surtout un ardent d\u00e9fenseur du droit du travail. Il fut co-auteur avec G\u00e9rard Filoche inspecteur du travail (lui l\u2019\u00e9tait \u00e9galement) de Comment r\u00e9sister aux lois Macron El Khomri et compagnie, un livre de d\u00e9fense du Code du travail.<\/p>\n<p>Tous ces combats, il les a men\u00e9s avec la conviction que la non-violence et l\u2019humour pouvaient vaincre toutes les forces brutales et la b\u00eatise\u00a0; notamment avec nombre de chansons d\u00e9tourn\u00e9es.<\/p>\n<p>Et lorsqu\u2019il ne se retrouvait pas au c\u0153ur d\u2019une lutte sociale, Richard Abauzit se mettait \u00e0 l\u2019eau. S\u2019entra\u00eenant pour r\u00e9ussir \u00e0 traverser l\u2019\u00e9tang de Berre (Bouches-du-Rh\u00f4ne) \u00e0 la nage.<\/p>\n","protected":false},"excerpt":{"rendered":"Cet ancien enseignant, tr\u00e8s attach\u00e9 \u00e0 la justice sociale, s\u2019est \u00e9teint \u00e0 l\u2019\u00e2ge de 76 ans. Ceux qui&hellip;\n","protected":false},"author":2,"featured_media":567058,"comment_status":"","ping_status":"","sticky":false,"template":"","format":"standard","meta":{"footnotes":""},"categories":[9599],"tags":[1111,11,1777,674,1011,27,2208,12,2680,25],"class_list":{"0":"post-567057","1":"post","2":"type-post","3":"status-publish","4":"format-standard","5":"has-post-thumbnail","7":"category-montpellier","8":"tag-actu","9":"tag-actualites","10":"tag-eu","11":"tag-europe","12":"tag-fr","13":"tag-france","14":"tag-montpellier","15":"tag-news","16":"tag-occitanie","17":"tag-republique-francaise"},"share_on_mastodon":{"url":"https:\/\/pubeurope.com\/@fr\/115634087262442657","error":""},"_links":{"self":[{"href":"https:\/\/www.europesays.com\/fr\/wp-json\/wp\/v2\/posts\/567057","targetHints":{"allow":["GET"]}}],"collection":[{"href":"https:\/\/www.europesays.com\/fr\/wp-json\/wp\/v2\/posts"}],"about":[{"href":"https:\/\/www.europesays.com\/fr\/wp-json\/wp\/v2\/types\/post"}],"author":[{"embeddable":true,"href":"https:\/\/www.europesays.com\/fr\/wp-json\/wp\/v2\/users\/2"}],"replies":[{"embeddable":true,"href":"https:\/\/www.europesays.com\/fr\/wp-json\/wp\/v2\/comments?post=567057"}],"version-history":[{"count":0,"href":"https:\/\/www.europesays.com\/fr\/wp-json\/wp\/v2\/posts\/567057\/revisions"}],"wp:featuredmedia":[{"embeddable":true,"href":"https:\/\/www.europesays.com\/fr\/wp-json\/wp\/v2\/media\/567058"}],"wp:attachment":[{"href":"https:\/\/www.europesays.com\/fr\/wp-json\/wp\/v2\/media?parent=567057"}],"wp:term":[{"taxonomy":"category","embeddable":true,"href":"https:\/\/www.europesays.com\/fr\/wp-json\/wp\/v2\/categories?post=567057"},{"taxonomy":"post_tag","embeddable":true,"href":"https:\/\/www.europesays.com\/fr\/wp-json\/wp\/v2\/tags?post=567057"}],"curies":[{"name":"wp","href":"https:\/\/api.w.org\/{rel}","templated":true}]}}