{"id":567061,"date":"2025-11-29T17:09:20","date_gmt":"2025-11-29T17:09:20","guid":{"rendered":"https:\/\/www.europesays.com\/fr\/567061\/"},"modified":"2025-11-29T17:09:20","modified_gmt":"2025-11-29T17:09:20","slug":"a-rouen-les-passionnes-dequitation-ont-desormais-leur-boutique-dequipement","status":"publish","type":"post","link":"https:\/\/www.europesays.com\/fr\/567061\/","title":{"rendered":"\u00c0 Rouen, les passionn\u00e9s d&rsquo;\u00e9quitation ont d\u00e9sormais leur boutique d&rsquo;\u00e9quipement"},"content":{"rendered":"<p>                    Par<br \/>\n        <strong><br \/>\n            <a href=\"https:\/\/actu.fr\/auteur\/lily-dedeye\" title=\"Consulter tous les articles de Lily Dedeye\" target=\"_blank\" rel=\"noopener\">Lily Dedeye<\/a><br \/>\n                    <\/strong><\/p>\n<p>        Publi\u00e9 le<\/p>\n<p>            29 nov. 2025 \u00e0 17h53        <\/p>\n<p><strong>Apr\u00e8s La Baule, Noirmoutier, Boulogne Billancourt, le Mans\u2026<\/strong> Une nouvelle boutique Harcour <a href=\"https:\/\/actu.fr\/76actu\/\" target=\"_blank\" rel=\"noopener\">s\u2019est install\u00e9e \u00e0 Rouen<\/a> le 21 novembre dernier ! Marque sp\u00e9cialis\u00e9e dans les v\u00eatements d\u2019\u00e9quitation et tapis de selle pour chevaux, elle a d\u00e9j\u00e0 attir\u00e9 de nombreux Rouennais ce week-end de Black friday.<\/p>\n<p>Un magasin Harcour pour les adeptes d\u2019\u00e9quitation<\/p>\n<p class=\" wall-content\">\u00ab\u00a0Harcour c\u2019est une grande famille, une grande communaut\u00e9. Il y a m\u00eame un groupe Harcour addict !\u00a0\u00bb, explique Jos\u00e9phine, charg\u00e9e de communication du groupe.<\/p>\n<p><img decoding=\"async\" loading=\"lazy\" src=\"https:\/\/static.actu.fr\/uploads\/2025\/11\/dsc02349-min-960x640.jpg\" alt=\"La nouvelle boutique propose une large gamme de v\u00eatements sportswear, aussi bien pour les cavaliers que pour les autres.\" width=\"960\" height=\"640\"\/>La nouvelle boutique propose une large gamme de v\u00eatements sportswear, aussi bien pour les cavaliers que pour les autres. (\u00a9Photo transmise par Jos\u00e9phine S\u00e9mon)<\/p>\n<p class=\" wall-content\">La marque Harcour est n\u00e9e il y a 10 ans en Sarthe. \u00c0 l\u2019\u00e9poque, les enseignes sp\u00e9cialis\u00e9es dans les v\u00eatements pour cavaliers s<strong>ont peu nombreuses,<\/strong> tr\u00e8s ch\u00e8res ou bien de mauvaise qualit\u00e9. William Benguigui, cavalier passionn\u00e9 et ambitieux, d\u00e9cide de se faire une place sur ce march\u00e9 et cr\u00e9e Harcour. \u00ab\u00a0Il avait cette volont\u00e9 de cr\u00e9er une marque de textiles de qualit\u00e9, \u00e0 des prix accessibles \u00e0 tous\u00a0\u00bb, explique Jos\u00e9phine.\u00a0<\/p>\n<p class=\" wall-content\">William Benguigui ouvre sa premi\u00e8re boutique au Mans. Face au succ\u00e8s de la marque, six autres voient rapidement le jour. On y trouve t-shirts, pulls, polos, manteaux, vestes sans manches, pantalon d\u2019\u00e9quitation. Il y en a pour tout le monde\u2026 et m\u00eame pour les chevaux !<br \/>\u00ab\u00a0Harcour est une marque de textiles, on propose aussi bien des v\u00eatements que des tapis de selle par exemple.\u00a0\u00bb\u00a0<\/p>\n<p>Vid\u00e9os : en ce moment sur Actu<\/p>\n<blockquote class=\"ac-article-quote wall-content\">\n<p>L&rsquo;identit\u00e9 d&rsquo;Harcour, ce sont des produits sportswear, confortables et \u00e9l\u00e9gants. On essaie d&rsquo;apporter la technicit\u00e9 du monde du cheval \u00e0 la vie de tous les jours. C&rsquo;est cette DA qui nous a d\u00e9marqu\u00e9 et a fait la renomm\u00e9e de la marque. <\/p>\n<p>    <strong>Jos\u00e9phine S\u00e9mon<\/strong><br \/>\n        Charg\u00e9e de communication chez Harcour    <\/p><\/blockquote>\n<p class=\" wall-content\">Les tarifs restent abordables, et la qualit\u00e9 tr\u00e8s contr\u00f4l\u00e9e. \u00ab\u00a0C\u2019\u00e9tait la volont\u00e9 de William Benguigui de faire r\u00eaver, tout en restant accessible \u00e0 tous en terme de prix\u00a0\u00bb. Les produits sont \u00ab\u00a0design\u00e9s\u00a0\u00bb en France mais fabriqu\u00e9s en Chine. \u00ab\u00a0Il y a un double contr\u00f4le qualit\u00e9 effectu\u00e9 sur place par des employ\u00e9s Harcour\u00a0\u00bb. En terme de tarif, <strong>comptez 69 euros pour un tapis de selle, 89 euros pour un polo et 150 euros pour un pantalon d\u2019\u00e9quitation.<\/strong> \u00ab\u00a0Cela reste un budget mais les tarifs de nos concurrents varient du simple au double\u00a0\u00bb, explique Jos\u00e9phine.<\/p>\n<p>Votre r\u00e9gion, votre actu !<\/p>\n<p>Recevez chaque jour les infos qui comptent pour vous.<\/p>\n<p>\t<a href=\"https:\/\/actu.fr\/newsletter\" class=\"ac-btn ac-btn--corner ac-btn--medium ac-btn--blue800\" target=\"_blank\" rel=\"noopener\">S&rsquo;incrire<\/a><\/p>\n<blockquote class=\"ac-article-quote wall-content\">\n<p>Nos clients nous disent souvent qu&rsquo;on a un tr\u00e8s bon rapport qualit\u00e9 prix.<\/p>\n<p>    <strong>Jos\u00e9phine S\u00e9mon<\/strong><br \/>\n        Charg\u00e9e de communication chez Harcour    <\/p><\/blockquote>\n<p><img decoding=\"async\" loading=\"lazy\" src=\"https:\/\/www.europesays.com\/fr\/wp-content\/uploads\/2025\/11\/dsc02333-min-960x640.jpg\" alt=\"L'ADN de la marque : \u00e9l\u00e9gant et confortable.\" width=\"960\" height=\"640\"\/>L\u2019ADN de la marque : \u00e9l\u00e9gant et confortable. (\u00a9Photo transmise par Jos\u00e9phine S\u00e9mon)Plus qu\u2019une marque : un r\u00e9seau de passionn\u00e9s<\/p>\n<p class=\" wall-content\">Au fil des ann\u00e9es, Harcour continue d\u2019asseoir sa l\u00e9gitimit\u00e9. La marque fait les salons, notamment le r\u00e9put\u00e9 Equita Lyon. En 2021, ils deviennent m\u00eame les partenaires officiels de la F\u00e9d\u00e9ration Fran\u00e7aise d\u2019\u00c9quitation. \u00ab\u00a0On a remport\u00e9 l\u2019appel d\u2019offres de la FFE. Et on a commenc\u00e9 \u00e0 habiller les \u00e9quipes de France d\u2019\u00e9quitation. On a suivi leur cahier des charges en cr\u00e9ant une veste bleue avec un coq pour tous les cavaliers.\u00a0\u00bb Depuis 2021, Harcour a remport\u00e9 tous les ans l\u2019appel \u00e0 projets.\u00a0<\/p>\n<p class=\" wall-content\">Pour fid\u00e9liser toujours plus sa client\u00e8le, Harcour organise des \u00e9v\u00e9nements, et est au petit soin pour ses clients. \u00ab\u00a0R\u00e9cemment nous avons permis \u00e0 27 cavaliers, fid\u00e8les clients de la marque, d\u2019\u00eatre coach\u00e9s pendant 4 jours par les Ecuyers du cadre noir. C\u2019est assez exceptionnel, ce n\u2019est pas accessible comme cela normalement.\u00a0\u00bb<\/p>\n<p class=\" wall-content\">Ainsi, la marque attire toujours plus de passionn\u00e9s et au fur et \u00e0 mesure, de plus en plus de boutiques ouvrent en France. Rouen est la 8\u00e8me et d\u2019ici la fin de l\u2019ann\u00e9e plusieurs autres devraient voir le jour (Harcour Rennes, Harcour Fontainebleau, Harcour Angers). \u00ab\u00a0Pour la petite anecdote, Harcour est n\u00e9 dans un garage, nous avons ensuite beaucoup d\u00e9m\u00e9nag\u00e9 et il y a quelques jours seulement, nous avons fini de construire notre local. Nous allons pouvoir nous installer dans des bureaux \u00e0 l\u2019image de la marque\u00a0\u00bb, finit Jos\u00e9phine S\u00e9mon.<\/p>\n<p>Suivez l\u2019actualit\u00e9 de Rouen <a href=\"https:\/\/www.whatsapp.com\/channel\/0029VaKfnf99hXF2ddApFB1D\" target=\"_blank\" rel=\"noopener\">sur notre cha\u00eene WhatsApp<\/a> et <a href=\"https:\/\/www.tiktok.com\/@76actu.fr?lang=fr\" target=\"_blank\" rel=\"noopener\">sur notre compte TikTok<\/a><\/p>\n<p class=\" wall-content\">Personnalisez votre actualit\u00e9 en ajoutant vos villes et m\u00e9dias en favori avec <a href=\"https:\/\/moncompte.actu.fr\" title=\"D\u00e9couvez Mon Actu\" rel=\"nofollow noopener\" data-trk=\"{&quot;cta&quot;:{&quot;action&quot;:&quot;https:\\\/\\\/moncompte.actu.fr&quot;,&quot;category&quot;:&quot;mon compte&quot;,&quot;from&quot;:&quot;article footer&quot;,&quot;name&quot;:&quot;Mon actu&quot;,&quot;type&quot;:&quot;cta&quot;}}\" target=\"_blank\">Mon Actu<\/a>.<\/p>\n<p>                    <script async src=\"\/\/www.tiktok.com\/embed.js\"><\/script><\/p>\n","protected":false},"excerpt":{"rendered":"Par Lily Dedeye Publi\u00e9 le 29 nov. 2025 \u00e0 17h53 Apr\u00e8s La Baule, Noirmoutier, Boulogne Billancourt, le Mans\u2026&hellip;\n","protected":false},"author":2,"featured_media":567062,"comment_status":"","ping_status":"","sticky":false,"template":"","format":"standard","meta":{"footnotes":""},"categories":[9587],"tags":[1111,11,9086,215,10869,1777,674,1011,27,1652,12,5161,25,9590],"class_list":{"0":"post-567061","1":"post","2":"type-post","3":"status-publish","4":"format-standard","5":"has-post-thumbnail","7":"category-rouen","8":"tag-actu","9":"tag-actualites","10":"tag-bon-plan-a-rouen","11":"tag-commerce","12":"tag-equitation","13":"tag-eu","14":"tag-europe","15":"tag-fr","16":"tag-france","17":"tag-loisirs-culture","18":"tag-news","19":"tag-normandie","20":"tag-republique-francaise","21":"tag-rouen"},"share_on_mastodon":{"url":"https:\/\/pubeurope.com\/@fr\/115634096421506166","error":""},"_links":{"self":[{"href":"https:\/\/www.europesays.com\/fr\/wp-json\/wp\/v2\/posts\/567061","targetHints":{"allow":["GET"]}}],"collection":[{"href":"https:\/\/www.europesays.com\/fr\/wp-json\/wp\/v2\/posts"}],"about":[{"href":"https:\/\/www.europesays.com\/fr\/wp-json\/wp\/v2\/types\/post"}],"author":[{"embeddable":true,"href":"https:\/\/www.europesays.com\/fr\/wp-json\/wp\/v2\/users\/2"}],"replies":[{"embeddable":true,"href":"https:\/\/www.europesays.com\/fr\/wp-json\/wp\/v2\/comments?post=567061"}],"version-history":[{"count":0,"href":"https:\/\/www.europesays.com\/fr\/wp-json\/wp\/v2\/posts\/567061\/revisions"}],"wp:featuredmedia":[{"embeddable":true,"href":"https:\/\/www.europesays.com\/fr\/wp-json\/wp\/v2\/media\/567062"}],"wp:attachment":[{"href":"https:\/\/www.europesays.com\/fr\/wp-json\/wp\/v2\/media?parent=567061"}],"wp:term":[{"taxonomy":"category","embeddable":true,"href":"https:\/\/www.europesays.com\/fr\/wp-json\/wp\/v2\/categories?post=567061"},{"taxonomy":"post_tag","embeddable":true,"href":"https:\/\/www.europesays.com\/fr\/wp-json\/wp\/v2\/tags?post=567061"}],"curies":[{"name":"wp","href":"https:\/\/api.w.org\/{rel}","templated":true}]}}