{"id":567063,"date":"2025-11-29T17:10:15","date_gmt":"2025-11-29T17:10:15","guid":{"rendered":"https:\/\/www.europesays.com\/fr\/567063\/"},"modified":"2025-11-29T17:10:15","modified_gmt":"2025-11-29T17:10:15","slug":"gregoire-houdan-candidat-du-rn-veut-mettre-fin-au-regne-des-socialistes","status":"publish","type":"post","link":"https:\/\/www.europesays.com\/fr\/567063\/","title":{"rendered":"Gr\u00e9goire Houdan, candidat du RN, veut \u00ab mettre fin au r\u00e8gne des socialistes \u00bb"},"content":{"rendered":"<p>                    Par<br \/>\n        <strong><br \/>\n            <a href=\"https:\/\/actu.fr\/auteur\/yann-rivallan\" title=\"Consulter tous les articles de Yann Rivallan\" target=\"_blank\" rel=\"noopener\">Yann Rivallan<\/a><br \/>\n                    <\/strong><\/p>\n<p>        Publi\u00e9 le<\/p>\n<p>            29 nov. 2025 \u00e0 17h15        <\/p>\n<p>Il \u00e9tait pressenti dans ce r\u00f4le. Gr\u00e9goire Houdan sera la <strong>t\u00eate de liste du Rassemblement National<\/strong> \u00e0 <a href=\"https:\/\/actu.fr\/normandie\/rouen_76540\" target=\"_blank\" rel=\"noopener\">Rouen<\/a> pour les \u00e9lections municipales de mars\u00a02026. Une liste d\u2019union entre le parti d\u2019extr\u00eame droite et celui d\u2019\u00c9ric Ciotti\u2009: l\u2019Union des Droites pour la R\u00e9publique. Le militant du RN entend mener cette campagne pour \u00ab\u2009mettre fin <strong>au r\u00e8gne des socialistes\u2009\u00bb<\/strong> dans la ville aux cent clochers.<\/p>\n<p>\u00ab\u2009Un \u00e9lectrochoc d\u2019autorit\u00e9\u2009\u00bb<\/p>\n<p class=\" wall-content\">Sans avoir encore d\u00e9voil\u00e9 son programme ou ses principales propositions, Gr\u00e9goire Houdan explique vouloir s\u2019adresser aux Rouennais qui \u00ab\u2009veulent <strong>un \u00e9lectrochoc d\u2019autorit\u00e9<\/strong> et qui veulent remettre de l\u2019ordre dans les finances de la Ville\u2009\u00bb.<\/p>\n<p class=\" wall-content\">Sans grande surprise, <strong>la s\u00e9curit\u00e9<\/strong> sera l\u2019une des priorit\u00e9s de cette liste.<\/p>\n<p>Qui est Gr\u00e9goire Houdan\u2009?<\/p>\n<p class=\" wall-content\">\u00c2g\u00e9 de <strong>24\u00a0ans<\/strong>, Gr\u00e9goire Houdan est encore un n\u00e9ophyte en politique. Colistier de Jean-Louis Louvel \u2014 candidat alors soutenu par le camp pr\u00e9sidentiel \u2014 lors des \u00e9lections municipales 2020, il a depuis rejoint le parti de Marine Le\u00a0Pen.<\/p>\n<p class=\" wall-content\">D\u00e9l\u00e9gu\u00e9 d\u00e9partemental adjoint du RN en Seine-Maritime, il avait \u00e9t\u00e9 <a href=\"https:\/\/actu.fr\/normandie\/rouen_76540\/legislatives-2024-les-resultats-dans-la-premiere-circonscription-de-la-seine-maritime_61304360.html\" target=\"_blank\" rel=\"noopener\">candidat aux \u00e9lections l\u00e9gislatives<\/a> anticip\u00e9es de 2024 \u00ab\u2009dans une circonscription o\u00f9 on m\u2019expliquait qu\u2019il ne fallait peut-\u00eatre pas se pr\u00e9senter, peut-\u00eatre que j\u2019\u00e9tais trop jeune et peut-\u00eatre qu\u2019il fallait laisser la place\u2009\u00bb.<\/p>\n<p>Vid\u00e9os : en ce moment sur Actu<\/p>\n<p class=\" wall-content\">\n<p class=\" wall-content\">Mais finalement, Gr\u00e9goire Houdan avait fait un score qu\u2019il qualifie <strong>\u00ab\u2009d\u2019historique\u2009\u00bb, en r\u00e9coltant 20\u2009%<\/strong> des voix. Il \u00e9tait arriv\u00e9 en troisi\u00e8me position derri\u00e8re la d\u00e9put\u00e9e Florence H\u00e9rouin-L\u00e9autey (PS) et le d\u00e9put\u00e9 sortant Damien Adam (Ensemble\u2009!).<\/p>\n<p>\u00abJe suis n\u00e9 \u00e0 Rouen\u2009\u00bb<\/p>\n<p class=\" wall-content\">C\u2019est fort de cette exp\u00e9rience et de ce r\u00e9sultat que le jeune homme se lance aujourd\u2019hui dans la course aux municipales \u00e0 Rouen. Une ville qu\u2019il assure bien conna\u00eetre.<\/p>\n<p>Votre r\u00e9gion, votre actu !<\/p>\n<p>Recevez chaque jour les infos qui comptent pour vous.<\/p>\n<p>\t<a href=\"https:\/\/actu.fr\/newsletter\" class=\"ac-btn ac-btn--corner ac-btn--medium ac-btn--blue800\" target=\"_blank\" rel=\"noopener\">S&rsquo;incrire<\/a><\/p>\n<blockquote class=\"ac-article-quote wall-content\">\n<p>Je suis n\u00e9 \u00e0 Rouen, j&rsquo;y ai grandi, j&rsquo;y ai fait mes \u00e9tudes, j&rsquo;y travaille aujourd&rsquo;hui et j&rsquo;y vis.<\/p>\n<p>    <strong>Gr\u00e9goire Houdan<\/strong><br \/>\n        Candidat du RN aux municipales 2026 \u00e0 Rouen    <\/p><\/blockquote>\n<p class=\" wall-content\">Il explique avoir vu \u00ab\u2009la ville s\u2019effondrer progressivement \u00e0 tous les niveaux\u2009\u00bb depuis plusieurs ann\u00e9es et esp\u00e8re faire le meilleur r\u00e9sultat possible lors du scrutin de mars pour renverser la tendance.<\/p>\n<p class=\" wall-content\"><strong>Avec Fabien Massin<\/strong><\/p>\n<p>Suivez l\u2019actualit\u00e9 de Rouen sur <a href=\"https:\/\/www.whatsapp.com\/channel\/0029VaKfnf99hXF2ddApFB1D\" target=\"_blank\" rel=\"noopener\">notre cha\u00eene WhatsApp<\/a> et sur <a href=\"https:\/\/www.tiktok.com\/@76actu.fr?lang=fr\" target=\"_blank\" rel=\"noopener\">notre compte TikTok<\/a><\/p>\n<p class=\" wall-content\">Personnalisez votre actualit\u00e9 en ajoutant vos villes et m\u00e9dias en favori avec <a href=\"https:\/\/moncompte.actu.fr\" title=\"D\u00e9couvez Mon Actu\" rel=\"nofollow noopener\" data-trk=\"{&quot;cta&quot;:{&quot;action&quot;:&quot;https:\\\/\\\/moncompte.actu.fr&quot;,&quot;category&quot;:&quot;mon compte&quot;,&quot;from&quot;:&quot;article footer&quot;,&quot;name&quot;:&quot;Mon actu&quot;,&quot;type&quot;:&quot;cta&quot;}}\" target=\"_blank\">Mon Actu<\/a>.<\/p>\n<p>                    <script async src=\"\/\/www.tiktok.com\/embed.js\"><\/script><\/p>\n","protected":false},"excerpt":{"rendered":"Par Yann Rivallan Publi\u00e9 le 29 nov. 2025 \u00e0 17h15 Il \u00e9tait pressenti dans ce r\u00f4le. Gr\u00e9goire Houdan&hellip;\n","protected":false},"author":2,"featured_media":567064,"comment_status":"","ping_status":"","sticky":false,"template":"","format":"standard","meta":{"footnotes":""},"categories":[9587],"tags":[1111,11,4188,1777,674,1011,27,3434,12,5161,316,2556,25,9590],"class_list":{"0":"post-567063","1":"post","2":"type-post","3":"status-publish","4":"format-standard","5":"has-post-thumbnail","7":"category-rouen","8":"tag-actu","9":"tag-actualites","10":"tag-elections-municipales","11":"tag-eu","12":"tag-europe","13":"tag-fr","14":"tag-france","15":"tag-municipales-2026","16":"tag-news","17":"tag-normandie","18":"tag-politique","19":"tag-rassemblement-national-rn","20":"tag-republique-francaise","21":"tag-rouen"},"share_on_mastodon":{"url":"https:\/\/pubeurope.com\/@fr\/115634098963836442","error":""},"_links":{"self":[{"href":"https:\/\/www.europesays.com\/fr\/wp-json\/wp\/v2\/posts\/567063","targetHints":{"allow":["GET"]}}],"collection":[{"href":"https:\/\/www.europesays.com\/fr\/wp-json\/wp\/v2\/posts"}],"about":[{"href":"https:\/\/www.europesays.com\/fr\/wp-json\/wp\/v2\/types\/post"}],"author":[{"embeddable":true,"href":"https:\/\/www.europesays.com\/fr\/wp-json\/wp\/v2\/users\/2"}],"replies":[{"embeddable":true,"href":"https:\/\/www.europesays.com\/fr\/wp-json\/wp\/v2\/comments?post=567063"}],"version-history":[{"count":0,"href":"https:\/\/www.europesays.com\/fr\/wp-json\/wp\/v2\/posts\/567063\/revisions"}],"wp:featuredmedia":[{"embeddable":true,"href":"https:\/\/www.europesays.com\/fr\/wp-json\/wp\/v2\/media\/567064"}],"wp:attachment":[{"href":"https:\/\/www.europesays.com\/fr\/wp-json\/wp\/v2\/media?parent=567063"}],"wp:term":[{"taxonomy":"category","embeddable":true,"href":"https:\/\/www.europesays.com\/fr\/wp-json\/wp\/v2\/categories?post=567063"},{"taxonomy":"post_tag","embeddable":true,"href":"https:\/\/www.europesays.com\/fr\/wp-json\/wp\/v2\/tags?post=567063"}],"curies":[{"name":"wp","href":"https:\/\/api.w.org\/{rel}","templated":true}]}}