{"id":567069,"date":"2025-11-29T17:13:21","date_gmt":"2025-11-29T17:13:21","guid":{"rendered":"https:\/\/www.europesays.com\/fr\/567069\/"},"modified":"2025-11-29T17:13:21","modified_gmt":"2025-11-29T17:13:21","slug":"cetait-un-violent-feu-dappartement-des-pompiers-rennais-mis-a-lhonneur-apres-le-sauvetage-dune-victime","status":"publish","type":"post","link":"https:\/\/www.europesays.com\/fr\/567069\/","title":{"rendered":"\u00ab\u00a0C\u2019\u00e9tait un violent feu d\u2019appartement\u00a0\u00bb\u00a0: des pompiers rennais mis \u00e0 l\u2019honneur apr\u00e8s le sauvetage d\u2019une victime"},"content":{"rendered":"<p>Le rassemblement pour f\u00eater la sainte patronne des sapeurs pompiers s\u2019est d\u00e9roul\u00e9 cette ann\u00e9e dans la cour du centre de secours situ\u00e9 dans le quartier Baud Chardonnais. La c\u00e9r\u00e9monie annuelle permet ainsi de saluer l\u2019engagement des 392 hommes et femmes (284 professionnels et 108 volontaires) qui veillent \u00e0 la s\u00e9curit\u00e9 des habitants de l\u2019agglom\u00e9ration rennaise. L\u2019ensemble de ces effectifs, r\u00e9partis dans les trois centres d\u2019incendie et de secours de Beauregard, du Blosne et du centre, ont ainsi r\u00e9alis\u00e9 en un an 19 314 interventions (du 1er octobre 2024 au 30 septembre 2025), dont 69,21 % relatives \u00e0 des secours \u00e0 personnes, 11,76 % \u00e0 des incendies, 9,13 % \u00e0 des secours routiers et 9,90 % pour d\u2019autres op\u00e9rations. L\u2019activit\u00e9 des centres de secours de Rennes a ainsi progress\u00e9 de 5,70 % par rapport \u00e0 l\u2019ann\u00e9e pr\u00e9c\u00e9dente. Parmi les interventions les plus marquantes on peut notamment rappeler l\u2019incendie au Bowling du centre Alma le 20 janvier 2025, qui avait mobilis\u00e9 70 pompiers, ou encore le feu sur un site industriel de Saint-Jacques-de-la-Lande le 26 janvier 2025. Plus largement les effectifs avaient aussi \u00e9t\u00e9 d\u00e9clench\u00e9s, pour un feu de for\u00eat \u00e0 Saint-Aubin-du-Cormier le 16 avril 2025 o\u00f9 jusqu\u2018\u00e0 150 pompiers et 40 engins avaient \u00e9t\u00e9 engag\u00e9s ou sur le feu de for\u00eat de Paimpont le 17 juillet dernier.<\/p>\n<p><img decoding=\"async\" src=\"https:\/\/www.europesays.com\/fr\/wp-content\/uploads\/2025\/11\/692b0d0a4da7f83a7d0cac73.1.jpeg\" width=\"480\" height=\"300\" class=\"web_golden_m\" loading=\"lazy\" alt=\"Le rassemblement pour f\u00eater la sainte patronne des sapeurs pompiers s\u2019est d\u00e9roul\u00e9 cette ann\u00e9e dans la cour du centre de secours situ\u00e9 dans le quartier Baud Chardonnais.\"\/>Le rassemblement pour f\u00eater la sainte patronne des sapeurs pompiers s\u2019est d\u00e9roul\u00e9 cette ann\u00e9e dans la cour du centre de secours situ\u00e9 dans le quartier Baud Chardonnais. (Le T\u00e9l\u00e9gramme\/Erwan Miloux)\u00ab Les flammes sortaient par les fen\u00eatres \u00bb<\/p>\n<p>Des interventions au cours desquels l\u2019engagement des pompiers se concr\u00e9tise quotidiennement sur le terrain. Ce fut notamment le cas le 27 janvier dernier, vers 4 h, lors d\u2019un incendie dans un immeuble de quatre \u00e9tages du square Charles Dullin \u00e0 Rennes. \u00ab C\u2019\u00e9tait un violent feu d\u2019appartement \u00bb se rappelle l\u2019adjudant-chef Xavier Maz\u00e9, le chef de fourgon cette nuit-l\u00e0 : \u00ab C\u2019\u00e9tait une journ\u00e9e de fou car on \u00e9tait \u00e9galement intervenus sur un feu d\u2019entrep\u00f4t au cours de la journ\u00e9e \u00e0 Saint-Jacques-de-la-Lande. Quand on est arriv\u00e9s les flammes sortaient par les fen\u00eatres d\u2019un appartement du premier \u00e9tage. On avait la notion d\u2019une personne \u00e0 l\u2019int\u00e9rieur \u00bb. Rapidement les deux bin\u00f4mes pr\u00e9sents avec lui s\u2019activent pour porter secours \u00e0 la victime, un homme \u00e2g\u00e9 de 52 ans. \u00ab On a forc\u00e9 la porte. On est entr\u00e9s en premier avec la lance. La premi\u00e8re chambre \u00e9tait compl\u00e8tement embras\u00e9e et le feu se propageait \u00e0 la seconde. Lors des reconnaissances on a rapidement trouv\u00e9 la victime r\u00e9fugi\u00e9e dans la cuisine \u00bb d\u00e9taillent le caporal-chef Alexandre Le Squer et le caporal Alexandre Pambouc.<\/p>\n<p><img decoding=\"async\" src=\"https:\/\/www.europesays.com\/fr\/wp-content\/uploads\/2025\/11\/692b0d09bc4f06a17205a750.1.jpeg\" width=\"480\" height=\"300\" class=\"web_golden_m\" loading=\"lazy\" alt=\"\u00ab\u00a0\u00c7a r\u00e9compense un travail collectif. C\u2019est aussi une fiert\u00e9 car on a r\u00e9ussi ce pour quoi on s\u2019est engag\u00e9s\u00a0\u00bb soulignent les quatre pompiers r\u00e9compens\u00e9s par le directeur de cabinet du pr\u00e9fet d\u2019Ille-et-Vilaine et de la r\u00e9gion Bretagne Gabriel Morin.\"\/>\u00ab\u00a0\u00c7a r\u00e9compense un travail collectif. C\u2019est aussi une fiert\u00e9 car on a r\u00e9ussi ce pour quoi on s\u2019est engag\u00e9s\u00a0\u00bb soulignent les quatre pompiers r\u00e9compens\u00e9s par le directeur de cabinet du pr\u00e9fet d\u2019Ille-et-Vilaine et de la r\u00e9gion Bretagne Gabriel Morin. (Le T\u00e9l\u00e9gramme\/Erwan Miloux)\u00ab La victime paniqu\u00e9e, accroch\u00e9e \u00e0 son r\u00e9frig\u00e9rateur \u00bb<\/p>\n<p>\u00ab La victime \u00e9tait totalement paniqu\u00e9e et accroch\u00e9e \u00e0 son r\u00e9frig\u00e9rateur elle ne voulait pas venir avec les pompiers. En l\u2019obligeant \u00e0 les suivre elle partait avec le frigo. \u00bb ajoute l\u2019adjudant-chef. Finalement le second bin\u00f4me, le caporal-chef Vincent Roz\u00e9 et le caporal Lucas Herbel, est \u00e9galement intervenu : \u00ab On \u00e9tait \u00e0 la porte en s\u00e9curit\u00e9 on est rentr\u00e9s pour \u00e9vacuer la personne qui ne voulait toujours pas sortir elle s\u2019accrochait encore dans le couloir \u00bb. Au bout de 5 longues minutes l\u2019homme a pu \u00eatre sauv\u00e9 des flammes. Une intervention pour laquelle les pompiers formant les deux bin\u00f4mes ont \u00e9t\u00e9 r\u00e9compens\u00e9s ce samedi pour acte de courage et de d\u00e9vouement. \u00ab \u00c7a r\u00e9compense un travail collectif. C\u2019est aussi une fiert\u00e9 car on a r\u00e9ussi ce pour quoi on s\u2019est engag\u00e9s \u00bb soulignent les quatre pompiers. \u00c0 noter que sept autres sapeurs-pompiers se sont vus d\u00e9cerner la m\u00e9daille d\u2019honneur pour leurs 30 ann\u00e9es de service.<\/p>\n<p>Au niveau du d\u00e9partement on compte 3 789 pompiers dont 3 141 volontaires et 648 professionnels r\u00e9partis dans 84 centres de secours sur l\u2019ensemble du territoire. En un an, (1er octobre 2024 au 30 septembre 2025), ils ont ainsi r\u00e9alis\u00e9 au total 50 872 interventions soit 6 % de plus que l\u2019ann\u00e9e pr\u00e9c\u00e9dente.<\/p>\n","protected":false},"excerpt":{"rendered":"Le rassemblement pour f\u00eater la sainte patronne des sapeurs pompiers s\u2019est d\u00e9roul\u00e9 cette ann\u00e9e dans la cour du&hellip;\n","protected":false},"author":2,"featured_media":567070,"comment_status":"","ping_status":"","sticky":false,"template":"","format":"standard","meta":{"footnotes":""},"categories":[2821],"tags":[1111,11,829,765,1777,674,1011,27,848,12,584,25],"class_list":{"0":"post-567069","1":"post","2":"type-post","3":"status-publish","4":"format-standard","5":"has-post-thumbnail","7":"category-rennes","8":"tag-actu","9":"tag-actualites","10":"tag-bretagne","11":"tag-en-continu","12":"tag-eu","13":"tag-europe","14":"tag-fr","15":"tag-france","16":"tag-ille-et-vilaine","17":"tag-news","18":"tag-rennes","19":"tag-republique-francaise"},"share_on_mastodon":{"url":"https:\/\/pubeurope.com\/@fr\/115634112619240837","error":""},"_links":{"self":[{"href":"https:\/\/www.europesays.com\/fr\/wp-json\/wp\/v2\/posts\/567069","targetHints":{"allow":["GET"]}}],"collection":[{"href":"https:\/\/www.europesays.com\/fr\/wp-json\/wp\/v2\/posts"}],"about":[{"href":"https:\/\/www.europesays.com\/fr\/wp-json\/wp\/v2\/types\/post"}],"author":[{"embeddable":true,"href":"https:\/\/www.europesays.com\/fr\/wp-json\/wp\/v2\/users\/2"}],"replies":[{"embeddable":true,"href":"https:\/\/www.europesays.com\/fr\/wp-json\/wp\/v2\/comments?post=567069"}],"version-history":[{"count":0,"href":"https:\/\/www.europesays.com\/fr\/wp-json\/wp\/v2\/posts\/567069\/revisions"}],"wp:featuredmedia":[{"embeddable":true,"href":"https:\/\/www.europesays.com\/fr\/wp-json\/wp\/v2\/media\/567070"}],"wp:attachment":[{"href":"https:\/\/www.europesays.com\/fr\/wp-json\/wp\/v2\/media?parent=567069"}],"wp:term":[{"taxonomy":"category","embeddable":true,"href":"https:\/\/www.europesays.com\/fr\/wp-json\/wp\/v2\/categories?post=567069"},{"taxonomy":"post_tag","embeddable":true,"href":"https:\/\/www.europesays.com\/fr\/wp-json\/wp\/v2\/tags?post=567069"}],"curies":[{"name":"wp","href":"https:\/\/api.w.org\/{rel}","templated":true}]}}