{"id":567075,"date":"2025-11-29T17:17:28","date_gmt":"2025-11-29T17:17:28","guid":{"rendered":"https:\/\/www.europesays.com\/fr\/567075\/"},"modified":"2025-11-29T17:17:28","modified_gmt":"2025-11-29T17:17:28","slug":"ligue-1-les-chiffres-cles-de-racing-club-de-strasbourg","status":"publish","type":"post","link":"https:\/\/www.europesays.com\/fr\/567075\/","title":{"rendered":"Ligue 1. Les chiffres-cl\u00e9s de Racing Club de Strasbourg"},"content":{"rendered":"<p>  0<\/p>\n<p>Le Racing n\u2019a remport\u00e9 aucun de ses six derniers matches contre Brest en Ligue 1 (3N, 3D), restant muet lors des trois disput\u00e9s \u00e0 domicile.<\/p>\n<p>1<\/p>\n<p>Brest n\u2019a remport\u00e9 qu\u2019un seul de ses sept derniers matches de Ligue 1 (3N, 3D) mais c\u2019\u00e9tait le dernier en date face \u00e0 Metz (3-2).<\/p>\n<p>2<\/p>\n<p>Les attaquants de Strasbourg Joaquin Panichelli (552) et de Brest Ludovic Ajorque (525) sont les deux joueurs ayant effectu\u00e9 le plus de pressings dans le dernier tiers en Ligue 1 cette saison.<\/p>\n<p>4<\/p>\n<p>Battu \u00e0 Lens le week-end pass\u00e9 (1-0), le Racing s\u2019est toujours impos\u00e9 lors de ses quatre pr\u00e9c\u00e9dents matches suivant une d\u00e9faite en Ligue 1 cette saison.<\/p>\n<p>  6<\/p>\n<p>Le Stade brestois a perdu six de ses huit derniers d\u00e9placements en Ligue 1 (1V, 1N), apr\u00e8s ne s\u2019\u00eatre inclin\u00e9 qu\u2019une seule fois lors des sept pr\u00e9c\u00e9dents (4V, 2N).<\/p>\n<p>12<\/p>\n<p>Le Racing a marqu\u00e9 lors de chacune de ses 12 derni\u00e8res r\u00e9ceptions en Ligue 1 (28 buts), soit depuis un nul 0-0 contre Brest le 23 f\u00e9vrier. Le club strasbourgeois n\u2019a plus fait mieux \u00e0 domicile depuis juillet 1994-janvier 1995 (13).<\/p>\n<p>52<\/p>\n<p>Seul Lille (52 %) affiche un meilleur pourcentage de duels gagn\u00e9s que Strasbourg (51.7 %) et Brest (51.5 %) en Ligue 1 cette saison.<\/p>\n<p>64<\/p>\n<p>Eric Roy effectue son premier changement \u00e0 la 64e minute en moyenne en Ligue\u200a1 cette saison, soit le premier changement moyen le plus tardif.<\/p>\n","protected":false},"excerpt":{"rendered":"0 Le Racing n\u2019a remport\u00e9 aucun de ses six derniers matches contre Brest en Ligue 1 (3N, 3D),&hellip;\n","protected":false},"author":2,"featured_media":567076,"comment_status":"","ping_status":"","sticky":false,"template":"","format":"standard","meta":{"footnotes":""},"categories":[2820],"tags":[1111,11,2649,2880,1777,674,107,63,1011,27,775,12,41281,25,517,640],"class_list":{"0":"post-567075","1":"post","2":"type-post","3":"status-publish","4":"format-standard","5":"has-post-thumbnail","7":"category-strasbourg","8":"tag-actu","9":"tag-actualites","10":"tag-bas-rhin","11":"tag-edition-strasbourg","12":"tag-eu","13":"tag-europe","14":"tag-fil-info","15":"tag-football","16":"tag-fr","17":"tag-france","18":"tag-grand-est","19":"tag-news","20":"tag-racing-club-strasbourg-masculin","21":"tag-republique-francaise","22":"tag-sport","23":"tag-strasbourg"},"share_on_mastodon":{"url":"https:\/\/pubeurope.com\/@fr\/115634126460895598","error":""},"_links":{"self":[{"href":"https:\/\/www.europesays.com\/fr\/wp-json\/wp\/v2\/posts\/567075","targetHints":{"allow":["GET"]}}],"collection":[{"href":"https:\/\/www.europesays.com\/fr\/wp-json\/wp\/v2\/posts"}],"about":[{"href":"https:\/\/www.europesays.com\/fr\/wp-json\/wp\/v2\/types\/post"}],"author":[{"embeddable":true,"href":"https:\/\/www.europesays.com\/fr\/wp-json\/wp\/v2\/users\/2"}],"replies":[{"embeddable":true,"href":"https:\/\/www.europesays.com\/fr\/wp-json\/wp\/v2\/comments?post=567075"}],"version-history":[{"count":0,"href":"https:\/\/www.europesays.com\/fr\/wp-json\/wp\/v2\/posts\/567075\/revisions"}],"wp:featuredmedia":[{"embeddable":true,"href":"https:\/\/www.europesays.com\/fr\/wp-json\/wp\/v2\/media\/567076"}],"wp:attachment":[{"href":"https:\/\/www.europesays.com\/fr\/wp-json\/wp\/v2\/media?parent=567075"}],"wp:term":[{"taxonomy":"category","embeddable":true,"href":"https:\/\/www.europesays.com\/fr\/wp-json\/wp\/v2\/categories?post=567075"},{"taxonomy":"post_tag","embeddable":true,"href":"https:\/\/www.europesays.com\/fr\/wp-json\/wp\/v2\/tags?post=567075"}],"curies":[{"name":"wp","href":"https:\/\/api.w.org\/{rel}","templated":true}]}}