{"id":567077,"date":"2025-11-29T17:18:16","date_gmt":"2025-11-29T17:18:16","guid":{"rendered":"https:\/\/www.europesays.com\/fr\/567077\/"},"modified":"2025-11-29T17:18:16","modified_gmt":"2025-11-29T17:18:16","slug":"photo-michael-kenna-poesie-en-noir-et-blanc","status":"publish","type":"post","link":"https:\/\/www.europesays.com\/fr\/567077\/","title":{"rendered":"PHOTO. Michael Kenna, po\u00e9sie en noir et blanc"},"content":{"rendered":"<p>                    <img loading=\"lazy\" decoding=\"async\" src=\"https:\/\/www.europesays.com\/fr\/wp-content\/uploads\/2025\/11\/8574cab1d17f72d15d6583af6f5d1e.jpg\" class=\"img-responsive post-image\" width=\"680\" height=\"510\" alt=\"PHOTO. Michael Kenna, (\u2026)\" title=\"PHOTO. Michael Kenna, po\u00e9sie en noir et blanc\"\/><\/p>\n<p class=\"chapo\">\u00c0 l\u2019heure de la photo couleur num\u00e9rique instantan\u00e9e, aussi vite prise que consomm\u00e9e et\u2026 oubli\u00e9e, le Britannique Michael Kenna poursuit une \u0153uvre au long cours, en noir et blanc, entam\u00e9e il y a une quarantaine d\u2019ann\u00e9es. Ses clich\u00e9s sont r\u00e9alis\u00e9s en argentique, avec de bonnes vieilles pellicules, et son fid\u00e8le appareil Hasselblad, qu\u2019il prom\u00e8ne depuis ses d\u00e9buts dans de nombreux pays du monde.<\/p>\n<p class=\"texte\">Le Mus\u00e9e de la photo de Nice pr\u00e9sente l\u2019exposition \u00ab\u00a0Constellation\u00a0\u00bb, soit 124 tirages choisis parmi plus de 4 000, qui r\u00e9sument la carri\u00e8re de cet artiste dont la premi\u00e8re qualit\u00e9 est de donner du temps \u2014 ou temps \u2014 pour observer la nature et les villes, pour r\u00e9aliser des photos aussi po\u00e9tiques qu\u2019esth\u00e9tiques. Il a point\u00e9 son objectif sur les paysages industriels du nord de l\u2019Angleterre et de la \u00ab\u00a0ceinture d\u2019acier\u00a0\u00bb de Detroit aux \u00c9tats-Unis, mais aussi (et beaucoup) en France, s\u2019attardant dans les jardins Le N\u00f4tre, et \u00e0 Nice. \u00c0 l\u2019\u00e9vidence, il affectionne aussi Venise et l\u2019Italie, l\u2019Europe, les USA et l\u2019Asie, qui correspond bien \u00e0 sa recherche du zen.<\/p>\n<p>Pass\u00e9 par la publicit\u00e9 \u2013 il faut bien vivre&#8230; \u2013 Kenna n\u2019est jamais aussi pertinent que lorsqu\u2019il photographie la nature. Au Japon comme en Europe ou aux \u00c9tats-Unis, il a rep\u00e9r\u00e9 certains arbres qui, par leur forme et leur position dans l\u2019espace, l\u2019invitent \u00e0 une m\u00e9ditation contemplative. Il les photographie, de jour comme de nuit, en pose ultra longue, par tous les temps et en toutes saisons. Cette fa\u00e7on de faire est toujours exp\u00e9rimentale en argentique (contrairement aux appareils num\u00e9riques, le photographe ne sait pas vraiment ce qu\u2019il a capt\u00e9, il doit attendre le d\u00e9veloppement et le tirage), elle cr\u00e9e des vues tr\u00e8s graphiques qui semblent flotter dans l\u2019espace. Il r\u00e9alise un tr\u00e8s gros travail au laboratoire qui concourt autant que la prise de vue \u00e0 l\u2019aspect de ses photos.<\/p>\n<p>Il suit la m\u00eame d\u00e9marche avec les paysages urbains ou industriels. Il n\u2019y a aucune pr\u00e9sence humaine dans ses clich\u00e9s, dont la douceur allant parfois jusqu\u2019\u00e0 l\u2019\u00e9vanescence nous invite dans son monde sensible.<\/p>\n<p>Le noir et blanc ajoute au myst\u00e8re. Il permet, en effectuant un pas de c\u00f4t\u00e9, d\u2019admirer toute la beaut\u00e9 de ce qui nous entoure, et d\u2019apprendre \u00e0 regarder autrement, car du banal naissent aussi des choses sublimes, comme dans l\u2019objectif de Michael Kenna.<\/p>\n<p>Jusqu\u2019au 25 janvier<\/p>\n<p>Photo de Une\u00a0: \u00a9 Donation Michael Kenna, minist\u00e8re de la Culture, MPP Pont des Arts, Study 1, Paris, France, 1987.<\/p>\n","protected":false},"excerpt":{"rendered":"\u00c0 l\u2019heure de la photo couleur num\u00e9rique instantan\u00e9e, aussi vite prise que consomm\u00e9e et\u2026 oubli\u00e9e, le Britannique Michael&hellip;\n","protected":false},"author":2,"featured_media":567078,"comment_status":"","ping_status":"","sticky":false,"template":"","format":"standard","meta":{"footnotes":""},"categories":[2819],"tags":[1111,11,2408,1777,674,1011,27,12,2401,882,25],"class_list":{"0":"post-567077","1":"post","2":"type-post","3":"status-publish","4":"format-standard","5":"has-post-thumbnail","7":"category-nice","8":"tag-actu","9":"tag-actualites","10":"tag-appels-d","11":"tag-eu","12":"tag-europe","13":"tag-fr","14":"tag-france","15":"tag-news","16":"tag-nice","17":"tag-provence-alpes-cote-dazur","18":"tag-republique-francaise"},"share_on_mastodon":{"url":"https:\/\/pubeurope.com\/@fr\/115634131284517992","error":""},"_links":{"self":[{"href":"https:\/\/www.europesays.com\/fr\/wp-json\/wp\/v2\/posts\/567077","targetHints":{"allow":["GET"]}}],"collection":[{"href":"https:\/\/www.europesays.com\/fr\/wp-json\/wp\/v2\/posts"}],"about":[{"href":"https:\/\/www.europesays.com\/fr\/wp-json\/wp\/v2\/types\/post"}],"author":[{"embeddable":true,"href":"https:\/\/www.europesays.com\/fr\/wp-json\/wp\/v2\/users\/2"}],"replies":[{"embeddable":true,"href":"https:\/\/www.europesays.com\/fr\/wp-json\/wp\/v2\/comments?post=567077"}],"version-history":[{"count":0,"href":"https:\/\/www.europesays.com\/fr\/wp-json\/wp\/v2\/posts\/567077\/revisions"}],"wp:featuredmedia":[{"embeddable":true,"href":"https:\/\/www.europesays.com\/fr\/wp-json\/wp\/v2\/media\/567078"}],"wp:attachment":[{"href":"https:\/\/www.europesays.com\/fr\/wp-json\/wp\/v2\/media?parent=567077"}],"wp:term":[{"taxonomy":"category","embeddable":true,"href":"https:\/\/www.europesays.com\/fr\/wp-json\/wp\/v2\/categories?post=567077"},{"taxonomy":"post_tag","embeddable":true,"href":"https:\/\/www.europesays.com\/fr\/wp-json\/wp\/v2\/tags?post=567077"}],"curies":[{"name":"wp","href":"https:\/\/api.w.org\/{rel}","templated":true}]}}